{"id":180314,"date":"2025-10-16T09:47:08","date_gmt":"2025-10-16T09:47:08","guid":{"rendered":"https:\/\/www.europesays.com\/es\/180314\/"},"modified":"2025-10-16T09:47:08","modified_gmt":"2025-10-16T09:47:08","slug":"la-de-nati-y-jurgen-una-historia-de-amor-hasta-el-final","status":"publish","type":"post","link":"https:\/\/www.europesays.com\/es\/180314\/","title":{"rendered":"La de Nati y Jurgen, una historia de amor hasta el final&#8230;"},"content":{"rendered":"<p>Jurgen Lakal ha vuelto a la cl\u00ednica, en esta ocasi\u00f3n para ser operado de nuevo. Por lo que me cuenta Nati, su mujer, est\u00e1 en la<strong> recta final de su vida<\/strong>. \u00ab<strong>De hecho \u2013a\u00f1ade\u2013 este s\u00e1bado se va a despedir de la familia, cosa que har\u00e1 en nuestra casa. Tambi\u00e9n se despedir\u00e1 de las redes sociales donde tiene muchos seguidores, y el s\u00e1bado de la semana que viene, tambi\u00e9n en casa, se despedir\u00e1 de sus amigos m\u00e1s allegados<\/strong>\u00bb.<\/p>\n<p>A todo esto me lo contaba anteanoche, desde la cl\u00ednica, y lo hac\u00eda con resignaci\u00f3n, asumiendo lo que hay, sin derramar una l\u00e1grima, pues las ha agotado todas.<\/p>\n<p><strong>De mujer famosa&#8230;<\/strong><br \/>A Nati la conozco desde ya ni s\u00e9 cu\u00e1ntos a\u00f1os. Ella tendr\u00eda unos 18, y era muy bella, adem\u00e1s de abierta, extrovertida, siempre alegre, pero muy trabajadora, cosa que hizo durante bastantes a\u00f1os en el hotel Son Vida. Tambi\u00e9n sab\u00eda divertirse, pas\u00e1rselo bien, pues entend\u00eda que si hab\u00eda un tiempo dedicado al trabajo, del resto pod\u00eda disponer a su gusto.<\/p>\n<p>Por una serie de circunstancias pas\u00f3 de ser conocida en Palma, sobre todo por los concursos de belleza que gan\u00f3, a conocida en Espa\u00f1a a ra\u00edz de su noviazgo con <strong>Jesul\u00edn de Ubrique<\/strong>, que desemboc\u00f3 en apariciones casi continuas en los programas de m\u00e1s audiencia de Tele 5 de aquella \u00e9poca, como Cr\u00f3nicas marcianas, entre otros, lo que le supuso convertirse en famosa.<\/p>\n<p>Y una vez en esa situaci\u00f3n, pens\u00f3 en ser actriz, para lo cual se prepar\u00f3, acudiendo a clases, lo cual le dio pie a participar en secuencias de algunas series. En esas estaba, cuando apareci\u00f3 en su vida Jurgen Lacal, que se convertir\u00eda en novio, y con el tiempo en el amor de su vida, tanto que lo dej\u00f3 todo por \u00e9l, ya fuera para lo bueno como para lo no tan bueno.<\/p>\n<p><strong>Esposa entregada<\/strong><br \/>Jurgen, que es pol\u00edglota, estudi\u00f3, con la ayuda de Nati, para ser <strong>traductor en los juzgados<\/strong>, trabajo que ejerci\u00f3 en Palma hasta hace casi ocho a\u00f1os, que fue cuando le detectaron un <strong>c\u00e1ncer de colon<\/strong>, que, si cabe, los uni\u00f3 m\u00e1s. \u00c9l tuvo que dejar el trabajo, y cuanto hac\u00eda, y ella lo dej\u00f3 todo para estar a su lado, para cuidarle, para estar pendiente de \u00e9l.<\/p>\n<p>Durante estos \u00faltimos a\u00f1os, Jurgen ha sufrido numerosas operaciones, tantas que apenas le queda colon, todo por seguir agarrado a la vida, contando siempre con Nati, pues en todo momento estuvo con \u00e9l, ya fuera en la cl\u00ednica, tras la operaci\u00f3n, ya fuera de viaje mientras \u00e9l pudo, viajes que sol\u00edan hacer en una <strong>autocaravana con la que recorrieron gran parte de Espa\u00f1a<\/strong> y algunos territorios allende los Pirineos, con la esperanza de que la ciencia lograr\u00eda el milagro, cosa que no ha sucedido.<\/p>\n<p>Pese a ello, Nati siegue a su lado, d\u00eda y noche, sea en la cl\u00ednica, a la que ha estado visitando a menudo en los \u00faltimos tiempos, unas veces por puro tr\u00e1mite, otras para ser intervenido, como sucedi\u00f3 hace un par de d\u00edas. Es m\u00e1s, Nati tampoco ha dejado de estar a su lado en ning\u00fan momento pese al problema que una ca\u00edda le origin\u00f3 en una de sus rodillas, y que apenas la permite caminar. Le han propuesta que pasara por el quir\u00f3fano, mas ella se ha negado.<\/p>\n<p>\u00ab<strong>Mi deseo es seguir estando a su lado \u2013dice\u2013. Cuando decidimos caminar juntos, decidimos hacerlo en lo bueno y en lo malo, y ahora, y no por obligaci\u00f3n, sino porque as\u00ed lo quiero, es estar con \u00e9l<\/strong>\u00bb, me dec\u00eda anteanoche, desde la cl\u00ednica, de la que se supone saldr\u00e1 hoy para irse a casa, \u00abpues \u00e9l, aunque ya casi no puede moverse y su voz es apenas perceptible, quiere estar en casa\u00bb.<\/p>\n<p>(Yo me descubro ante esta mujer. Y no solo por la capacidad de aguante que tiene, sino, simplemente, por querer estar al lado de la persona que la hecho feliz, y m\u00e1s en momentos como este).<\/p>\n","protected":false},"excerpt":{"rendered":"Jurgen Lakal ha vuelto a la cl\u00ednica, en esta ocasi\u00f3n para ser operado de nuevo. Por lo que&hellip;\n","protected":false},"author":2,"featured_media":180315,"comment_status":"","ping_status":"","sticky":false,"template":"","format":"standard","meta":{"footnotes":""},"categories":[174],"tags":[255,146,147,25,24,256,492,23,2922,1529],"class_list":{"0":"post-180314","1":"post","2":"type-post","3":"status-publish","4":"format-standard","5":"has-post-thumbnail","7":"category-famosos","8":"tag-celebrities","9":"tag-entertainment","10":"tag-entretenimiento","11":"tag-es","12":"tag-espana","13":"tag-famosos","14":"tag-sociedad","15":"tag-spain","16":"tag-tendencias","17":"tag-ultima-hora"},"share_on_mastodon":{"url":"","error":""},"_links":{"self":[{"href":"https:\/\/www.europesays.com\/es\/wp-json\/wp\/v2\/posts\/180314","targetHints":{"allow":["GET"]}}],"collection":[{"href":"https:\/\/www.europesays.com\/es\/wp-json\/wp\/v2\/posts"}],"about":[{"href":"https:\/\/www.europesays.com\/es\/wp-json\/wp\/v2\/types\/post"}],"author":[{"embeddable":true,"href":"https:\/\/www.europesays.com\/es\/wp-json\/wp\/v2\/users\/2"}],"replies":[{"embeddable":true,"href":"https:\/\/www.europesays.com\/es\/wp-json\/wp\/v2\/comments?post=180314"}],"version-history":[{"count":0,"href":"https:\/\/www.europesays.com\/es\/wp-json\/wp\/v2\/posts\/180314\/revisions"}],"wp:featuredmedia":[{"embeddable":true,"href":"https:\/\/www.europesays.com\/es\/wp-json\/wp\/v2\/media\/180315"}],"wp:attachment":[{"href":"https:\/\/www.europesays.com\/es\/wp-json\/wp\/v2\/media?parent=180314"}],"wp:term":[{"taxonomy":"category","embeddable":true,"href":"https:\/\/www.europesays.com\/es\/wp-json\/wp\/v2\/categories?post=180314"},{"taxonomy":"post_tag","embeddable":true,"href":"https:\/\/www.europesays.com\/es\/wp-json\/wp\/v2\/tags?post=180314"}],"curies":[{"name":"wp","href":"https:\/\/api.w.org\/{rel}","templated":true}]}}