{"id":180326,"date":"2025-10-16T09:53:17","date_gmt":"2025-10-16T09:53:17","guid":{"rendered":"https:\/\/www.europesays.com\/es\/180326\/"},"modified":"2025-10-16T09:53:17","modified_gmt":"2025-10-16T09:53:17","slug":"loren-herrera-mejor-espanol-de-su-categoria-en-su-primer-mundial-de-gravel","status":"publish","type":"post","link":"https:\/\/www.europesays.com\/es\/180326\/","title":{"rendered":"Loren Herrera, mejor espa\u00f1ol de su categor\u00eda en su primer Mundial de Gravel"},"content":{"rendered":"<p>El ciclista rinconero acaba con un meritorio 26\u00ba puesto en su categor\u00eda a nivel mundial, siendo adem\u00e1s el quinto mejor espa\u00f1ol absoluto<\/p>\n<p class=\"text-justify\"><img loading=\"lazy\" decoding=\"async\" src=\"https:\/\/www.europesays.com\/es\/wp-content\/uploads\/2025\/10\/623074aa-09ed-4be5-89f3-4687ffe7ba62.jpg\" style=\"float: left; width: 647px; height: 357px; margin: 0px 10px 10px 0px;\" width=\"647\" height=\"357\"\/>Loren Herrera sigue cosechando buenos resultados en una temporada repleta de \u00e9xitos en cuanto a t\u00edtulos y buenos resultados a nivel nacional.\n  <\/p>\n<p class=\"text-justify\">Ahora toca sumar uno m\u00e1s, a nivel internacional, representando a Espa\u00f1a, donde ha participado en el mundial de Gravel en la regi\u00f3n holandesa de Limburgo. Herrera sal\u00eda en el caj\u00f3n principal debido a su tercer puesto cosechado en la pasada Copa del Mundo Gravel en Badajoz en marzo.\n  <\/p>\n<p class=\"text-justify\"><img loading=\"lazy\" decoding=\"async\" src=\"https:\/\/www.europesays.com\/es\/wp-content\/uploads\/2025\/10\/da63c365-2b43-4531-9261-e8e736e04457.jpg\" style=\"float: left; width: 652px; height: 422px; margin: 0px 10px 10px 0px;\" width=\"652\" height=\"422\"\/>En un pelot\u00f3n de m\u00e1s de 1.500 corredores, Loren consigui\u00f3 colocarse en las primeras posiciones desde el inicio, kil\u00f3metro a kil\u00f3metro fue remontando, en un recorrido nada adecuado a sus condiciones como ciclista y donde, a base de paciencia y buena gesti\u00f3n del esfuerzo, tuvo la posibilidad de estar cerca de las primeras posiciones.   <\/p>\n<p class=\"text-justify\">A pesar de todo esto, el ciclista su satisfacci\u00f3n, primero, por haber podido disfrutar de esta experiencia, un regalo a su buena temporada y, sobre todo, por no haber tenido percances f\u00edsicos y mec\u00e1nicos que le hubieran impedido batallar hasta el final.\n  <\/p>\n<p class=\"text-justify\">La temporada de Loren a\u00fan le queda algo m\u00e1s y donde seguro nos dar\u00e1 alguna alegr\u00eda para cerrar un a\u00f1o hist\u00f3rico a nivel deportivo para \u00e9l.\n<\/p>\n<p><img decoding=\"async\" src=\"https:\/\/www.europesays.com\/es\/wp-content\/uploads\/2025\/10\/90f2f864-447d-406c-9503-1ae4d95d113a.jpg\"\/><\/p>\n","protected":false},"excerpt":{"rendered":"El ciclista rinconero acaba con un meritorio 26\u00ba puesto en su categor\u00eda a nivel mundial, siendo adem\u00e1s el&hellip;\n","protected":false},"author":2,"featured_media":180327,"comment_status":"","ping_status":"","sticky":false,"template":"","format":"standard","meta":{"footnotes":""},"categories":[93],"tags":[168,25,24,4828,23,167],"class_list":{"0":"post-180326","1":"post","2":"type-post","3":"status-publish","4":"format-standard","5":"has-post-thumbnail","7":"category-deportes","8":"tag-deportes","9":"tag-es","10":"tag-espana","11":"tag-la-rinconada","12":"tag-spain","13":"tag-sports"},"share_on_mastodon":{"url":"","error":""},"_links":{"self":[{"href":"https:\/\/www.europesays.com\/es\/wp-json\/wp\/v2\/posts\/180326","targetHints":{"allow":["GET"]}}],"collection":[{"href":"https:\/\/www.europesays.com\/es\/wp-json\/wp\/v2\/posts"}],"about":[{"href":"https:\/\/www.europesays.com\/es\/wp-json\/wp\/v2\/types\/post"}],"author":[{"embeddable":true,"href":"https:\/\/www.europesays.com\/es\/wp-json\/wp\/v2\/users\/2"}],"replies":[{"embeddable":true,"href":"https:\/\/www.europesays.com\/es\/wp-json\/wp\/v2\/comments?post=180326"}],"version-history":[{"count":0,"href":"https:\/\/www.europesays.com\/es\/wp-json\/wp\/v2\/posts\/180326\/revisions"}],"wp:featuredmedia":[{"embeddable":true,"href":"https:\/\/www.europesays.com\/es\/wp-json\/wp\/v2\/media\/180327"}],"wp:attachment":[{"href":"https:\/\/www.europesays.com\/es\/wp-json\/wp\/v2\/media?parent=180326"}],"wp:term":[{"taxonomy":"category","embeddable":true,"href":"https:\/\/www.europesays.com\/es\/wp-json\/wp\/v2\/categories?post=180326"},{"taxonomy":"post_tag","embeddable":true,"href":"https:\/\/www.europesays.com\/es\/wp-json\/wp\/v2\/tags?post=180326"}],"curies":[{"name":"wp","href":"https:\/\/api.w.org\/{rel}","templated":true}]}}