{"id":180350,"date":"2025-10-16T10:09:08","date_gmt":"2025-10-16T10:09:08","guid":{"rendered":"https:\/\/www.europesays.com\/es\/180350\/"},"modified":"2025-10-16T10:09:08","modified_gmt":"2025-10-16T10:09:08","slug":"vitor-faverani-sigue-dando-lecciones-a-los-37-anos","status":"publish","type":"post","link":"https:\/\/www.europesays.com\/es\/180350\/","title":{"rendered":"Vitor Faverani sigue dando lecciones a los 37 a\u00f1os"},"content":{"rendered":"<p>La semana pasada fue Alex Barcello. Ma\u00f1ana vuelve otro ilustre jugador que seguro recuerda el aficionado del Gipuzkoa Basket, sobre todo el a\u00f1ejo. Vitor Faverani.  &#8230; Un nombre que nos evoca a deliciosos tiempos pasados. Aunque bien es cierto que hubo una \u00e9poca buena y otra mala para el de Porto Alegre. El brasile\u00f1o de 2,13 de estatura y 37 a\u00f1os, visti\u00f3 la camiseta de aquel m\u00edtico Bruesa Gipuzkoa Basket en la temporada 2007\/08 bajo las \u00f3rdenes de Pablo Laso. Despu\u00e9s regres\u00f3, pero nos quedamos con la miel en los labios. Fue en la temporada 2018\/19, con Valdeolmillos al frente. Faverani lleg\u00f3 con una operaci\u00f3n reciente en la rodilla, era un jugador que sano ser\u00eda imposible reclutarlo en aquel equipo que navegaba con el presupuesto m\u00e1s bajo de la ACB. Se hizo un trabajo tremendo con el internacional con Brasil pero no pudo ser y no lleg\u00f3 a debutar. El equipo descendi\u00f3 en la \u00faltima jornada tras tener vida despu\u00e9s de ganar seis partidos de ocho en el tramo final liguero.<\/p>\n<p class=\"v-p\">Faverani llega ma\u00f1ana con el Cartagena y esa rodilla que nos priv\u00f3 de verle sobre la pista hace siete temporadas parece haber mejorado. Ha estado enrolado en las \u00faltimas campa\u00f1as en el Flamengo y Sao Paulo de su pa\u00eds, donde ha firmado grandes n\u00fameros y parece estar viviendo una segunda juventud. Faverani jug\u00f3 para los Boston Celtics en la NBA. Pocos jugadores de la actual Primera FEB pueden decir que han estado en la mejor liga del Mundo. Vitor, s\u00ed.<\/p>\n<p class=\"v-p\">Sus n\u00fameros actuales a las \u00f3rdenes de F\u00e9lix Alonso en el conjunto cartagenero son muy a tener en cuenta. Promedia 9,3 puntos y 8,7 rebotes por partido en los 21 minutos que pasa sobre la pista. La pasada jornada un triple suyo en el \u00faltimo minuto de encuentro ayud\u00f3 a doblegar al Oviedo, que peleaba por el triunfo en la cancha murciana. No cabe duda de que el que tuvo retuvo, y Faverani sobre todo es un tipo con mucha clase y talento. Eso no se pierde con la edad. Quiz\u00e1 no pueda pasar medio brazo por encima del aro como nos ten\u00eda acostumbrados en el 2007 pero no cabe duda de que hablamos de un jugador con pasado en los Celtics, Valencia, Barcelona \u00f3 Maccabi de Tel Aviv. Ha jugado en la selecci\u00f3n de Brasil, la Euroliga y la NBA. <\/p>\n<p>Hopkins, Doblas, Arteaga<\/p>\n<p class=\"v-p\">Vitor Faverani, Oliver Arteaga, David Doblas -que volvi\u00f3 al club tras no acoplarse al Vive Menorca de la ACB- y Bernard Hopkins. Ese era el juego interior de aquel Bruesa Gipuzkoa Basket de la temporada 2007\/08. Sus primeros d\u00edas en Donostia el brasile\u00f1o los pas\u00f3 a las \u00f3rdenes de Pablo Laso. Ten\u00eda 18 a\u00f1os y lleg\u00f3 cedido por el Unicaja de M\u00e1laga. El GBC hab\u00eda descendido la campa\u00f1a anterior de su primera experiencia en la ACB y mont\u00f3 un equipo liderado por Andy Panko y Bernard Hopkins para volver a la \u00e9lite. Y lo hizo. Logr\u00f3 ascender en la primera final a cuatro de la historia de la LEB Oro disputada en C\u00e1ceres. Faverani promedi\u00f3 5,6 puntos, 2,8 rebotes y un tap\u00f3n por encuentro demostrando que a sus 19 a\u00f1os era un proyecto de jugador m\u00e1s que interesante como despu\u00e9s demostr\u00f3. Se rumore\u00f3 sobre la posibilidad de seguir en el GBC en la Liga Endesa pero finalmente regres\u00f3 a M\u00e1laga donde combin\u00f3 los partidos con el filial malague\u00f1o y el Unicaja en la Liga Endesa. <\/p>\n<p class=\"v-p\">Un paso por Murcia fue el preludio de sus dos exitosas campa\u00f1as en Valencia Basket que le valieron el salto a la mejor liga del Mundo. En 2013 fue fichado por los Boston Celtics con los que lleg\u00f3 a jugar 37 encuentros en la franquicia de Massachussets. Seis a\u00f1os despu\u00e9s de haber dejado su carta de presentaci\u00f3n en el Gipuzkoa Basket, Faverani jugaba para el equipo m\u00e1s laureado de la NBA. <\/p>\n<p class=\"v-p\">El brasile\u00f1o se fue encontrando obst\u00e1culos en modo de lesiones durante sus carreras aunque sus buenas prestaciones le valieron para jugar en el Maccabi y en el Bar\u00e7a. Otra nueva lesi\u00f3n cercen\u00f3 su carrera, volvi\u00f3 a Murcia antes de que fuera anunciado en el verano de 2018 como nuevo jugador del Gipuzkoa Basket.<\/p>\n<p>Esa maldita rodilla<\/p>\n<p class=\"v-p\">Lamentablemente Faverani no se pudo vestir de corto en aquella temporada, ya que la reci\u00e9n operada rodilla no estuvo en el m\u00ednimo preciso para jugar en la ACB. El Gipuzkoa Basket sab\u00eda que la vuelta de Faverani era un fichaje de riesgo. El interior, en \u00f3ptimas condiciones, hubiera sido titular en cualquier equipo de Euroliga en aquel curso 2018\/19. Faverani tuvo una reca\u00edda en el mes de enero que ya cerr\u00f3 cualquier posibilidad de volver a vestir la camiseta del GBC. En aquella temporada ten\u00eda treinta a\u00f1os. Se da la circunstancia de que el actual entrenador de los guipuzcoanos, Sergio Garc\u00eda, era el ayudante de Valdeolmillos en aquella \u00e9poca. Ma\u00f1ana se reencontrar\u00e1 con Faverani en Illunbe.<\/p>\n<p class=\"v-p\">Volvi\u00f3 a Brasil y poco a poco ha ido recuperando sensaciones hasta fichar este verano por Cartagena. \u00abLos a\u00f1os pasan para todos y, con 37 a\u00f1os, no tengo el f\u00edsico de antes pero s\u00ed m\u00e1s experiencia y eso se lo puedo aportar a los j\u00f3venes desde dentro\u00bb, manifest\u00f3 Faverani en su presentaci\u00f3n como jugador cartagenero. \u00abLos \u00faltimos a\u00f1os decid\u00ed quedarme en Brasil porque necesitaba estar cerca de mi familia y as\u00ed estuve cinco a\u00f1os tras abandonar mi casa cuando ten\u00eda 13. Ahora en mis planes est\u00e1 tener un hijo con mi mujer y lo queremos tener en Murcia\u00bb. Faverani dejar\u00e1 gotas de su clase. Dar\u00e1 igual su edad y sus castigadas rodillas. En Donostia lo disfrutamos de lo lindo.<\/p>\n","protected":false},"excerpt":{"rendered":"La semana pasada fue Alex Barcello. Ma\u00f1ana vuelve otro ilustre jugador que seguro recuerda el aficionado del Gipuzkoa&hellip;\n","protected":false},"author":2,"featured_media":180351,"comment_status":"","ping_status":"","sticky":false,"template":"","format":"standard","meta":{"footnotes":""},"categories":[269],"tags":[988,299,298,989,168,25,24,46621,3085,1262,23,167,25741],"class_list":{"0":"post-180350","1":"post","2":"type-post","3":"status-publish","4":"format-standard","5":"has-post-thumbnail","7":"category-baloncesto","8":"tag-anos","9":"tag-baloncesto","10":"tag-basketball","11":"tag-dando","12":"tag-deportes","13":"tag-es","14":"tag-espana","15":"tag-faverani","16":"tag-lecciones","17":"tag-sigue","18":"tag-spain","19":"tag-sports","20":"tag-vitor"},"share_on_mastodon":{"url":"","error":""},"_links":{"self":[{"href":"https:\/\/www.europesays.com\/es\/wp-json\/wp\/v2\/posts\/180350","targetHints":{"allow":["GET"]}}],"collection":[{"href":"https:\/\/www.europesays.com\/es\/wp-json\/wp\/v2\/posts"}],"about":[{"href":"https:\/\/www.europesays.com\/es\/wp-json\/wp\/v2\/types\/post"}],"author":[{"embeddable":true,"href":"https:\/\/www.europesays.com\/es\/wp-json\/wp\/v2\/users\/2"}],"replies":[{"embeddable":true,"href":"https:\/\/www.europesays.com\/es\/wp-json\/wp\/v2\/comments?post=180350"}],"version-history":[{"count":0,"href":"https:\/\/www.europesays.com\/es\/wp-json\/wp\/v2\/posts\/180350\/revisions"}],"wp:featuredmedia":[{"embeddable":true,"href":"https:\/\/www.europesays.com\/es\/wp-json\/wp\/v2\/media\/180351"}],"wp:attachment":[{"href":"https:\/\/www.europesays.com\/es\/wp-json\/wp\/v2\/media?parent=180350"}],"wp:term":[{"taxonomy":"category","embeddable":true,"href":"https:\/\/www.europesays.com\/es\/wp-json\/wp\/v2\/categories?post=180350"},{"taxonomy":"post_tag","embeddable":true,"href":"https:\/\/www.europesays.com\/es\/wp-json\/wp\/v2\/tags?post=180350"}],"curies":[{"name":"wp","href":"https:\/\/api.w.org\/{rel}","templated":true}]}}