{"id":180354,"date":"2025-10-16T10:11:08","date_gmt":"2025-10-16T10:11:08","guid":{"rendered":"https:\/\/www.europesays.com\/es\/180354\/"},"modified":"2025-10-16T10:11:08","modified_gmt":"2025-10-16T10:11:08","slug":"quien-es-nuria-roca-la-mujer-de-juan-del-val-ganador-del-premio-planeta-2025","status":"publish","type":"post","link":"https:\/\/www.europesays.com\/es\/180354\/","title":{"rendered":"Qui\u00e9n es Nuria Roca, la mujer de Juan del Val, ganador del Premio Planeta 2025"},"content":{"rendered":"<p class=\"paragraph\"><a href=\"https:\/\/www.heraldo.es\/noticias\/salud\/2025\/09\/28\/rutina-fitness-nuria-roca-53anos-viene-muy-bien-estirar-cuerpo-sentirme-mas-agil-1856844.html\" title=\"La rutina fitness de Nuria Roca (53 a\u00f1os): &quot;Me viene muy bien para estirar el cuerpo y sentirme m\u00e1s \u00e1gil&quot;\" target=\"_blank\" rel=\"nofollow noopener\">Nuria Roca, nacida el 23 de marzo de 1972 en Moncada (Valencia)<\/a>, es una de las figuras m\u00e1s reconocidas del panorama medi\u00e1tico espa\u00f1ol. <b>Escritora, presentadora, actriz, locutora de radio, e incluso arquitecta t\u00e9cnica de formaci\u00f3n,<\/b> la valenciana se ha convertido en una de las caras habituales de la parrilla televisiva nacional.\u00a0<\/p>\n<p class=\"paragraph\">Aunque curs\u00f3 sus estudios en Arquitectura T\u00e9cnica en la Universidad Polit\u00e9cnica de Valencia, <b>Roca descubri\u00f3 desde joven su amor por los medios de comunicaci\u00f3n<\/b>. Durante su \u00faltimo a\u00f1o universitario se present\u00f3 a un casting que la llev\u00f3 a participar habitualmente en un programa de la televisi\u00f3n local valenciana para recaudar fondos para su viaje fin de carrera. Fue esa etapa la que marc\u00f3 el inicio de una trayectoria plagada de plat\u00f3s, escenarios y micr\u00f3fonos.<\/p>\n<p class=\"paragraph\">Nuria Roca\u00a0<b>debut\u00f3 profesionalmente en 1994 con el programa &#8216;La Sort de Cara&#8217; en la televisi\u00f3n valenciana<\/b>, y posteriormente present\u00f3 espacios como &#8216;Fem Tele&#8217;. Su salto al \u00e1mbito nacional vino de la mano de Chicho Ib\u00e1\u00f1ez Serrador, que la eligi\u00f3 para conducir &#8216;Waku Waku&#8217; en TVE. A partir de ah\u00ed, su nombre se vincul\u00f3 a diferentes formatos: concursos, &#8216;realities&#8217;, programas de coraz\u00f3n o espacios de entretenimiento.<\/p>\n<p class=\"paragraph\">Tambi\u00e9n ha presentado y participado en programas de radio y en el \u00e1mbito literario ha publicado obras como &#8216;Sexual-mente&#8217;, &#8216;Los caracoles que no saben que son caracoles&#8217;, &#8216;Para Ana (de tu muerto)&#8217; o &#8216;Lo inevitable del amor&#8217;.<\/p>\n<p class=\"paragraph\"><b>Desde el a\u00f1o 2000 est\u00e1 casada con el escritor Juan del Val<\/b>, con el que tiene tres hijos: Juan, Pau y Olivia. M\u00e1s all\u00e1 de su vida profesional, en la actualidad relacionada con <b>&#8216;El Hormiguero&#8217;<\/b>, Nuria Roca ha alcanzado una gran repercusi\u00f3n en la redes sociales gracias a tratar temas personales como la pareja, las relaciones abiertas o los secretos entre quienes comparten una vida juntos. Adem\u00e1s, las siempre controvertidas opiniones de su marido han hecho que su vida amorosa sea una de las m\u00e1s seguidas en los programas del coraz\u00f3n.\u00a0<\/p>\n","protected":false},"excerpt":{"rendered":"Nuria Roca, nacida el 23 de marzo de 1972 en Moncada (Valencia), es una de las figuras m\u00e1s&hellip;\n","protected":false},"author":2,"featured_media":180355,"comment_status":"","ping_status":"","sticky":false,"template":"","format":"standard","meta":{"footnotes":""},"categories":[174],"tags":[255,146,147,25,24,256,5138,2461,8015,5635,843,23],"class_list":{"0":"post-180354","1":"post","2":"type-post","3":"status-publish","4":"format-standard","5":"has-post-thumbnail","7":"category-famosos","8":"tag-celebrities","9":"tag-entertainment","10":"tag-entretenimiento","11":"tag-es","12":"tag-espana","13":"tag-famosos","14":"tag-ganador","15":"tag-mujer","16":"tag-nuria","17":"tag-planeta","18":"tag-premio","19":"tag-spain"},"share_on_mastodon":{"url":"","error":""},"_links":{"self":[{"href":"https:\/\/www.europesays.com\/es\/wp-json\/wp\/v2\/posts\/180354","targetHints":{"allow":["GET"]}}],"collection":[{"href":"https:\/\/www.europesays.com\/es\/wp-json\/wp\/v2\/posts"}],"about":[{"href":"https:\/\/www.europesays.com\/es\/wp-json\/wp\/v2\/types\/post"}],"author":[{"embeddable":true,"href":"https:\/\/www.europesays.com\/es\/wp-json\/wp\/v2\/users\/2"}],"replies":[{"embeddable":true,"href":"https:\/\/www.europesays.com\/es\/wp-json\/wp\/v2\/comments?post=180354"}],"version-history":[{"count":0,"href":"https:\/\/www.europesays.com\/es\/wp-json\/wp\/v2\/posts\/180354\/revisions"}],"wp:featuredmedia":[{"embeddable":true,"href":"https:\/\/www.europesays.com\/es\/wp-json\/wp\/v2\/media\/180355"}],"wp:attachment":[{"href":"https:\/\/www.europesays.com\/es\/wp-json\/wp\/v2\/media?parent=180354"}],"wp:term":[{"taxonomy":"category","embeddable":true,"href":"https:\/\/www.europesays.com\/es\/wp-json\/wp\/v2\/categories?post=180354"},{"taxonomy":"post_tag","embeddable":true,"href":"https:\/\/www.europesays.com\/es\/wp-json\/wp\/v2\/tags?post=180354"}],"curies":[{"name":"wp","href":"https:\/\/api.w.org\/{rel}","templated":true}]}}