{"id":180356,"date":"2025-10-16T10:12:11","date_gmt":"2025-10-16T10:12:11","guid":{"rendered":"https:\/\/www.europesays.com\/es\/180356\/"},"modified":"2025-10-16T10:12:11","modified_gmt":"2025-10-16T10:12:11","slug":"asi-es-el-arte-viajero-de-paloma-paniagua","status":"publish","type":"post","link":"https:\/\/www.europesays.com\/es\/180356\/","title":{"rendered":"as\u00ed es el arte viajero de Paloma Paniagua"},"content":{"rendered":"<p class=\"ft-text ft-helper-align-justify\"><strong>Paloma Paniagua, conocida en redes como &#8216;paloma.arts&#8217;, es una ilustradora nacida en C\u00e1ceres. <\/strong>Por las ma\u00f1anas, se dedica a su labor como maestra de ingl\u00e9s, y el resto del d\u00eda lo dedica a su otra gran pasi\u00f3n, la ilustraci\u00f3n, actividad que desarrolla de manera aut\u00f3noma. \u00abComo casi todos los ni\u00f1os, <a class=\"ft-link ft-link--decoration\" href=\"https:\/\/www.elperiodicoextremadura.com\/sociedad\/ex-jovenes-influyentes\/2025\/04\/27\/carolina-gonzalvez-encantaria-vivir-profesion-116678955.html\" rel=\"nofollow noopener\" target=\"_blank\">empec\u00e9 a dibujar sin parar. <\/a>Desde muy peque\u00f1a tuve claro que el arte era mi forma de expresarme. <strong>Recuerdo con cari\u00f1o haber ganado mi primer concurso auton\u00f3mico siendo ni\u00f1a,<\/strong> y con el premio llev\u00e9 a mi familia a la Warner Bros, \u00a1mi primer logro art\u00edstico se convirti\u00f3 en un planazo familiar inolvidable! Con el tiempo, fui dejando el dibujo un poco de lado\u2026 hasta que lleg\u00f3 la pandemia. Reci\u00e9n en paro y encerrada en un piso de 60 metros cuadrados, empec\u00e9 a dibujar a todas horas. Ve\u00eda tutoriales, practicaba sin descanso y descubr\u00ed que el arte se hab\u00eda convertido en mi refugio, <a class=\"ft-link ft-link--decoration\" href=\"https:\/\/www.elperiodicoextremadura.com\/tags\/viajar\/\" rel=\"nofollow noopener\" target=\"_blank\">mi manera de viajar sin moverme del sitio\u00bb.<\/a><\/p>\n<p>M\u00e1s de 30 pa\u00edses<\/p>\n<p class=\"ft-text ft-helper-align-justify\">\u00abDesde entonces, <strong>mi forma de viajar cambi\u00f3 por completo, <\/strong>ya no salgo sin mi mochila, mi cuaderno y mis acuarelas.<strong> He recorrido m\u00e1s de 30 pa\u00edses capturando con mi dibujo sus rincones, <\/strong>sus gentes y sus momentos. No viajo para tachar lugares en una lista, sino para colecconar instantes. Un atardecer, una conversaci\u00f3n, un aroma\u2026 Todo queda plasmado en mis cuadernos, que para m\u00ed son el mejor souvenir. Adem\u00e1s, viajo junto a mi pareja Luisma, que <a class=\"ft-link ft-link--decoration\" href=\"https:\/\/www.elperiodicoextremadura.com\/tags\/sector-audiovisual\/\" rel=\"nofollow noopener\" target=\"_blank\">se dedica al filmmaking,<\/a> as\u00ed que formamos un equipo perfecto, <strong>\u00e9l graba los viajes y yo los dibujo\u00bb.<\/strong><\/p>\n<p><img decoding=\"async\" src=\"https:\/\/www.europesays.com\/es\/wp-content\/uploads\/2025\/10\/30b997f6-e783-4c80-8786-421342d36a55_alta-libre-aspect-ratio_default_0.jpg\" width=\"1200\" height=\"744\" alt=\"Gr\u00e1fico sobre los beneficios de viajar y pintar.\" class=\"ft-helper-img-rd\" loading=\"lazy\" hasdataaida=\"true\"\/><\/p>\n<p class=\"ft-helper-fontColor-quaternary ft-helper-fontSize-body-S ft-helper-spacer-t-xxs\">Gr\u00e1fico sobre los beneficios de viajar y pintar.  \/ El Peri\u00f3dico<\/p>\n<p>Grupo de dibujo urbano en la ciudad<\/p>\n<p class=\"ft-text ft-helper-align-justify\">En 2022, cansada de dibujar siempre en solitario por su ciudad, Paniagua conoci\u00f3 a Juli\u00e1n Gonz\u00e1lez de la Monta\u00f1a y juntos decidieron fundar <a class=\"ft-link ft-link--decoration\" href=\"https:\/\/www.elperiodicoextremadura.com\/tags\/ilustracion\/\" rel=\"nofollow noopener\" target=\"_blank\">un grupo de dibujo urbano<\/a> en C\u00e1ceres,<strong> los &#8216;Sketchers de C\u00e1ceres&#8217;.<\/strong> Crearon cuentas en Instagram y Facebook para anunciar encuentros abiertos, y desde entonces, <strong>cada mes salen a dibujar por la parte antigua de la ciudad, <\/strong>reuniendo tanto a aficionados como a profesionales del dibujo en un ambiente distendido y creativo.<\/p>\n<p>Tercera edici\u00f3n del &#8216;C\u00e1ceres Art Festival&#8217;<\/p>\n<p class=\"ft-text ft-helper-align-justify\"><strong>Con el tiempo, Francis M\u00e9ndez se sum\u00f3 a la organizaci\u00f3n del grupo,<\/strong> que hoy cuenta con una comunidad cada vez m\u00e1s numerosa y activa. Este pr\u00f3ximo fin de semana,<strong> del 17 al 19 de octubre,<\/strong> se celebrar\u00e1 la tercera edici\u00f3n del <strong>C\u00e1ceres Art Festival, <\/strong>un evento que reunir\u00e1 a m\u00e1s de 200 dibujantes procedentes de toda Espa\u00f1a<a class=\"ft-link ft-link--decoration\" href=\"https:\/\/www.elperiodicoextremadura.com\/tags\/portugal\/\" rel=\"nofollow noopener\" target=\"_blank\"> y Portugal.<\/a> Durante esos d\u00edas, ser\u00e1 f\u00e1cil encontrarlos con cuadernos y acuarelas en mano, repartidos por los rincones de<a class=\"ft-link ft-link--decoration\" href=\"https:\/\/www.elperiodicoextremadura.com\/caceres-local\/2025\/03\/29\/atractivo-conocido-ciudad-monumental-caceres-115811344.html\" rel=\"nofollow noopener\" target=\"_blank\"> la ciudad monumental.<\/a><\/p>\n<p>L\u00ednea de productos inspirados en Extremadura<\/p>\n<p class=\"ft-text ft-helper-align-justify\">Asimismo, la artista ha tenido la oportunidad de<strong> dibujar en directo en algunos de los eventos m\u00e1s emblem\u00e1ticos de la regi\u00f3n,<\/strong> como el Carnaval de Badajoz, JATO en C\u00e1ceres, Los Tableros de Santa B\u00e1rbara o <a class=\"ft-link ft-link--decoration\" href=\"https:\/\/www.elperiodicoextremadura.com\/tags\/womad\/\" target=\"_blank\" rel=\"nofollow noopener\">el festival WOMAD. <\/a>Para ella, cada una de estas experiencias representa una forma de conectar con la gente y de dejar testimonio visual de la identidad colectiva. Actualmente, se encuentra preparando el lanzamiento de una <strong>l\u00ednea de productos inspirados en Extremadura. <\/strong>L\u00e1minas, bolsas y objetos ilustrados que celebran la riqueza cultural y visual de la regi\u00f3n.<\/p>\n<p>C\u00f3mic ilustrado sobre mujeres ilustres extreme\u00f1as<\/p>\n<p class=\"ft-text ft-helper-align-justify\">Actualmente, est\u00e1 terminando las ilustraciones para el <strong>Calendario Extreme\u00f1o de Extremadura Curiosa<\/strong> y empezando un nuevo reto: <strong>un c\u00f3mic ilustrado sobre mujeres ilustres extreme\u00f1as<\/strong>, junto con otras nueve ilustradoras de la regi\u00f3n. A corto plazo, su objetivo es consolidar su l\u00ednea de productos e involucrarse activamente en proyectos culturales de la regi\u00f3n. A largo plazo, <strong>sue\u00f1a con publicar sus cuadernos de viaje al estilo de los antiguos exploradores, <\/strong>aunque con un toque m\u00e1s \u00abcolorinchi\u00bb. Adem\u00e1s, le entusiasma la idea de ilustrar portadas de revistas, colaborar con grandes marcas y <a class=\"ft-link ft-link--decoration\" href=\"https:\/\/www.elperiodicoextremadura.com\/caceres-local\/2025\/10\/13\/extremenas-abren-camino-mundo-citan-122580955.amp.html\" rel=\"nofollow noopener\" target=\"_blank\">seguir creciendo como artista, <\/a>siempre manteniendo viva la ilusi\u00f3n que la impuls\u00f3 desde el comienzo.<\/p>\n","protected":false},"excerpt":{"rendered":"Paloma Paniagua, conocida en redes como &#8216;paloma.arts&#8217;, es una ilustradora nacida en C\u00e1ceres. Por las ma\u00f1anas, se dedica&hellip;\n","protected":false},"author":2,"featured_media":180357,"comment_status":"","ping_status":"","sticky":false,"template":"","format":"standard","meta":{"footnotes":""},"categories":[173],"tags":[51288,51289,229,233,231,230,3975,1438,232,234,146,147,25,24,7234,260,24461,51287,23,226],"class_list":{"0":"post-180356","1":"post","2":"type-post","3":"status-publish","4":"format-standard","5":"has-post-thumbnail","7":"category-arte-y-diseno","8":"tag-acuarelas","9":"tag-agenda-cultural-de-caceres","10":"tag-arte","11":"tag-arte-y-diseno","12":"tag-arts","13":"tag-arts-and-design","14":"tag-caceres","15":"tag-convierte","16":"tag-design","17":"tag-diseno","18":"tag-entertainment","19":"tag-entretenimiento","20":"tag-es","21":"tag-espana","22":"tag-extremadura","23":"tag-gente","24":"tag-ilustracion","25":"tag-ilustradora","26":"tag-spain","27":"tag-viajes"},"share_on_mastodon":{"url":"","error":""},"_links":{"self":[{"href":"https:\/\/www.europesays.com\/es\/wp-json\/wp\/v2\/posts\/180356","targetHints":{"allow":["GET"]}}],"collection":[{"href":"https:\/\/www.europesays.com\/es\/wp-json\/wp\/v2\/posts"}],"about":[{"href":"https:\/\/www.europesays.com\/es\/wp-json\/wp\/v2\/types\/post"}],"author":[{"embeddable":true,"href":"https:\/\/www.europesays.com\/es\/wp-json\/wp\/v2\/users\/2"}],"replies":[{"embeddable":true,"href":"https:\/\/www.europesays.com\/es\/wp-json\/wp\/v2\/comments?post=180356"}],"version-history":[{"count":0,"href":"https:\/\/www.europesays.com\/es\/wp-json\/wp\/v2\/posts\/180356\/revisions"}],"wp:featuredmedia":[{"embeddable":true,"href":"https:\/\/www.europesays.com\/es\/wp-json\/wp\/v2\/media\/180357"}],"wp:attachment":[{"href":"https:\/\/www.europesays.com\/es\/wp-json\/wp\/v2\/media?parent=180356"}],"wp:term":[{"taxonomy":"category","embeddable":true,"href":"https:\/\/www.europesays.com\/es\/wp-json\/wp\/v2\/categories?post=180356"},{"taxonomy":"post_tag","embeddable":true,"href":"https:\/\/www.europesays.com\/es\/wp-json\/wp\/v2\/tags?post=180356"}],"curies":[{"name":"wp","href":"https:\/\/api.w.org\/{rel}","templated":true}]}}