{"id":180377,"date":"2025-10-16T10:25:09","date_gmt":"2025-10-16T10:25:09","guid":{"rendered":"https:\/\/www.europesays.com\/es\/180377\/"},"modified":"2025-10-16T10:25:09","modified_gmt":"2025-10-16T10:25:09","slug":"guerreras-sigue-en-directo-el-partido-contra-grecia","status":"publish","type":"post","link":"https:\/\/www.europesays.com\/es\/180377\/","title":{"rendered":"#Guerreras | Sigue en directo el partido contra Grecia"},"content":{"rendered":"<p>\t\t\t\t\t<img decoding=\"async\" class=\"emoji\" role=\"img\" draggable=\"false\" src=\"https:\/\/s.w.org\/images\/core\/emoji\/16.0.1\/svg\/1f4dd.svg\" alt=\"\ud83d\udcdd\"\/>\u00a0<strong>PREVIA | Espa\u00f1a arranca su clasificaci\u00f3n para el EHF EURO 2026<\/strong><\/p>\n<p><strong>Sagunto<\/strong> volver\u00e1 a te\u00f1irse de rojo este jueves 16 de octubre con motivo del debut de las <strong>Guerreras<\/strong> en la fase de clasificaci\u00f3n para el <strong>Campeonato de Europa 2026<\/strong>. El <strong>Pabell\u00f3n Polideportivo Municipal de Puerto de Sagunto<\/strong> acoger\u00e1 a partir de las 20:30h el encuentro entre <strong>Espa\u00f1a<\/strong> y <strong>Grecia<\/strong>, una cita que marcar\u00e1 el inicio del nuevo ciclo competitivo del conjunto dirigido por <strong>Ambros Mart\u00edn<\/strong> y, adem\u00e1s, supondr\u00e1 el \u00faltimo partido de la selecci\u00f3n en territorio nacional antes del <strong>Campeonato del Mundo 2025<\/strong>.<\/p>\n<p>La localidad valenciana, ya convertida en uno de los grandes templos del balonmano femenino espa\u00f1ol, acoger\u00e1 por sexta vez un encuentro de las <strong>Guerreras<\/strong>, reafirmando su compromiso con el deporte y su condici\u00f3n de sede emblem\u00e1tica dentro del calendario de la <strong>Real Federaci\u00f3n Espa\u00f1ola de Balonmano<\/strong>.<\/p>\n<p><strong>UN EQUIPO EQUILIBRADO ENTRE EXPERIENCIA Y JUVENTUD<\/strong><br \/><strong>Espa\u00f1a<\/strong> afronta esta primera jornada con una plantilla que combina veteran\u00eda y talento emergente. Jugadoras como\u00a0<strong>Alicia Fern\u00e1ndez<\/strong>, que cuenta con 101 internacionalidades, liderar\u00e1n a un grupo donde destacan j\u00f3venes promesas como <strong>Lyndie Tchaptchet, Carmen Arroyo, Elba \u00c1lvarez y Luc\u00eda Prades<\/strong>. El objetivo est\u00e1 claro: arrancar con buen pie el camino hacia el <strong>Campeonato de Europa<\/strong> y consolidar las sensaciones del grupo antes del Campeonato del Mundo.<\/p>\n<p><strong>AMBROS MART\u00cdN: \u00abQUEREMOS PONER EN PR\u00c1CTICA TODO LO QUE HEMOS TRABAJADO Y QUE LA AFICI\u00d3N DISFRUTE DE UN BUEN BALONMANO\u00bb<br \/><\/strong>El seleccionador nacional, <strong>Ambros Mart\u00edn<\/strong>, subray\u00f3 la importancia de este encuentro como punto de partida de una nueva etapa: \u201cEs la primera jornada del clasificatorio para el Europeo que se celebrar\u00e1 en varios pa\u00edses, y Grecia, aunque no sea un rival muy conocido, est\u00e1 acostumbrada a competir en este tipo de fases. Lo importante es centrarnos en nosotras mismas y en seguir mejorando de cara al Mundial\u201d.<\/p>\n<p>El t\u00e9cnico destac\u00f3 el valor de esta semana de concentraci\u00f3n, con dos partidos oficiales que permitir\u00e1n trasladar al juego lo trabajado en los entrenamientos y amistosos previos: \u201cQueremos poner en pr\u00e1ctica situaciones que venimos entrenando y ver c\u00f3mo responde el equipo en competici\u00f3n oficial. Tambi\u00e9n ser\u00e1 el debut oficial de varias jugadoras j\u00f3venes que est\u00e1n creciendo mucho en sus clubes y que ahora dan un paso importante con la selecci\u00f3n\u201d.<\/p>\n<p><strong>Mart\u00edn<\/strong> quiso agradecer adem\u00e1s el apoyo de la afici\u00f3n saguntina: \u201cNos han acogido muy bien estos d\u00edas y esperamos que el pabell\u00f3n disfrute de un gran espect\u00e1culo de balonmano\u201d.<\/p>\n<p><strong>KABA GASSAMA:<\/strong> <strong>\u00abES UN PARTIDO IMPORTANTE PORQUE ES EL PRIMERO DEL GRUPO\u00bb<\/strong><br \/>La jugadora de las Guerreras, <strong>Kaba Gassama<\/strong> ha comentado como se presenta el encuentro \u00abes un partido en el que tenemos que salir concentradas e hacer nuestro juego, aunque Grecia no sea un equipo grande es un partido muy importante porque es el primero del grupo y porque se juega en casa y nos queremos quedar con esos dos puntos\u00bb<\/p>\n<p><strong>AQUASERVICE, PROVEEDOR DE AGUA OFICIAL<\/strong><br \/><strong>Aqua<\/strong><strong>service<\/strong>, proveedor de agua oficial de la <strong>Real Federaci\u00f3n Espa\u00f1ola de Balonmano<\/strong>, integrar\u00e1 su sistema circular de agua embotellada con dispensador en el Pabell\u00f3n <strong>Pabell\u00f3n Polideportivo Municipal Puerto Sagunto<\/strong>\u00a0para hidratar a los equipos participantes, miembros de organizaci\u00f3n y asistentes del <strong>clasificatorio para el<\/strong> <strong>Campeonato de Europa<\/strong>. De esta forma, se distribuir\u00e1n 300 litros de agua, que evitar\u00e1n alrededor de 9,6kg. de pl\u00e1stico de un solo uso, promoviendo con ello una hidrataci\u00f3n sostenible.<\/p>\n<p>A trav\u00e9s de su <strong>Programa Deporte y Cultura Sostenibles<\/strong>,\u00a0<strong>Aquaservice<\/strong> promueve un modelo de transformaci\u00f3n de las competiciones y eventos hacia su versi\u00f3n m\u00e1s sostenible, con el objetivo de generar un menor impacto medioambiental en los entornos donde se realizan. As\u00ed, la compa\u00f1\u00eda es el proveedor oficial de agua de la <strong>Real Federaci\u00f3n Espa\u00f1ola de Balonmano<\/strong>, y, desde hace dos a\u00f1os, colabora con todas sus competiciones y torneos que se celebran en Espa\u00f1a, tanto en las categor\u00edas masculinas como femeninas. Todo ello, con un \u00fanico objetivo: inspirar un futuro m\u00e1s sostenible en el deporte, generando valor para las personas y el planeta e innovando para que cada vez m\u00e1s personas puedan beber agua de forma sostenible.<\/p>\n<p>\u00a0<\/p>\n<p><img fetchpriority=\"high\" decoding=\"async\" class=\"wp-image-124220 size-full\" title=\"thumbnail 20250918 SVK ESP foto Radovan Stoklasa 023\" src=\"https:\/\/www.europesays.com\/es\/wp-content\/uploads\/2025\/10\/thumbnail_20250918_SVK_ESP_foto_Radovan_Stoklasa_023-1.webp.webp\" alt=\"thumbnail 20250918 SVK ESP foto Radovan Stoklasa 023\" width=\"1400\" height=\"400\"  \/>Fotograf\u00eda: Radovan Stoklasa<\/p>\n","protected":false},"excerpt":{"rendered":"\u00a0PREVIA | Espa\u00f1a arranca su clasificaci\u00f3n para el EHF EURO 2026 Sagunto volver\u00e1 a te\u00f1irse de rojo este&hellip;\n","protected":false},"author":2,"featured_media":180378,"comment_status":"","ping_status":"","sticky":false,"template":"","format":"standard","meta":{"footnotes":""},"categories":[278],"tags":[376,168,25,24,375,23,167],"class_list":{"0":"post-180377","1":"post","2":"type-post","3":"status-publish","4":"format-standard","5":"has-post-thumbnail","7":"category-balonmano","8":"tag-balonmano","9":"tag-deportes","10":"tag-es","11":"tag-espana","12":"tag-handball","13":"tag-spain","14":"tag-sports"},"share_on_mastodon":{"url":"","error":""},"_links":{"self":[{"href":"https:\/\/www.europesays.com\/es\/wp-json\/wp\/v2\/posts\/180377","targetHints":{"allow":["GET"]}}],"collection":[{"href":"https:\/\/www.europesays.com\/es\/wp-json\/wp\/v2\/posts"}],"about":[{"href":"https:\/\/www.europesays.com\/es\/wp-json\/wp\/v2\/types\/post"}],"author":[{"embeddable":true,"href":"https:\/\/www.europesays.com\/es\/wp-json\/wp\/v2\/users\/2"}],"replies":[{"embeddable":true,"href":"https:\/\/www.europesays.com\/es\/wp-json\/wp\/v2\/comments?post=180377"}],"version-history":[{"count":0,"href":"https:\/\/www.europesays.com\/es\/wp-json\/wp\/v2\/posts\/180377\/revisions"}],"wp:featuredmedia":[{"embeddable":true,"href":"https:\/\/www.europesays.com\/es\/wp-json\/wp\/v2\/media\/180378"}],"wp:attachment":[{"href":"https:\/\/www.europesays.com\/es\/wp-json\/wp\/v2\/media?parent=180377"}],"wp:term":[{"taxonomy":"category","embeddable":true,"href":"https:\/\/www.europesays.com\/es\/wp-json\/wp\/v2\/categories?post=180377"},{"taxonomy":"post_tag","embeddable":true,"href":"https:\/\/www.europesays.com\/es\/wp-json\/wp\/v2\/tags?post=180377"}],"curies":[{"name":"wp","href":"https:\/\/api.w.org\/{rel}","templated":true}]}}