{"id":180379,"date":"2025-10-16T10:26:08","date_gmt":"2025-10-16T10:26:08","guid":{"rendered":"https:\/\/www.europesays.com\/es\/180379\/"},"modified":"2025-10-16T10:26:08","modified_gmt":"2025-10-16T10:26:08","slug":"a-punt-emitira-la-final-de-la-liga-nacional-de-novilladas","status":"publish","type":"post","link":"https:\/\/www.europesays.com\/es\/180379\/","title":{"rendered":"\u00c0 Punt emitir\u00e1 la final de la Liga Nacional de Novilladas"},"content":{"rendered":"<p data-start=\"638\" data-end=\"983\"><a href=\"https:\/\/www.apuntmedia.es\/\" rel=\"nofollow noopener\" target=\"_blank\">\u00c0 Punt<\/a> emitir\u00e1 este domingo en directo la <strong data-start=\"680\" data-end=\"733\">gran final de la Liga Nacional de Novilladas 2025<\/strong>, que se celebrar\u00e1 en la <strong data-start=\"758\" data-end=\"801\">plaza de toros de Sanl\u00facar de Barrameda<\/strong> a partir de las <strong data-start=\"818\" data-end=\"833\">17:00 horas<\/strong>.<br data-start=\"834\" data-end=\"837\"\/>El festejo contar\u00e1 con novillos del hierro de <strong data-start=\"883\" data-end=\"899\">Fuente Ymbro<\/strong> y reunir\u00e1 a los triunfadores de los distintos circuitos auton\u00f3micos del certamen.<\/p>\n<p><strong data-start=\"994\" data-end=\"1012\">Los finalistas<\/strong><\/p>\n<p data-start=\"1013\" data-end=\"1069\">Los cinco novilleros que competir\u00e1n por el t\u00edtulo son:<\/p>\n<ul data-start=\"1070\" data-end=\"1410\">\n<li data-start=\"1070\" data-end=\"1128\">\n<p data-start=\"1072\" data-end=\"1128\"><strong data-start=\"1072\" data-end=\"1088\">Tom\u00e1s Bastos<\/strong>, campe\u00f3n del Circuito de Extremadura.<\/p>\n<\/li>\n<li data-start=\"1129\" data-end=\"1190\">\n<p data-start=\"1131\" data-end=\"1190\"><strong data-start=\"1131\" data-end=\"1149\">\u00c1lvaro Serrano<\/strong>, triunfador de la Comunidad de Madrid.<\/p>\n<\/li>\n<li data-start=\"1191\" data-end=\"1235\">\n<p data-start=\"1193\" data-end=\"1235\"><strong data-start=\"1193\" data-end=\"1210\">Carlos Tirado<\/strong>, campe\u00f3n de Andaluc\u00eda.<\/p>\n<\/li>\n<li data-start=\"1236\" data-end=\"1298\">\n<p data-start=\"1238\" data-end=\"1298\"><strong data-start=\"1238\" data-end=\"1253\">Mario Vilau<\/strong>, representante de la Comunidad Valenciana.<\/p>\n<\/li>\n<li data-start=\"1299\" data-end=\"1410\">\n<p data-start=\"1301\" data-end=\"1410\"><strong data-start=\"1301\" data-end=\"1320\">Ruiz de Velasco<\/strong>, finalista de Castilla y Le\u00f3n, que sustituye a Julio Norte, lesionado tras una cornada.<\/p>\n<\/li>\n<\/ul>\n<p data-start=\"1412\" data-end=\"1546\">La retransmisi\u00f3n estar\u00e1 narrada por el periodista <strong data-start=\"1462\" data-end=\"1478\">Jorge Casals<\/strong>, acompa\u00f1ado por el matador alicantino <strong data-start=\"1517\" data-end=\"1543\">Francisco Jos\u00e9 Palaz\u00f3n<\/strong>.<\/p>\n<p><strong data-start=\"1557\" data-end=\"1582\">Previa con \u2018La pla\u00e7a\u2019<\/strong><\/p>\n<p data-start=\"1583\" data-end=\"1910\">Antes del festejo, \u00c0 Punt emitir\u00e1 una edici\u00f3n especial del programa taurino <strong data-start=\"1659\" data-end=\"1673\">La pla\u00e7a<\/strong>, presentado por Jorge Casals.<br data-start=\"1703\" data-end=\"1706\"\/>El espacio repasar\u00e1 la <strong data-start=\"1729\" data-end=\"1766\">despedida de Morante de la Puebla<\/strong> en Las Ventas, el <strong data-start=\"1785\" data-end=\"1817\">festival homenaje a Anto\u00f1ete<\/strong> y los triunfos de la <strong data-start=\"1839\" data-end=\"1857\">Feria de Oto\u00f1o<\/strong>, destacando la actuaci\u00f3n del valenciano <strong data-start=\"1898\" data-end=\"1907\">Rom\u00e1n<\/strong>.<\/p>\n<p data-start=\"1912\" data-end=\"2135\">El programa tambi\u00e9n abordar\u00e1 los festivales taurinos recientes, como el de <strong data-start=\"1987\" data-end=\"1998\">Sevilla<\/strong>, en homenaje a la <strong data-start=\"2017\" data-end=\"2040\">saga de los V\u00e1zquez<\/strong>, y el de <strong data-start=\"2050\" data-end=\"2063\">Bocairent<\/strong>, celebrado el 9 de octubre con un <strong data-start=\"2098\" data-end=\"2132\">cartel \u00edntegramente valenciano<\/strong>.<\/p>\n<p><strong data-start=\"2146\" data-end=\"2179\">Terra de bous en \u00c0 Punt R\u00e0dio<\/strong><\/p>\n<p data-start=\"2180\" data-end=\"2543\">Por su parte, el espacio radiof\u00f3nico <strong data-start=\"2217\" data-end=\"2236\">Terra de bous<\/strong>, dirigido y presentado por <strong data-start=\"2264\" data-end=\"2280\">Germ\u00e0 Estela<\/strong>, contar\u00e1 este viernes con el maestro <strong data-start=\"2318\" data-end=\"2338\">Fernando Roble\u00f1o<\/strong>, recientemente retirado en Las Ventas junto a Morante.<br data-start=\"2393\" data-end=\"2396\"\/>Tambi\u00e9n participar\u00e1 el periodista <strong data-start=\"2430\" data-end=\"2451\">Pepe Luis V\u00e1zquez<\/strong>, nieto del hist\u00f3rico torero sevillano, para comentar la retirada de Morante de la Puebla.<\/p>\n<p><strong data-start=\"2554\" data-end=\"2604\">Reconocimiento al periodismo taurino de \u00c0 Punt<\/strong><\/p>\n<p data-start=\"2605\" data-end=\"2875\">Adem\u00e1s, la <strong data-start=\"2616\" data-end=\"2652\">tertulia taurina Amigos de Nimes<\/strong>, la m\u00e1s antigua de Alicante, ha reconocido la labor de los programas <strong data-start=\"2722\" data-end=\"2736\">La pla\u00e7a<\/strong> y <strong data-start=\"2739\" data-end=\"2758\">Terra de bous<\/strong> con un premio por su contribuci\u00f3n a la difusi\u00f3n y defensa de la tauromaquia desde los medios p\u00fablicos valencianos.<\/p>\n","protected":false},"excerpt":{"rendered":"\u00c0 Punt emitir\u00e1 este domingo en directo la gran final de la Liga Nacional de Novilladas 2025, que&hellip;\n","protected":false},"author":2,"featured_media":180380,"comment_status":"","ping_status":"","sticky":false,"template":"","format":"standard","meta":{"footnotes":""},"categories":[277],"tags":[10792,373,168,25,24,51290,12167,23,167,374],"class_list":{"0":"post-180379","1":"post","2":"type-post","3":"status-publish","4":"format-standard","5":"has-post-thumbnail","7":"category-toreo","8":"tag-a-punt","9":"tag-bullfighting","10":"tag-deportes","11":"tag-es","12":"tag-espana","13":"tag-liga-nacional-de-novilladas-2025","14":"tag-sanlucar-de-barrameda","15":"tag-spain","16":"tag-sports","17":"tag-toreo"},"share_on_mastodon":{"url":"","error":""},"_links":{"self":[{"href":"https:\/\/www.europesays.com\/es\/wp-json\/wp\/v2\/posts\/180379","targetHints":{"allow":["GET"]}}],"collection":[{"href":"https:\/\/www.europesays.com\/es\/wp-json\/wp\/v2\/posts"}],"about":[{"href":"https:\/\/www.europesays.com\/es\/wp-json\/wp\/v2\/types\/post"}],"author":[{"embeddable":true,"href":"https:\/\/www.europesays.com\/es\/wp-json\/wp\/v2\/users\/2"}],"replies":[{"embeddable":true,"href":"https:\/\/www.europesays.com\/es\/wp-json\/wp\/v2\/comments?post=180379"}],"version-history":[{"count":0,"href":"https:\/\/www.europesays.com\/es\/wp-json\/wp\/v2\/posts\/180379\/revisions"}],"wp:featuredmedia":[{"embeddable":true,"href":"https:\/\/www.europesays.com\/es\/wp-json\/wp\/v2\/media\/180380"}],"wp:attachment":[{"href":"https:\/\/www.europesays.com\/es\/wp-json\/wp\/v2\/media?parent=180379"}],"wp:term":[{"taxonomy":"category","embeddable":true,"href":"https:\/\/www.europesays.com\/es\/wp-json\/wp\/v2\/categories?post=180379"},{"taxonomy":"post_tag","embeddable":true,"href":"https:\/\/www.europesays.com\/es\/wp-json\/wp\/v2\/tags?post=180379"}],"curies":[{"name":"wp","href":"https:\/\/api.w.org\/{rel}","templated":true}]}}