{"id":18038,"date":"2025-08-01T07:48:07","date_gmt":"2025-08-01T07:48:07","guid":{"rendered":"https:\/\/www.europesays.com\/es\/18038\/"},"modified":"2025-08-01T07:48:07","modified_gmt":"2025-08-01T07:48:07","slug":"barcelona-ordena-retirar-una-obra-de-arte-de-un-edificio-por-romper-con-la-estetica-urbana","status":"publish","type":"post","link":"https:\/\/www.europesays.com\/es\/18038\/","title":{"rendered":"Barcelona ordena retirar una obra de arte de un edificio por \u201cromper\u201d con la est\u00e9tica urbana"},"content":{"rendered":"<p class=\"paragraph\" id=\"paragraph_1\">En el entorno de la estaci\u00f3n de <a href=\"https:\/\/metropoliabierta.elespanol.com\/sants-montjuic\/?utm_cmp_rs=linksinline\" target=\"_blank\" rel=\"nofollow noopener\"><strong>Sants<\/strong><\/a>, un imponente <strong>King Kong<\/strong> rojo de tres metros de altura llamaba la atenci\u00f3n desde lo alto de un edificio situado en el n\u00famero 30 del paseo de Sant Antoni.<\/p>\n<p class=\"paragraph\" id=\"paragraph_2\">Se trataba de una instalaci\u00f3n \u00fanica, denominada Wild Kong, que el propietario del inmueble compr\u00f3 como elemento decorativo al artista <strong>Richard Orlinski<\/strong>.<\/p>\n<p class=\"paragraph\" id=\"paragraph_3\">Sin embargo, hace unos meses, el\u00a0<strong>Institut del Paisatge Urb\u00e0 <\/strong>del\u00a0<a href=\"https:\/\/metropoliabierta.elespanol.com\/temas\/ayuntamiento_de_barcelona\/?utm_cmp_rs=linksinline\" target=\"_blank\" rel=\"nofollow noopener\">Ayuntamiento de Barcelona<\/a> orden\u00f3 su retirada al considerar que la pieza \u201cromp\u00eda\u201d con la <a href=\"https:\/\/metropoliabierta.elespanol.com\/eixample\/20231018\/multan-una-floristeria-del-eixample-de-barcelona-por-decorar-la-entrada-con-flores\/802920018_0.html?utm_cmp_rs=linksinline\" target=\"_blank\" rel=\"nofollow noopener\">est\u00e9tica del paisaje urbano<\/a>, seg\u00fan han explicado fuentes cercanas al due\u00f1o del edificio a <strong>Metr\u00f3poli<\/strong>.<\/p>\n<p class=\"paragraph\" id=\"paragraph_4\">Tras recibir varias <strong>multas coercitivas\u00a0<\/strong>de hasta 3.000 euros, el propietario se ha visto obligado a esconder y cubrir la pieza (antes situada encima de la letra c). Por su parte, el artista \u2013que reside en Par\u00eds\u2013 ha decidido tomar cartas en el asunto.<\/p>\n<p><img decoding=\"async\" alt=\"Escultura \u2018Wild Kong\u2019 del edificio del paseo de Sant Antoni cubierta con un pl\u00e1stico\" data-imgm=\"true\" height=\"180\" loading=\"lazy\"  src=\"https:\/\/www.europesays.com\/es\/wp-content\/uploads\/2025\/08\/1003742678546_14960194_1024x576.jpg\"  width=\"320\"\/><\/p>\n<p>                                                            Escultura \u2018Wild Kong\u2019 del edificio del paseo de Sant Antoni cubierta con un pl\u00e1stico<\/p>\n<p>                    SIM\u00d3N S\u00c1NCHEZ<\/p>\n<p>                    Barcelona\n            <\/p>\n<p>Reconocimiento internacional<\/p>\n<p class=\"paragraph\" id=\"paragraph_5\">En una carta a la que ha tenido acceso este digital, Orlinski certifica que su escultura estaba instalada en ese lugar \u2013sobre un voladizo\u2013 porque, como el conjunto de sus creaciones, \u201ctiene como prop\u00f3sito <strong>dialogar con el paisaje urbano<\/strong>, provocar emociones en el p\u00fablico y hacer el arte <strong>accesible a todos<\/strong>\u201d.<\/p>\n<p class=\"paragraph\" id=\"paragraph_6\">Por ello, el artista ha denunciado p\u00fablicamente la <strong>retirada forzosa<\/strong> de su instalaci\u00f3n art\u00edstica como un atentado a sus derechos morales de autor. Un ataque que, seg\u00fan \u00e9l, se ve agravado por la \u201cvulgarizaci\u00f3n\u201d de su obra al haber sido considerada por Paisatge Urb\u00e0 como una <strong>instalaci\u00f3n<\/strong> <strong>publicitaria<\/strong>.\u00a0<\/p>\n<p class=\"paragraph\" id=\"paragraph_7\">En palabras de Orlinski, la ubicaci\u00f3n forma parte esencial de su enfoque art\u00edstico y del mensaje que transmite con ella. \u201cEn este sentido, cualquier intento de obstrucci\u00f3n, reubicaci\u00f3n injustificada o cubrimiento de la obra constituye una alteraci\u00f3n de su integridad art\u00edstica\u201d, a\u00f1ade.<\/p>\n<p>Expuestas en todo el mundo<\/p>\n<p class=\"paragraph\" id=\"paragraph_8\">Las esculturas del artista franc\u00e9s son reconocidas a nivel internacional. De hecho, el <strong>Hotel Mandarin Oriental<\/strong> de paseo de Gr\u00e0cia ha expuesto en varias ocasiones sus obras, una de ellas situada en la entrada principal para dar la bienvenida a los hu\u00e9spedes.<\/p>\n<p class=\"paragraph\" id=\"paragraph_9\">Tambi\u00e9n en las pistas de esqu\u00ed de <strong>Courchevel<\/strong> pueden verse varias de las piezas de Orlinski, convertidas en un aut\u00e9ntico reclamo tur\u00edstico en la zona.<\/p>\n<p><img decoding=\"async\" alt=\"Esculturas de Richard Orlinski en las pistas de esqu\u00ed de Courchevel\" data-imgm=\"true\" height=\"180\" loading=\"lazy\"  src=\"https:\/\/www.europesays.com\/es\/wp-content\/uploads\/2025\/08\/1003742678633_14960313_1024x576.jpg\"  width=\"320\"\/><\/p>\n<p>                                                            Esculturas de Richard Orlinski en las pistas de esqu\u00ed de Courchevel<\/p>\n<p>                    Courchevel<\/p>\n<p>Acci\u00f3n\u00a0\u201cdesproporcionada\u201d<\/p>\n<p class=\"paragraph\" id=\"paragraph_10\">El edificio donde se encontraba expuesto el King Kong barcelon\u00e9s es un bloque de 32 <strong>apartamentos tur\u00edsticos\u00a0<\/strong>llamado Cosmo Apartments. Un inversor de nacionalidad espa\u00f1ola lo compr\u00f3 por 13 millones de euros en 2016 y, tiempo despu\u00e9s, compr\u00f3 la escultura de Orlinski por unos <strong>130.000 euros<\/strong> como elemento decorativo.<\/p>\n<p class=\"paragraph\" id=\"paragraph_11\">Fuentes cercanas al propietario explican a este medio que su intenci\u00f3n siempre fue conservar la pieza, un elemento que aportaba un punto de singularidad a una zona \u201csin demasiados atractivos est\u00e9ticos y <a href=\"https:\/\/metropoliabierta.elespanol.com\/movilidad\/20241110\/asi-sera-la-futura-estacion-de-sants-barcelona-fotos-detalles-como-quedara\/900159983_0.html?utm_cmp_rs=linksinline\" target=\"_blank\" rel=\"nofollow noopener\">en constante <strong>estado de obras<\/strong><\/a>\u201d.<\/p>\n<p class=\"paragraph\" id=\"paragraph_12\">De hecho, aseguran que las asociaciones de vecinos estaban \u201cencantadas\u201d con el gorila, al que consideraban una <strong>pieza \u201cdiferencial\u201d<\/strong> en el entorno.<\/p>\n<p><img decoding=\"async\" alt=\"Obras en el entorno del pase de Sant Antoni\" data-imgm=\"true\" height=\"180\" loading=\"lazy\"  src=\"https:\/\/www.europesays.com\/es\/wp-content\/uploads\/2025\/08\/1003742678550_14960202_1024x576.jpg\"  width=\"320\"\/><\/p>\n<p>                                                            Obras en el entorno del pase de Sant Antoni<\/p>\n<p>                    SIM\u00d3N S\u00c1NCHEZ<\/p>\n<p>                    Barcelona\n            <\/p>\n<p class=\"paragraph\" id=\"paragraph_13\">\u201cEl gorila no ocupa espacio p\u00fablico ni <strong>obstruye el paso<\/strong> de los viandantes\u201d, afirman fuentes cercanas al afectado, por lo que no comprenden la actuaci\u00f3n del Ayuntamiento, que tildan de \u201cdesproporcionada\u201d.<\/p>\n<p>Acciones legales<\/p>\n<p class=\"paragraph\" id=\"paragraph_14\">El caso, seg\u00fan ha podido saber este medio, est\u00e1 en manos de un <strong>bufete de abogados<\/strong>, que est\u00e1 analizando la situaci\u00f3n con especial atenci\u00f3n a la posible vulneraci\u00f3n de los derechos morales del autor, ya que la escultura fue retirada sin su consentimiento.<\/p>\n<p class=\"paragraph\" id=\"paragraph_15\">El propietario planea ahora intentar <strong>legalizar la instalaci\u00f3n<\/strong> por segunda vez, despu\u00e9s de que el contencioso-administrativo rechazara su primer recurso por haberlo presentado fuera de plazo. Su objetivo es claro: volver a descubrir la pieza y <strong>devolver a Barcelona su King Kong<\/strong> m\u00e1s emblem\u00e1tico.<\/p>\n","protected":false},"excerpt":{"rendered":"En el entorno de la estaci\u00f3n de Sants, un imponente King Kong rojo de tres metros de altura&hellip;\n","protected":false},"author":2,"featured_media":18039,"comment_status":"","ping_status":"","sticky":false,"template":"","format":"standard","meta":{"footnotes":""},"categories":[173],"tags":[229,11435,233,231,230,11436,232,234,11437,146,147,25,24,11434,11438,23,2965],"class_list":{"0":"post-18038","1":"post","2":"type-post","3":"status-publish","4":"format-standard","5":"has-post-thumbnail","7":"category-arte-y-diseno","8":"tag-arte","9":"tag-arte-urbano","10":"tag-arte-y-diseno","11":"tag-arts","12":"tag-arts-and-design","13":"tag-ayuntamiento-de-barcelona","14":"tag-design","15":"tag-diseno","16":"tag-en-catala","17":"tag-entertainment","18":"tag-entretenimiento","19":"tag-es","20":"tag-espana","21":"tag-sants","22":"tag-sants-montjuic","23":"tag-spain","24":"tag-urbanismo"},"share_on_mastodon":{"url":"","error":""},"_links":{"self":[{"href":"https:\/\/www.europesays.com\/es\/wp-json\/wp\/v2\/posts\/18038","targetHints":{"allow":["GET"]}}],"collection":[{"href":"https:\/\/www.europesays.com\/es\/wp-json\/wp\/v2\/posts"}],"about":[{"href":"https:\/\/www.europesays.com\/es\/wp-json\/wp\/v2\/types\/post"}],"author":[{"embeddable":true,"href":"https:\/\/www.europesays.com\/es\/wp-json\/wp\/v2\/users\/2"}],"replies":[{"embeddable":true,"href":"https:\/\/www.europesays.com\/es\/wp-json\/wp\/v2\/comments?post=18038"}],"version-history":[{"count":0,"href":"https:\/\/www.europesays.com\/es\/wp-json\/wp\/v2\/posts\/18038\/revisions"}],"wp:featuredmedia":[{"embeddable":true,"href":"https:\/\/www.europesays.com\/es\/wp-json\/wp\/v2\/media\/18039"}],"wp:attachment":[{"href":"https:\/\/www.europesays.com\/es\/wp-json\/wp\/v2\/media?parent=18038"}],"wp:term":[{"taxonomy":"category","embeddable":true,"href":"https:\/\/www.europesays.com\/es\/wp-json\/wp\/v2\/categories?post=18038"},{"taxonomy":"post_tag","embeddable":true,"href":"https:\/\/www.europesays.com\/es\/wp-json\/wp\/v2\/tags?post=18038"}],"curies":[{"name":"wp","href":"https:\/\/api.w.org\/{rel}","templated":true}]}}