{"id":180383,"date":"2025-10-16T10:30:21","date_gmt":"2025-10-16T10:30:21","guid":{"rendered":"https:\/\/www.europesays.com\/es\/180383\/"},"modified":"2025-10-16T10:30:21","modified_gmt":"2025-10-16T10:30:21","slug":"antiviolencia-propone-multas-a-otras-53-personas-por-los-incidentes-en-la-vuelta","status":"publish","type":"post","link":"https:\/\/www.europesays.com\/es\/180383\/","title":{"rendered":"Antiviolencia propone multas a otras 53 personas por los incidentes en la Vuelta"},"content":{"rendered":"<p class=\"voc-p\" style=\"\">No se trata de las primeras propuestas de sanci\u00f3n derivadas de los incidentes que tuvieron lugar durante la disputa de la carrera ciclista por las carreteras espa\u00f1olas, pues Antiviolencia <a href=\"https:\/\/www.abc.es\/deportes\/ciclismo\/antiviolencia-propone-sancionar-personas-incidentes-vuelta-multas-20250917190011-nt.html\" target=\"_self\" data-voc-vtm-id=\"in-text-traffic\" title=\"ya se\u00f1al\u00f3 tras una primera reuni\u00f3n a 17 personas\" rel=\"nofollow noopener\">ya se\u00f1al\u00f3 tras una primera reuni\u00f3n a 17 personas<\/a> por disturbios en los tramos Laredo-Los Corrales de Buelna, Avil\u00e9s-La Farrapona y Aveiga-Monforte de Lemos, <a href=\"https:\/\/www.abc.es\/deportes\/ciclismo\/antiviolencia-pide-multas-5000-euros-personas-protestas-20251001124955-nt.html\" target=\"_self\" data-voc-vtm-id=\"in-text-traffic\" title=\"y a otras 38 personas en una segunda\" rel=\"nofollow noopener\">y a otras 38 personas en una segunda<\/a>, por hechos sucedidos en las \u00faltimas cuatro etapas, Valladolid\/Valladolid, Rueda\/Guijuelo, Robledo de Chavela\/Puerto de Navacerrada y Alapardo-Madrid, siendo esta \u00faltima cancelada. <\/p>\n<p class=\"voc-p\" style=\"\">Los nuevos expedientes, con los que se alcanza un total de 108, corresponden a<strong> actuaciones desarrolladas por la Ertzaintza en el paso de la prueba por el Pa\u00eds Vasco y por la Guardia Civil en Asturias y Pontevedra<\/strong>. <\/p>\n<p class=\"voc-p\" style=\"\">La Guardia Civil propuso sanci\u00f3n a 39 personas. De ellas, 12 fueron detenidas por intentar cortar la carretera y encadenarse a los quitamiedos en un tramo de la etapa 13. Mientras que la polic\u00eda auton\u00f3mica vasca inst\u00f3 a multar a 14 ciudadanos por incidentes en la etapa 11, a su paso por Bilbao. De ellos, cuatro fueron detenidos por enfrentamientos con los agentes cuando intentaban invadir la v\u00eda.<\/p>\n<p class=\"voc-p\" style=\"\">Las propuestas recogen sanciones de 1.500 a 5.000 euros y la prohibici\u00f3n de acceso a recintos deportivos de 3 y 12 meses por la comisi\u00f3n de infracciones leves y graves.<\/p>\n<p class=\"voc-p\" style=\"\">Por otra parte, la Comisi\u00f3n Estatal contra la Violencia, el Racismo y la Intolerancia en el Deporte ha planteado multas a tres clubes de f\u00fatbol por incumplimientos de las medidas de seguridad en sus instalaciones. <\/p>\n<p class=\"voc-p\" style=\"\">El Club Deportivo Alav\u00e9s se enfrentan a una posible sanci\u00f3n de 40.000 euros por permitir murales con simbolog\u00eda del grupo Iraultza 1921 en las fachadas y accesos exteriores del Estadio de Mendizorrotza. El club acumula desde la temporada 2015-2016 una treintena de propuestas de sanci\u00f3n por hechos contrarios a la Ley 19\/2007, la mayor\u00eda vinculadas al \u00abapoyo y promoci\u00f3n\u00bb de este grupo radical. <\/p>\n<p class=\"voc-p\" style=\"\">Por su parte, el Real Valladolid afronta una propuesta de multa de 3.001 euros por el consumo de alcohol en el recinto y el CD Teruel a 3.001 euros por dejar varias herramientas abandonadas y accesibles para aficionados de un club rival en un partido de Primera Federaci\u00f3n con el H\u00e9rcules de Alicante CF.<\/p>\n<p class=\"voc-p\" style=\"\">Finalmente la Comisi\u00f3n Estatal ha propuesto a la Delegaci\u00f3n del Gobierno imponer una multa de 6.000 euros a un aficionado del grupo United Family del Real Betis Balompi\u00e9 por protagonizar un incidente con miembros de la seguridad privada y de la Polic\u00eda Nacional durante el partido del pasado 14 de septiembre contra la UD Levante.<\/p>\n<p class=\"voc-p\" style=\"\">La seguridad privada retir\u00f3 una pancarta del grupo ultra, un s\u00edmbolo prohibido en el estadio, y el denunciado intent\u00f3 evitarlo jaleado por otros seguidores b\u00e9ticos ubicados en el mismo sector. Se trata de un var\u00f3n identificado como un destacado miembro de United Family, con varias sanciones anteriores.<\/p>\n","protected":false},"excerpt":{"rendered":"No se trata de las primeras propuestas de sanci\u00f3n derivadas de los incidentes que tuvieron lugar durante la&hellip;\n","protected":false},"author":2,"featured_media":180384,"comment_status":"","ping_status":"","sticky":false,"template":"","format":"standard","meta":{"footnotes":""},"categories":[273],"tags":[313,7553,312,634,168,25,24,19697,4884,8671,3477,918,23,167,432,1357],"class_list":{"0":"post-180383","1":"post","2":"type-post","3":"status-publish","4":"format-standard","5":"has-post-thumbnail","7":"category-ciclismo","8":"tag-ciclismo","9":"tag-comision","10":"tag-cycling","11":"tag-deporte","12":"tag-deportes","13":"tag-es","14":"tag-espana","15":"tag-estatal","16":"tag-incidentes","17":"tag-multas","18":"tag-personas","19":"tag-propone","20":"tag-spain","21":"tag-sports","22":"tag-violencia","23":"tag-vuelta"},"share_on_mastodon":{"url":"","error":""},"_links":{"self":[{"href":"https:\/\/www.europesays.com\/es\/wp-json\/wp\/v2\/posts\/180383","targetHints":{"allow":["GET"]}}],"collection":[{"href":"https:\/\/www.europesays.com\/es\/wp-json\/wp\/v2\/posts"}],"about":[{"href":"https:\/\/www.europesays.com\/es\/wp-json\/wp\/v2\/types\/post"}],"author":[{"embeddable":true,"href":"https:\/\/www.europesays.com\/es\/wp-json\/wp\/v2\/users\/2"}],"replies":[{"embeddable":true,"href":"https:\/\/www.europesays.com\/es\/wp-json\/wp\/v2\/comments?post=180383"}],"version-history":[{"count":0,"href":"https:\/\/www.europesays.com\/es\/wp-json\/wp\/v2\/posts\/180383\/revisions"}],"wp:featuredmedia":[{"embeddable":true,"href":"https:\/\/www.europesays.com\/es\/wp-json\/wp\/v2\/media\/180384"}],"wp:attachment":[{"href":"https:\/\/www.europesays.com\/es\/wp-json\/wp\/v2\/media?parent=180383"}],"wp:term":[{"taxonomy":"category","embeddable":true,"href":"https:\/\/www.europesays.com\/es\/wp-json\/wp\/v2\/categories?post=180383"},{"taxonomy":"post_tag","embeddable":true,"href":"https:\/\/www.europesays.com\/es\/wp-json\/wp\/v2\/tags?post=180383"}],"curies":[{"name":"wp","href":"https:\/\/api.w.org\/{rel}","templated":true}]}}