{"id":180391,"date":"2025-10-16T10:34:09","date_gmt":"2025-10-16T10:34:09","guid":{"rendered":"https:\/\/www.europesays.com\/es\/180391\/"},"modified":"2025-10-16T10:34:09","modified_gmt":"2025-10-16T10:34:09","slug":"jorge-ponce-envio-un-mensaje-a-pedro-sanchez-en-la-revuelta-con-pulla-a-begona-gomez-y-al-juez-peinado","status":"publish","type":"post","link":"https:\/\/www.europesays.com\/es\/180391\/","title":{"rendered":"Jorge Ponce envi\u00f3 un mensaje a Pedro S\u00e1nchez en &#8216;La Revuelta&#8217; con pulla a Bego\u00f1a G\u00f3mez y al juez Peinado"},"content":{"rendered":"<p class=\"article-text\">\n        Este mi\u00e9rcoles, 15 de octubre, <strong>Jorge Ponce<\/strong> reapareci\u00f3 en<strong> La Revuelta<\/strong> para hacer otra de sus secciones. En ella explic\u00f3 que la noche anterior, su hija mayor le pidi\u00f3 que escribiera una carta a su profesora, haci\u00e9ndose pasar por<strong> Pedro S\u00e1nchez<\/strong> para exigirle que les dejara hacer lo que quisieran en el colegio.\n    <\/p>\n<p>    <a href=\"https:\/\/www.eldiario.es\/vertele\/noticias\/daniel-guzman-regalo-broncano-equipo-revuelta-panuelos-palestinos-parece-importante_1_12684130.html\" data-mrf-recirculation=\"saber-mas\" data-dl-event=\"saber-mas\" rel=\"nofollow noopener\" target=\"_blank\"><\/p>\n<p class=\"know-more__title\">Daniel Guzm\u00e1n regal\u00f3 a Broncano y al equipo de &#8216;La Revuelta&#8217; pa\u00f1uelos palestinos: \u00abMe parece muy importante\u00bb<\/p>\n<p>            <img decoding=\"async\" class=\"lazy\" loading=\"lazy\" data-src=\"https:\/\/static.eldiario.es\/clip\/aef1b62a-c250-465f-9dd8-6825fdeea54b_16-9-aspect-ratio_default_0.jpg\" src=\"data:image\/svg+xml,%3Csvg xmlns=\" http:=\"\" viewbox=\"0 0 880 495\" alt=\"Daniel Guzm\u00e1n regal\u00f3 a Broncano y al equipo de 'La Revuelta' pa\u00f1uelos palestinos: &quot;Me parece muy importante&quot;\"\/><\/p>\n<p>                        <\/a><\/p>\n<p class=\"article-text\">\n        La hija lo hizo, despu\u00e9s de haberlo intentado ella, pero sin \u00e9xito porque su letra evidenciaba que no era el presidente del Gobierno. Ponce mostr\u00f3 a c\u00e1mara y ley\u00f3 la carta infantil, suplantando a S\u00e1nchez:\n    <\/p>\n<p class=\"article-text\">\n        \u201c<strong>Soy Pedro S\u00e1nchez y obligo a Sonia a que deje que hagan lo que quieran<\/strong>. \u00a1Osino te expulso! S\u00e9 que escribo un poco mal\u201d, dec\u00eda la misiva, que acababa con la siguiente firma: \u201cSoy Pedro S\u00e1nchez obligo\u201d.\n    <\/p>\n<p class=\"article-text\">\n        Tras las risas que provoc\u00f3 el atrevimiento de la ni\u00f1a, Ponce decidi\u00f3 enviar un mensaje directo al presidente: \u201cPedro, \u00bfqu\u00e9 tal? El programa bien, \u00bfverdad? Lo que hablamos\u201d, empez\u00f3 ironizando y aclarando a Broncano que han hecho <strong>\u201cel programa que \u00e9l quer\u00eda\u201d. <\/strong>\n    <\/p>\n<blockquote class=\"twitter-tweet\" data-lang=\"es\"><p><a href=\"https:\/\/twitter.com\/X\/status\/1978554973828083925?ref_src=twsrc%5Etfw\" rel=\"nofollow noopener\" target=\"_blank\"><\/p><\/blockquote>\n<p class=\"article-text\">\n        Y continu\u00f3: \u201c<strong>\u00bfT\u00fa podr\u00edas escribirle una carta a la profe de mi hija Julia, \u00a1la de veces que lo has hecho t\u00fa ya por Bego\u00f1a!<\/strong>\u201d, brome\u00f3 y se disculp\u00f3 despu\u00e9s. \u201c\u00bfLo puedes hacer, por favor? Gracias\u201d. Seguidamente, se guard\u00f3 en el bolsillo la carta escrita por su reto\u00f1a y murmur\u00f3: \u201cPor cierto, <strong>esta carta se la puedo yo pasar como prueba directamente al juez Peinado, \u00bfno? \u00c9l lo coge todo\u201d.<\/strong>\n    <\/p>\n<p>    <a href=\"https:\/\/www.eldiario.es\/vertele\/noticias\/motivo-laboral-rtve-parece-causo-extrana-eliminacion-alejo-sauras-masterchef-celebrity-10_1_12685309.html\" data-mrf-recirculation=\"saber-mas-abajo\" data-dl-event=\"saber-mas-abajo\" rel=\"nofollow noopener\" target=\"_blank\"><\/p>\n<p class=\"know-more__title\">El motivo laboral que implica a RTVE y parece que caus\u00f3 la extra\u00f1a eliminaci\u00f3n de Alejo Sauras en &#8216;MasterChef Celebrity&#8217;<\/p>\n<p>            <img decoding=\"async\" class=\"lazy\" loading=\"lazy\" data-src=\"https:\/\/static.eldiario.es\/clip\/c7ead25c-b184-402a-a7ad-1544f5473d03_16-9-aspect-ratio_default_0.jpg\" src=\"data:image\/svg+xml,%3Csvg xmlns=\" http:=\"\" viewbox=\"0 0 880 495\" alt=\"El motivo laboral que implica a RTVE y parece que caus\u00f3 la extra\u00f1a eliminaci\u00f3n de Alejo Sauras en 'MasterChef Celebrity'\"\/><\/p>\n<p>                        <\/a><\/p>\n<p class=\"article-text\">\n        <strong>David Broncano<\/strong> se ech\u00f3 a re\u00edr y continu\u00f3 con la broma: \u201cHombre, no le cuesta nada y es importante\u201d, dec\u00eda entre las risas del p\u00fablico.\n    <\/p>\n<p>                                <script async src=\"https:\/\/platform.twitter.com\/widgets.js\" charset=\"utf-8\"><\/script><\/p>\n","protected":false},"excerpt":{"rendered":"Este mi\u00e9rcoles, 15 de octubre, Jorge Ponce reapareci\u00f3 en La Revuelta para hacer otra de sus secciones. En&hellip;\n","protected":false},"author":2,"featured_media":180392,"comment_status":"","ping_status":"","sticky":false,"template":"","format":"standard","meta":{"footnotes":""},"categories":[174],"tags":[7421,255,146,147,22889,25,24,256,2224,1664,8079,1822,24182,14791,20987,528,199,23],"class_list":{"0":"post-180391","1":"post","2":"type-post","3":"status-publish","4":"format-standard","5":"has-post-thumbnail","7":"category-famosos","8":"tag-begona","9":"tag-celebrities","10":"tag-entertainment","11":"tag-entretenimiento","12":"tag-envio","13":"tag-es","14":"tag-espana","15":"tag-famosos","16":"tag-jorge","17":"tag-juez","18":"tag-mensaje","19":"tag-pedro","20":"tag-peinado","21":"tag-ponce","22":"tag-pulla","23":"tag-revuelta","24":"tag-sanchez","25":"tag-spain"},"share_on_mastodon":{"url":"","error":""},"_links":{"self":[{"href":"https:\/\/www.europesays.com\/es\/wp-json\/wp\/v2\/posts\/180391","targetHints":{"allow":["GET"]}}],"collection":[{"href":"https:\/\/www.europesays.com\/es\/wp-json\/wp\/v2\/posts"}],"about":[{"href":"https:\/\/www.europesays.com\/es\/wp-json\/wp\/v2\/types\/post"}],"author":[{"embeddable":true,"href":"https:\/\/www.europesays.com\/es\/wp-json\/wp\/v2\/users\/2"}],"replies":[{"embeddable":true,"href":"https:\/\/www.europesays.com\/es\/wp-json\/wp\/v2\/comments?post=180391"}],"version-history":[{"count":0,"href":"https:\/\/www.europesays.com\/es\/wp-json\/wp\/v2\/posts\/180391\/revisions"}],"wp:featuredmedia":[{"embeddable":true,"href":"https:\/\/www.europesays.com\/es\/wp-json\/wp\/v2\/media\/180392"}],"wp:attachment":[{"href":"https:\/\/www.europesays.com\/es\/wp-json\/wp\/v2\/media?parent=180391"}],"wp:term":[{"taxonomy":"category","embeddable":true,"href":"https:\/\/www.europesays.com\/es\/wp-json\/wp\/v2\/categories?post=180391"},{"taxonomy":"post_tag","embeddable":true,"href":"https:\/\/www.europesays.com\/es\/wp-json\/wp\/v2\/tags?post=180391"}],"curies":[{"name":"wp","href":"https:\/\/api.w.org\/{rel}","templated":true}]}}