{"id":180395,"date":"2025-10-16T10:36:18","date_gmt":"2025-10-16T10:36:18","guid":{"rendered":"https:\/\/www.europesays.com\/es\/180395\/"},"modified":"2025-10-16T10:36:18","modified_gmt":"2025-10-16T10:36:18","slug":"el-extremeno-francisco-serrano-presenta-su-novela-ganadora-del-premio-tusquets-en-la-biblioteca-de-merida","status":"publish","type":"post","link":"https:\/\/www.europesays.com\/es\/180395\/","title":{"rendered":"El extreme\u00f1o Francisco Serrano presenta su novela ganadora del Premio Tusquets en la Biblioteca de M\u00e9rida"},"content":{"rendered":"<p><a class=\"v-mdl-ath__fig-a\" href=\"https:\/\/www.hoy.es\/autor\/celestino-j-vinagre-45.html\" title=\"Celestino J. Vinagre\" rel=\"nofollow noopener\" target=\"_blank\"><br \/>\n<img decoding=\"async\" class=\"v-mdl-ath__img\" src=\"https:\/\/www.europesays.com\/es\/wp-content\/uploads\/2025\/10\/autor-45-foto-1.jpeg\" alt=\"Celestino J. Vinagre\"\/><br \/>\n<\/a><\/p>\n<p class=\"v-mdl-ath__p v-mdl-ath__p--6\">\nJueves, 16 de octubre 2025, 11:15<\/p>\n<p class=\"v-p\">Cita literaria de altura en la ciudad. Este jueves, a partir de las 19.30 horas, en la Biblioteca Municipal &#8216;Juan Pablo Forner&#8217; el extreme\u00f1o Francisco Serrano presentar\u00e1 su obra &#8216;El coraz\u00f3n revolucionario del mundo&#8217;. Es la ganadora del prestigioso premio Tusquets de Novela de 2025. <a href=\"https:\/\/www.hoy.es\/badajoz\/escritor-pacense-francisco-serrano-gana-premio-tusquets-20250918125836-nt.html\" target=\"_self\" data-voc-vtm-id=\"in-text-traffic\" title=\"El anuncio se produjo el pasado 18 de septiembre\" data-mrf-link=\"www.hoy.es\" rel=\"nofollow noopener\">El anuncio se produjo el pasado 18 de septiembre<\/a>. El premio est\u00e1 dotado con 18.000 euros, adem\u00e1s de una estatuilla de bronce dise\u00f1ada por Joaqu\u00edn Camps.<\/p>\n<p class=\"v-p\">De esta forma, el escrito de Guare\u00f1a elige la capital de Extremadura como la primera ciudad que acoja la presentaci\u00f3n de su libro, reconocido por el jurado del Tusquets como un escrito \u00abveros\u00edmil, magn\u00e9tico y sorprendente. Francisco Serrano te atrapa y te obliga a preguntarte qu\u00e9 es lo revolucionario. Una novela para perderse y reencontrarse junto a su protagonista\u00bb.<\/p>\n<p class=\"v-p\">La editorial Tusquets define a su novela como \u00abun hipn\u00f3tico relato de una c\u00e9lula anticapitalista en los a\u00f1os setenta y la historia de c\u00f3mo, en su seno, una mujer trata de hacerse con las riendas de su vida\u00bb. La obra se ha publicado en la colecci\u00f3n Andanzas el pasado d\u00eda 8 de este mes.<\/p>\n<p class=\"v-p\">\u00abSiempre he sentido una gran fascinaci\u00f3n por los forajidos. Uno siempre siente una afinidad o una simpat\u00eda natural por el ladr\u00f3n de bancos, por el bandolero, por cualquier iteraci\u00f3n del rebelde que se niega a vivir bajo las normas de un sistema opresivo\u00bb, se\u00f1al\u00f3 el autor nacido en Guare\u00f1a en 1982 sobre el origen de la historia que cuenta en la novela en una nota enviada por la editorial. \u00abSin embargo, una vez desvanecido el halo rom\u00e1ntico, lo que queda es mucho m\u00e1s oscuro, mucho m\u00e1s turbio\u00bb, a\u00f1ade este guare\u00f1\u00e9s autor tambi\u00e9n de novelas como &#8216;En la costa desparecida&#8217; (2020), &#8216;Hajira&#8217; (2018) y &#8216;Perros del desierto&#8217; (2012).<\/p>\n<p class=\"v-p\">En la obra, toma como referente el terrorismo en los a\u00f1os 70 del siglo XX y sus contradicciones y se inspira en personajes como Carlos el Chacal o la banda armada Baader-Meinhof. Este punto le ha permitido explorar otros temas como los mundos encerrados, herm\u00e1ticos y clandestinos, as\u00ed como los estados mentales de autoenga\u00f1o y radicalizaci\u00f3n. Tambi\u00e9n las relaciones que establecen entre s\u00ed las personas en este ambiente extremo, especific\u00f3. \u00abPorque esta es, al fin y al cabo, una historia de terroristas enamorados\u00bb, explic\u00f3.<\/p>\n<p class=\"v-p\">Intervendr\u00e1 en la presentaci\u00f3n de su novela Borja Gonz\u00e1lez, ganador en 2023 del Premio Nacional de C\u00f3mic.<\/p>\n<p class=\"v-p\">\u00a0<\/p>\n<p>Reporta un error<\/p>\n","protected":false},"excerpt":{"rendered":"Jueves, 16 de octubre 2025, 11:15 Cita literaria de altura en la ciudad. Este jueves, a partir de&hellip;\n","protected":false},"author":2,"featured_media":180396,"comment_status":"","ping_status":"","sticky":false,"template":"","format":"standard","meta":{"footnotes":""},"categories":[172],"tags":[8930,224,146,147,25,24,13074,11826,5241,315,225,7236,1645,843,2782,1515,23,40692],"class_list":{"0":"post-180395","1":"post","2":"type-post","3":"status-publish","4":"format-standard","5":"has-post-thumbnail","7":"category-libros","8":"tag-biblioteca","9":"tag-books","10":"tag-entertainment","11":"tag-entretenimiento","12":"tag-es","13":"tag-espana","14":"tag-extremeno","15":"tag-francisco","16":"tag-ganadora","17":"tag-hoy","18":"tag-libros","19":"tag-merida","20":"tag-novela","21":"tag-premio","22":"tag-presenta","23":"tag-serrano","24":"tag-spain","25":"tag-tusquets"},"share_on_mastodon":{"url":"","error":""},"_links":{"self":[{"href":"https:\/\/www.europesays.com\/es\/wp-json\/wp\/v2\/posts\/180395","targetHints":{"allow":["GET"]}}],"collection":[{"href":"https:\/\/www.europesays.com\/es\/wp-json\/wp\/v2\/posts"}],"about":[{"href":"https:\/\/www.europesays.com\/es\/wp-json\/wp\/v2\/types\/post"}],"author":[{"embeddable":true,"href":"https:\/\/www.europesays.com\/es\/wp-json\/wp\/v2\/users\/2"}],"replies":[{"embeddable":true,"href":"https:\/\/www.europesays.com\/es\/wp-json\/wp\/v2\/comments?post=180395"}],"version-history":[{"count":0,"href":"https:\/\/www.europesays.com\/es\/wp-json\/wp\/v2\/posts\/180395\/revisions"}],"wp:featuredmedia":[{"embeddable":true,"href":"https:\/\/www.europesays.com\/es\/wp-json\/wp\/v2\/media\/180396"}],"wp:attachment":[{"href":"https:\/\/www.europesays.com\/es\/wp-json\/wp\/v2\/media?parent=180395"}],"wp:term":[{"taxonomy":"category","embeddable":true,"href":"https:\/\/www.europesays.com\/es\/wp-json\/wp\/v2\/categories?post=180395"},{"taxonomy":"post_tag","embeddable":true,"href":"https:\/\/www.europesays.com\/es\/wp-json\/wp\/v2\/tags?post=180395"}],"curies":[{"name":"wp","href":"https:\/\/api.w.org\/{rel}","templated":true}]}}