{"id":180413,"date":"2025-10-16T10:47:12","date_gmt":"2025-10-16T10:47:12","guid":{"rendered":"https:\/\/www.europesays.com\/es\/180413\/"},"modified":"2025-10-16T10:47:12","modified_gmt":"2025-10-16T10:47:12","slug":"mostoles-explora-los-origenes-artisticos-del-pintor-francisco-bores-en-la-efervescencia-vanguardista-del-madrid-de-los-anos-veinte","status":"publish","type":"post","link":"https:\/\/www.europesays.com\/es\/180413\/","title":{"rendered":"M\u00f3stoles explora los or\u00edgenes art\u00edsticos del pintor Francisco Bores en la efervescencia vanguardista del Madrid de los a\u00f1os veinte"},"content":{"rendered":"<ul>\n<li class=\" cmAlignjustify\">\u00b7<strong>La exposici\u00f3n \u00abFrancisco Bores en el Madrid de las primeras vanguardias\u00bb, de la Red Itiner de la Comunidad de Madrid, se podr\u00e1 visitar en la sala de columnas del Centro Cultural Villa de M\u00f3stoles, del 22 de octubre al 12 de noviembre.<\/strong><\/li>\n<\/ul>\n<p class=\"cmParagraph cmAlignjustify\"><img loading=\"lazy\" decoding=\"async\" src=\"https:\/\/www.europesays.com\/es\/wp-content\/uploads\/2025\/10\/1395591-destacada noticia Cartel Francisco Bores ayto.jpg\" width=\"400\" height=\"225\" alt=\"destacada noticia Cartel Francisco Bores ayto\"\/>El Ayuntamiento de M\u00f3stoles, a trav\u00e9s de la Concejal\u00eda de Cultura, Desarrollo y Promoci\u00f3n Tur\u00edstica, en colaboraci\u00f3n con la Red Itiner de la Comunidad de Madrid, presenta la exposici\u00f3n \u00abFrancisco Bores en el Madrid de las primeras vanguardias\u00bb, dedicada a los inicios del pintor en la capital espa\u00f1ola durante los a\u00f1os veinte.<\/p>\n<p class=\"cmParagraph cmAlignjustify\">La muestra se podr\u00e1 visitar en la sala de columnas del Centro Cultural Villa de M\u00f3stoles, del 22 de octubre al 12 de noviembre.<\/p>\n<p class=\"cmParagraph cmAlignjustify\">En esta exposici\u00f3n se muestra una exquisita selecci\u00f3n de obras de esta \u00e9poca que muestran tanto su dominio de las diferentes t\u00e9cnicas como su conocimiento de los distintos movimientos de vanguardia, como el cubismo o el futurismo. Lo aprendido durante esta etapa de formaci\u00f3n madrile\u00f1a resultar\u00e1 clave cuando en 1925 decide trasladarse a la capital francesa, donde se convirti\u00f3 en uno de los m\u00e1s destacados representantes de la Escuela de Par\u00eds.<\/p>\n<p class=\"cmParagraph cmAlignjustify\">Francisco Bores (1898-1972) es considerado uno de los creadores m\u00e1s singulares de la pintura espa\u00f1ola contempor\u00e1nea. Siempre adelantado a su tiempo, destac\u00f3 tanto en el panorama nacional como internacional gracias a su personal reinterpretaci\u00f3n de las corrientes de vanguardia.<\/p>\n<p class=\"cmParagraph cmAlignjustify\">Durante su estancia en Madrid en los a\u00f1os veinte, Bores se integr\u00f3 plenamente en la vibrante Edad de Plata de la cultura espa\u00f1ola, estrechamente vinculada a la Residencia de Estudiantes, epicentro de encuentro entre artistas e intelectuales como Salvador Dal\u00ed o Luis Bu\u00f1uel. Esta efervescencia cultural qued\u00f3 reflejada en sus dibujos y grabados ultra\u00edstas, en escenas de caf\u00e9s y tertulias literarias, en vistas de teatros repletos y en representaciones de una capital moderna y bulliciosa.<\/p>\n<p class=\"cmParagraph\"><strong>M\u00f3stoles explora los or\u00edgenes art\u00edsticos del pintor Francisco Bores en la efervescencia vanguardista del Madrid de los a\u00f1os veinte<\/strong><\/p>\n<p><\/p>\n","protected":false},"excerpt":{"rendered":"\u00b7La exposici\u00f3n \u00abFrancisco Bores en el Madrid de las primeras vanguardias\u00bb, de la Red Itiner de la Comunidad&hellip;\n","protected":false},"author":2,"featured_media":180414,"comment_status":"","ping_status":"","sticky":false,"template":"","format":"standard","meta":{"footnotes":""},"categories":[5],"tags":[1201,6853,1250,17,18,6854,777,2800,5509,25,24,13,14,11,6852,1928,6850,19,20,6849,9,10,15,16,4111,6851,23,12,21,22,6855],"class_list":{"0":"post-180413","1":"post","2":"type-post","3":"status-publish","4":"format-standard","5":"has-post-thumbnail","7":"category-titulares","8":"tag-alcalde","9":"tag-atencioacuten-ciudadana","10":"tag-ayuntamiento","11":"tag-breaking-news","12":"tag-breakingnews","13":"tag-callejero","14":"tag-ciudad","15":"tag-distritos","16":"tag-empleo","17":"tag-es","18":"tag-espana","19":"tag-featured-news","20":"tag-featurednews","21":"tag-headlines","22":"tag-inversioacuten","23":"tag-joven","24":"tag-juventud","25":"tag-latest-news","26":"tag-latestnews","27":"tag-moacutestoles","28":"tag-news","29":"tag-noticias","30":"tag-noticias-destacadas","31":"tag-noticiasdestacadas","32":"tag-presupuestos","33":"tag-sede-electroacutenica","34":"tag-spain","35":"tag-titulares","36":"tag-ultimas-noticias","37":"tag-ultimasnoticias","38":"tag-webs-municipales"},"share_on_mastodon":{"url":"","error":""},"_links":{"self":[{"href":"https:\/\/www.europesays.com\/es\/wp-json\/wp\/v2\/posts\/180413","targetHints":{"allow":["GET"]}}],"collection":[{"href":"https:\/\/www.europesays.com\/es\/wp-json\/wp\/v2\/posts"}],"about":[{"href":"https:\/\/www.europesays.com\/es\/wp-json\/wp\/v2\/types\/post"}],"author":[{"embeddable":true,"href":"https:\/\/www.europesays.com\/es\/wp-json\/wp\/v2\/users\/2"}],"replies":[{"embeddable":true,"href":"https:\/\/www.europesays.com\/es\/wp-json\/wp\/v2\/comments?post=180413"}],"version-history":[{"count":0,"href":"https:\/\/www.europesays.com\/es\/wp-json\/wp\/v2\/posts\/180413\/revisions"}],"wp:featuredmedia":[{"embeddable":true,"href":"https:\/\/www.europesays.com\/es\/wp-json\/wp\/v2\/media\/180414"}],"wp:attachment":[{"href":"https:\/\/www.europesays.com\/es\/wp-json\/wp\/v2\/media?parent=180413"}],"wp:term":[{"taxonomy":"category","embeddable":true,"href":"https:\/\/www.europesays.com\/es\/wp-json\/wp\/v2\/categories?post=180413"},{"taxonomy":"post_tag","embeddable":true,"href":"https:\/\/www.europesays.com\/es\/wp-json\/wp\/v2\/tags?post=180413"}],"curies":[{"name":"wp","href":"https:\/\/api.w.org\/{rel}","templated":true}]}}