{"id":180424,"date":"2025-10-16T10:54:14","date_gmt":"2025-10-16T10:54:14","guid":{"rendered":"https:\/\/www.europesays.com\/es\/180424\/"},"modified":"2025-10-16T10:54:14","modified_gmt":"2025-10-16T10:54:14","slug":"carlos-sainz-en-busca-de-mas-puntos-en-el-gp-de-estados-unidos","status":"publish","type":"post","link":"https:\/\/www.europesays.com\/es\/180424\/","title":{"rendered":"Carlos Sainz, en busca de m\u00e1s puntos en el GP de Estados Unidos"},"content":{"rendered":"<ul>&#13;<\/p>\n<li>Carlos Sainz cruza el Atl\u00e1ntico para competir este fin de semana en el GP de Estados Unidos, en un escenario donde atesora buenos resultados hist\u00f3ricamente: termin\u00f3 tercero en 2023 y segundo en 2024.<\/li>\n<p>&#13;<\/p>\n<li>El Circuit of the Americas tambi\u00e9n marca el retorno al fin de semana con el formato Sprint, al que no se recurr\u00eda desde el mes de julio: Austin albergar\u00e1 el cuarto Sprint de los seis que hay previstos esta temporada.<\/li>\n<p>&#13;<\/p>\n<li>En las dos \u00faltimas carreras, Carlos ha sumado 16 de los 32 puntos que atesora en el Campeonato de Pilotos. Quiere dar continuidad a las buenas sensaciones en los seis Grandes Premios que quedan por delante.<\/li>\n<p>&#13;\n<\/ul>\n<p><strong>DECLARACIONES:<\/strong><br \/>&#13;<br \/>\n\u201cSiempre es genial volver a Austin, y este a\u00f1o con el formato Sprint ser\u00e1 realmente emocionante y un fin de semana con mucha acci\u00f3n en la pista. Llevamos unas cuantas semanas fuertes como equipo y estamos generando un buen impulso, as\u00ed que estoy deseando volver a salir a pista y ojal\u00e1 que seguir sumando puntos para mantener la quinta posici\u00f3n del Campeonato. Como un equipo de propiedad americana, volver a casa siempre aporta mucha energ\u00eda al fin de semana, por lo que estaremos muy ocupados, pero tambi\u00e9n ser\u00e1 uno de los mejores de la temporada\u201d.<\/p>\n<p><strong>PR\u00d3XIMA ACTIVIDAD:<\/strong><br \/>&#13;<br \/>\nViernes, 17 de octubre de 2025:<\/p>\n<ul>&#13;<\/p>\n<li>Entrenamientos Libres 1: 12:30 hora local (19:30 CEST)<\/li>\n<p>&#13;<\/p>\n<li>Sprint Qualifying: 16:30 hora local (23:30 CEST)<\/li>\n<p>&#13;\n<\/ul>\n<p><a href=\"https:\/\/www.carlossainz.es\/media-formula1.html\" target=\"_blank\" rel=\"nofollow noopener\"><img decoding=\"async\" alt=\"\" src=\"https:\/\/www.europesays.com\/es\/wp-content\/uploads\/2025\/10\/a52c114b6606408566fc614900f380d08bbcdb9f.jpeg\" style=\"width:100%\"\/><\/a><\/p>\n","protected":false},"excerpt":{"rendered":"&#13; Carlos Sainz cruza el Atl\u00e1ntico para competir este fin de semana en el GP de Estados Unidos,&hellip;\n","protected":false},"author":2,"featured_media":180425,"comment_status":"","ping_status":"","sticky":false,"template":"","format":"standard","meta":{"footnotes":""},"categories":[270],"tags":[32474,307,51293,168,25,24,306,271,272,4152,50603,23,167,51292,308],"class_list":{"0":"post-180424","1":"post","2":"type-post","3":"status-publish","4":"format-standard","5":"has-post-thumbnail","7":"category-formula-1","8":"tag-austin","9":"tag-carlos-sainz","10":"tag-cota","11":"tag-deportes","12":"tag-es","13":"tag-espana","14":"tag-f1","15":"tag-formula-1","16":"tag-formula1","17":"tag-fw47","18":"tag-gp-estados-unidos","19":"tag-spain","20":"tag-sports","21":"tag-united-states-gp","22":"tag-williams"},"share_on_mastodon":{"url":"","error":""},"_links":{"self":[{"href":"https:\/\/www.europesays.com\/es\/wp-json\/wp\/v2\/posts\/180424","targetHints":{"allow":["GET"]}}],"collection":[{"href":"https:\/\/www.europesays.com\/es\/wp-json\/wp\/v2\/posts"}],"about":[{"href":"https:\/\/www.europesays.com\/es\/wp-json\/wp\/v2\/types\/post"}],"author":[{"embeddable":true,"href":"https:\/\/www.europesays.com\/es\/wp-json\/wp\/v2\/users\/2"}],"replies":[{"embeddable":true,"href":"https:\/\/www.europesays.com\/es\/wp-json\/wp\/v2\/comments?post=180424"}],"version-history":[{"count":0,"href":"https:\/\/www.europesays.com\/es\/wp-json\/wp\/v2\/posts\/180424\/revisions"}],"wp:featuredmedia":[{"embeddable":true,"href":"https:\/\/www.europesays.com\/es\/wp-json\/wp\/v2\/media\/180425"}],"wp:attachment":[{"href":"https:\/\/www.europesays.com\/es\/wp-json\/wp\/v2\/media?parent=180424"}],"wp:term":[{"taxonomy":"category","embeddable":true,"href":"https:\/\/www.europesays.com\/es\/wp-json\/wp\/v2\/categories?post=180424"},{"taxonomy":"post_tag","embeddable":true,"href":"https:\/\/www.europesays.com\/es\/wp-json\/wp\/v2\/tags?post=180424"}],"curies":[{"name":"wp","href":"https:\/\/api.w.org\/{rel}","templated":true}]}}