{"id":180426,"date":"2025-10-16T10:55:10","date_gmt":"2025-10-16T10:55:10","guid":{"rendered":"https:\/\/www.europesays.com\/es\/180426\/"},"modified":"2025-10-16T10:55:10","modified_gmt":"2025-10-16T10:55:10","slug":"el-valencia-basket-confirma-dos-salidas-de-su-plantilla-asi-queda-su-rotacion","status":"publish","type":"post","link":"https:\/\/www.europesays.com\/es\/180426\/","title":{"rendered":"El Valencia Basket confirma dos salidas de su plantilla: as\u00ed queda su rotaci\u00f3n"},"content":{"rendered":"<p>El Valencia Basket ha confirmado en las \u00faltimas horas dos salidas de su plantilla.\u00a0<strong>Nate Sestina e Ike Iroegbu\u00a0<\/strong>se han convertido en agentes libres despu\u00e9s del primer mes de temporada en la Liga Endesa y la Euroliga.<\/p>\n<p>Sestina, que viv\u00eda su segunda temporada en el conjunto taronja, ha sido el descarte extracomunitario en los dos partidos de Liga Endesa que ha jugado el Valencia Basket hasta la fecha para que Omari Moore y Kameron Taylor pudiesen estar en el equipo. En el caso de Ike Iroegbu se incorpor\u00f3 a la disciplina de Pedro Mart\u00ednez ante las bajas de Brancou Badio, Xabi L\u00f3pez-Arostegui y Jean Montero pero con la incorporaci\u00f3n del primero y la entrada en din\u00e1mica de entrenamientos del segundo el regreso de estas piezas a la rotaci\u00f3n confirma su salida tras el encuentro contra el Hapoel Tel Aviv.<\/p>\n<p>As\u00ed se <a href=\"https:\/\/www.valenciabasket.com\/nate-sestina-se-desvincula-de-valencia-basket\" rel=\"nofollow noopener\" target=\"_blank\">desped\u00eda<\/a> el Valencia Basket de Nate Sestina:<\/p>\n<p>\u00abValencia Basket ha alcanzado un acuerdo con el ala-p\u00edvot norteamericano Nate Sestina\u00a0(2,05m, Emporium (Pennsilvania), 12\/05\/1997, 28 a\u00f1os)\u00a0para rescindir el contrato que un\u00eda a las dos partes hasta el final de la actual temporada, por lo que el jugador queda\u00a0desvinculado de nuestro Club\u00bb.<\/p>\n<p>Antes del comunicado oficial del club, Pedro Mart\u00ednez confirm\u00f3 la marcha de Iroegbu en la rueda de prensa postartido:<\/p>\n<p>\u00abIke [Iroegbu] acaba contrato hoy y ya hemos recuperado a Xabi L\u00f3pez-Arostegui, hemos recuperado a Papi [Brancou Badio] y Montero, espero que tambi\u00e9n est\u00e9 recuperado pronto. Darle las gracias porque nos ayud\u00f3 mucho. Siempre nos acordaremos de la semifinal de la Supercopa que tuvo una actuaci\u00f3n muy destacada en un momento muy complicado del partido y nos ayud\u00f3 much\u00edsimo, y tambi\u00e9n nos ha ayudado much\u00edsimo en el d\u00eda a d\u00eda y ha tenido una mentalidad excelente. Tambi\u00e9n espero que pronto encuentre equipo y que le vayan las cosas muy bien\u00bb.<\/p>\n<p>As\u00ed queda la rotaci\u00f3n del Valencia Basket<\/p>\n<p>Tras las salidas de Nate Sestina e Ike Iroegbu<\/p>\n<p>Montero* \u2013 Thompson \u2013 De Larrea<br \/>Moore \u2013 Badio \u2013 Nogu\u00e9s<br \/>Taylor \u2013 Puerto \u2013 Arostegui<br \/>Pradilla \u2013 Costello<br \/>Sako \u2013 Reuvers \u2013 Sima* \u2013 Happ*<\/p>\n<p>*Jugadores lesionados<\/p>\n<p style=\"text-align: right;\">acb Photo<\/p>\n<p><img decoding=\"async\" src=\"https:\/\/www.europesays.com\/es\/wp-content\/uploads\/2025\/10\/1760612107_2_mtracking.gif\" alt=\"Etiquetas de Mautic\" style=\"display:none;\"\/><\/p>\n<p><a href=\"https:\/\/www.gigantes.com\/tienda\/hemeroteca\/guia-nba-2025-26-no-1-561-octubre-2025\/\" rel=\"nofollow noopener\" target=\"_blank\"><img loading=\"lazy\" decoding=\"async\" class=\"aligncenter wp-image-761455 size-large\" src=\"https:\/\/www.europesays.com\/es\/wp-content\/uploads\/2025\/10\/INSTAGRAM-2-1024x1024.jpg.webp.webp\" alt=\"Gu\u00eda NBA\" width=\"680\" height=\"680\"  \/><\/a><\/p>\n<p>\t\t\t\t\t<img loading=\"lazy\" decoding=\"async\" src=\"https:\/\/www.europesays.com\/es\/wp-content\/uploads\/2025\/10\/mano.png\" width=\"60\" height=\"60\" alt=\"Deliza hacia abajo\"\/>Sigue deslizando hacia abajo para ver m\u00e1s contenidos<\/p>\n","protected":false},"excerpt":{"rendered":"El Valencia Basket ha confirmado en las \u00faltimas horas dos salidas de su plantilla.\u00a0Nate Sestina e Ike Iroegbu\u00a0se&hellip;\n","protected":false},"author":2,"featured_media":173293,"comment_status":"","ping_status":"","sticky":false,"template":"","format":"standard","meta":{"footnotes":""},"categories":[269],"tags":[299,298,168,25,24,51294,50931,23,167],"class_list":{"0":"post-180426","1":"post","2":"type-post","3":"status-publish","4":"format-standard","5":"has-post-thumbnail","7":"category-baloncesto","8":"tag-baloncesto","9":"tag-basketball","10":"tag-deportes","11":"tag-es","12":"tag-espana","13":"tag-ike-iroegbu","14":"tag-nate-sestina","15":"tag-spain","16":"tag-sports"},"share_on_mastodon":{"url":"","error":""},"_links":{"self":[{"href":"https:\/\/www.europesays.com\/es\/wp-json\/wp\/v2\/posts\/180426","targetHints":{"allow":["GET"]}}],"collection":[{"href":"https:\/\/www.europesays.com\/es\/wp-json\/wp\/v2\/posts"}],"about":[{"href":"https:\/\/www.europesays.com\/es\/wp-json\/wp\/v2\/types\/post"}],"author":[{"embeddable":true,"href":"https:\/\/www.europesays.com\/es\/wp-json\/wp\/v2\/users\/2"}],"replies":[{"embeddable":true,"href":"https:\/\/www.europesays.com\/es\/wp-json\/wp\/v2\/comments?post=180426"}],"version-history":[{"count":0,"href":"https:\/\/www.europesays.com\/es\/wp-json\/wp\/v2\/posts\/180426\/revisions"}],"wp:featuredmedia":[{"embeddable":true,"href":"https:\/\/www.europesays.com\/es\/wp-json\/wp\/v2\/media\/173293"}],"wp:attachment":[{"href":"https:\/\/www.europesays.com\/es\/wp-json\/wp\/v2\/media?parent=180426"}],"wp:term":[{"taxonomy":"category","embeddable":true,"href":"https:\/\/www.europesays.com\/es\/wp-json\/wp\/v2\/categories?post=180426"},{"taxonomy":"post_tag","embeddable":true,"href":"https:\/\/www.europesays.com\/es\/wp-json\/wp\/v2\/tags?post=180426"}],"curies":[{"name":"wp","href":"https:\/\/api.w.org\/{rel}","templated":true}]}}