{"id":180427,"date":"2025-10-16T10:56:09","date_gmt":"2025-10-16T10:56:09","guid":{"rendered":"https:\/\/www.europesays.com\/es\/180427\/"},"modified":"2025-10-16T10:56:09","modified_gmt":"2025-10-16T10:56:09","slug":"en-polonia-ven-a-lewandowski-en-el-atletico-de-madrid","status":"publish","type":"post","link":"https:\/\/www.europesays.com\/es\/180427\/","title":{"rendered":"\u00a1En Polonia ven a Lewandowski en el Atl\u00e9tico de Madrid!"},"content":{"rendered":"<p class=\"ft-text\">El futuro de Lewandowski comienza a estar en un primer plano. Primero, por el buen arranque goleador del polaco y ahora por su segunda lesi\u00f3n de la temporada, que ha generado pol\u00e9mica porque pudo haber forzado con su selecci\u00f3n hasta que acab\u00f3 rompi\u00e9ndose.<a class=\"ft-link ft-link--decoration\" href=\"https:\/\/www.sport.es\/es\/noticias\/barca\/lewandowski-asume-reto-convencer-barca-122065604\" rel=\"nofollow noopener\" target=\"_blank\"> En Polonia empiezan a tener claro que el Bar\u00e7a no le abrir\u00e1 las puertas a realizar un quinto a\u00f1o en el club a pesar de que el goleador desear\u00eda querdarse. Y apuntan a que la prioridad del delantero ser\u00eda por quedarse en Europa, d\u00f3nde tiene el inter\u00e9s de alg\u00fan equipo.<\/a> <strong>Surgi\u00f3 el nombre del Milan y ahora deslizan la posibilidad del Atl\u00e9tico de Madrid, ya que Diego Simeone valora mucho al futbolista y m\u00e1s si puede llegar con la carta de libertad.<\/strong><\/p>\n<p class=\"ft-text\">El periodista Mateusz \u015awi\u0119cicki apunt\u00f3 que el futuro de Lewandowski pasaba por Europa: \u00ab<a class=\"ft-link ft-link--decoration\" href=\"https:\/\/www.sport.es\/es\/noticias\/barca\/milan-posiciona-futuro-robert-lewandowski-122102471\" rel=\"nofollow noopener\" target=\"_blank\">El Milan es una probabilidad, pero tengo una teor\u00eda y es que Lewandowski va a jugar una temporada en el Atl\u00e9tico de Madrid.<\/a> <strong>Puede tener \u00e9xitos con Sorloth y el Atl\u00e9tico ya fich\u00f3 en su momento a David Villa o Luis Su\u00e1rez. Adem\u00e1s, hay asuntos personales por resolver\u00bb, se\u00f1al\u00f3 el comentarista deportivo polaco.<\/strong><\/p>\n<p class=\"ft-text\">Robert Lewandowski prioriza quedarse en Barcelona aunque sea con un rol ya m\u00e1s secundario y adecu\u00e1ndose el salario, pero el club blaugrana no tomar\u00e1 ninguna decisi\u00f3n hasta que vaya finalizando la temporada. El Bar\u00e7a estaba abierto a todo, pero las \u00faltimas lesiones del delantero indican que la decisi\u00f3n final pasar\u00eda por una salida al finalizar el contrato para ahorrarse un salario alto. <strong>Es por ello que el Bar\u00e7a est\u00e1 estudiando con detenimiento el mercado de delanteros centros con el objetivo de realizar un fichaje estrat\u00e9gico. No es f\u00e1cil porque la inversi\u00f3n a realizar es alta y el club, salvo que haya ventas, tiene una situaci\u00f3n econ\u00f3mica complicada.<\/strong><\/p>\n<p class=\"ft-text\">El entorno de Lewandowski ha recibido ya el inter\u00e9s de equipos de Arabia Saud\u00ed y la MLS aunque no tiene nada claro finalizar su etapa al m\u00e1ximo nivel en Europa. En las \u00faltimas semanas, su agente, Pini Zahavi, se reuni\u00f3 con el Milan, equipo que s\u00ed estar\u00eda dispuesto a firmarle si finalmente acaba saliendo del Bar\u00e7a.<strong> La Juventus tambi\u00e9n est\u00e1 atento a su futuro. Por el momento no hay ofertas en firme porque el polaco quiere esperar a la decisi\u00f3n del Bar\u00e7a antes de comenzar a hablar con otros clubs.<\/strong><\/p>\n<p class=\"ft-text\">El Atl\u00e9tico de Madrid siempre ha estado atento a oportunidades que han salido del Bar\u00e7a y ha realizado operaciones econ\u00f3mica y deportivamente muy ventajosas. La \u00faltima fue la del uruguayo Luis Su\u00e1rez, que rescidi\u00f3 con el club blaugrana para convertirse en l\u00edder de la defensa colchonera en un a\u00f1o que consiguieron ganar la Liga. <strong>David Villa en su momento tambi\u00e9n le dio muy buenos resultados. Habr\u00e1 que ver el rendimiento de Lewandowski de aqu\u00ed hasta finales de temporada aunque nadie duda que si las lesiones le respetan, se trata de un aut\u00e9ntico &#8216;Killer&#8217;.<\/strong><\/p>\n","protected":false},"excerpt":{"rendered":"El futuro de Lewandowski comienza a estar en un primer plano. Primero, por el buen arranque goleador del&hellip;\n","protected":false},"author":2,"featured_media":180428,"comment_status":"","ping_status":"","sticky":false,"template":"","format":"standard","meta":{"footnotes":""},"categories":[268],"tags":[1517,2296,210,2297,168,25,24,280,282,17435,281,23,167],"class_list":{"0":"post-180427","1":"post","2":"type-post","3":"status-publish","4":"format-standard","5":"has-post-thumbnail","7":"category-futbol","8":"tag-atletico","9":"tag-barca","10":"tag-barcelona","11":"tag-barsa","12":"tag-deportes","13":"tag-es","14":"tag-espana","15":"tag-football","16":"tag-futbol","17":"tag-lewandowski","18":"tag-soccer","19":"tag-spain","20":"tag-sports"},"share_on_mastodon":{"url":"","error":""},"_links":{"self":[{"href":"https:\/\/www.europesays.com\/es\/wp-json\/wp\/v2\/posts\/180427","targetHints":{"allow":["GET"]}}],"collection":[{"href":"https:\/\/www.europesays.com\/es\/wp-json\/wp\/v2\/posts"}],"about":[{"href":"https:\/\/www.europesays.com\/es\/wp-json\/wp\/v2\/types\/post"}],"author":[{"embeddable":true,"href":"https:\/\/www.europesays.com\/es\/wp-json\/wp\/v2\/users\/2"}],"replies":[{"embeddable":true,"href":"https:\/\/www.europesays.com\/es\/wp-json\/wp\/v2\/comments?post=180427"}],"version-history":[{"count":0,"href":"https:\/\/www.europesays.com\/es\/wp-json\/wp\/v2\/posts\/180427\/revisions"}],"wp:featuredmedia":[{"embeddable":true,"href":"https:\/\/www.europesays.com\/es\/wp-json\/wp\/v2\/media\/180428"}],"wp:attachment":[{"href":"https:\/\/www.europesays.com\/es\/wp-json\/wp\/v2\/media?parent=180427"}],"wp:term":[{"taxonomy":"category","embeddable":true,"href":"https:\/\/www.europesays.com\/es\/wp-json\/wp\/v2\/categories?post=180427"},{"taxonomy":"post_tag","embeddable":true,"href":"https:\/\/www.europesays.com\/es\/wp-json\/wp\/v2\/tags?post=180427"}],"curies":[{"name":"wp","href":"https:\/\/api.w.org\/{rel}","templated":true}]}}