{"id":180431,"date":"2025-10-16T10:58:10","date_gmt":"2025-10-16T10:58:10","guid":{"rendered":"https:\/\/www.europesays.com\/es\/180431\/"},"modified":"2025-10-16T10:58:10","modified_gmt":"2025-10-16T10:58:10","slug":"la-imagen-de-badajoz-que-ha-conquistado-el-concurso-nacional-de-fotografia-en-instagram","status":"publish","type":"post","link":"https:\/\/www.europesays.com\/es\/180431\/","title":{"rendered":"La imagen de Badajoz que ha conquistado el concurso nacional de fotograf\u00eda en Instagram"},"content":{"rendered":"<p><a class=\"v-mdl-ath__fig-a\" href=\"https:\/\/www.hoy.es\/autor\/irene-toribio-7289.html\" title=\"Irene Toribio\" rel=\"nofollow noopener\" target=\"_blank\"><br \/>\n<img decoding=\"async\" class=\"v-mdl-ath__img\" src=\"https:\/\/www.europesays.com\/es\/wp-content\/uploads\/2025\/07\/autor-7289-foto-2.jpeg\" alt=\"Irene Toribio\"\/><br \/>\n<\/a><\/p>\n<p class=\"v-mdl-ath__p v-mdl-ath__p--6\">\nJueves, 16 de octubre 2025, 10:19<\/p>\n<p class=\"v-p\">Badajoz se ba\u00f1a en la luz dorada del ocaso mientras reposa sobre el r\u00edo Guadiana. En el horizonte, una marea de nubes dram\u00e1ticas parece abrazar la ciudad, y sobre los tejados se despliega un vuelo elegante de aves, dibujando silenciosas melod\u00edas en su silueta. Esa ha sido la apuesta ganadora de<strong> Juan Antequera<\/strong>, que se ha hecho con el <strong>segundo premio nacional<\/strong> en la quinta edici\u00f3n del <strong>certamen fotogr\u00e1fico en Instagram &#8216;Mi Rinc\u00f3n Favorito&#8217;.<\/strong><\/p>\n<p><img decoding=\"async\" loading=\"lazy\" src=\"https:\/\/www.europesays.com\/es\/wp-content\/uploads\/2025\/10\/imagen-badajoz-kIQH-U2303382681263CBG-650x800@Hoy.jpg\" class=\"v-a-img\" width=\"650\" height=\"800\" alt=\"\" data-voc-vtm-id=\"in-text-traffic\"\/><\/p>\n<p><img loading=\"lazy\" decoding=\"async\" src=\"https:\/\/www.europesays.com\/es\/wp-content\/uploads\/2025\/10\/imagen-badajoz.jpg\" class=\"v-mdl__img-z\" width=\"1920\" height=\"1344\" alt=\"\"\/><\/p>\n<p class=\"v-p\">El primer premio ha sido para <strong>H\u00e9ctor Caro<\/strong>, por una fotograf\u00eda que retrata San Juan de Gaztelugatxe (Bizkaia) con una mirada muy f\u00edsica, donde se muestra la ermita encaramada sobre el islote y la serpenteante escalinata que trepa por el acantilado, con el mar rompiendo en primer plano y un cielo de atardecer encendido. El encuadre vertical conduce la vista en diagonal desde la espuma hasta la cima, mientras un cielo c\u00e1lido de atardecer envuelve la escena. La combinaci\u00f3n de textura p\u00e9trea, agua en movimiento y luz rasante convierte el lugar en un relato visual de la costa cant\u00e1brica.<\/p>\n<p class=\"v-p\"><strong>Germ\u00e1n Franco <\/strong>(Comunidad de Madrid) ha obtenido el tercer premio con una imagen en la que las Cuatro Torres emergen de un mar de nubes bajo un cielo rojizo. La atm\u00f3sfera de inversi\u00f3n t\u00e9rmica y la paleta crepuscular estilizan el perfil financiero de la capital y lo sit\u00faan en un plano casi on\u00edrico, entre la arquitectura y la nubosidad en fuga.<\/p>\n<p class=\"v-p\">El resto de galardones han sido para Diego Moradillo (Arag\u00f3n), cuarto premio y Marina Mart\u00edn (Castilla y Le\u00f3n), quinto premio.<\/p>\n<p>Reporta un error<\/p>\n","protected":false},"excerpt":{"rendered":"Jueves, 16 de octubre 2025, 10:19 Badajoz se ba\u00f1a en la luz dorada del ocaso mientras reposa sobre&hellip;\n","protected":false},"author":2,"featured_media":180432,"comment_status":"","ping_status":"","sticky":false,"template":"","format":"standard","meta":{"footnotes":""},"categories":[173],"tags":[229,233,231,230,7235,22607,5246,1477,4023,3972,232,234,146,147,25,24,7234,244,8420,1157,1641,4536,51295,813,23],"class_list":{"0":"post-180431","1":"post","2":"type-post","3":"status-publish","4":"format-standard","5":"has-post-thumbnail","7":"category-arte-y-diseno","8":"tag-arte","9":"tag-arte-y-diseno","10":"tag-arts","11":"tag-arts-and-design","12":"tag-badajoz","13":"tag-bonitas","14":"tag-certamen","15":"tag-ciudades","16":"tag-concurso","17":"tag-conquista","18":"tag-design","19":"tag-diseno","20":"tag-entertainment","21":"tag-entretenimiento","22":"tag-es","23":"tag-espana","24":"tag-extremadura","25":"tag-fotografia","26":"tag-fotografias","27":"tag-imagen","28":"tag-imagenes","29":"tag-instagram","30":"tag-mi-rincon-favorito","31":"tag-nacional","32":"tag-spain"},"share_on_mastodon":{"url":"","error":""},"_links":{"self":[{"href":"https:\/\/www.europesays.com\/es\/wp-json\/wp\/v2\/posts\/180431","targetHints":{"allow":["GET"]}}],"collection":[{"href":"https:\/\/www.europesays.com\/es\/wp-json\/wp\/v2\/posts"}],"about":[{"href":"https:\/\/www.europesays.com\/es\/wp-json\/wp\/v2\/types\/post"}],"author":[{"embeddable":true,"href":"https:\/\/www.europesays.com\/es\/wp-json\/wp\/v2\/users\/2"}],"replies":[{"embeddable":true,"href":"https:\/\/www.europesays.com\/es\/wp-json\/wp\/v2\/comments?post=180431"}],"version-history":[{"count":0,"href":"https:\/\/www.europesays.com\/es\/wp-json\/wp\/v2\/posts\/180431\/revisions"}],"wp:featuredmedia":[{"embeddable":true,"href":"https:\/\/www.europesays.com\/es\/wp-json\/wp\/v2\/media\/180432"}],"wp:attachment":[{"href":"https:\/\/www.europesays.com\/es\/wp-json\/wp\/v2\/media?parent=180431"}],"wp:term":[{"taxonomy":"category","embeddable":true,"href":"https:\/\/www.europesays.com\/es\/wp-json\/wp\/v2\/categories?post=180431"},{"taxonomy":"post_tag","embeddable":true,"href":"https:\/\/www.europesays.com\/es\/wp-json\/wp\/v2\/tags?post=180431"}],"curies":[{"name":"wp","href":"https:\/\/api.w.org\/{rel}","templated":true}]}}