{"id":180435,"date":"2025-10-16T11:00:11","date_gmt":"2025-10-16T11:00:11","guid":{"rendered":"https:\/\/www.europesays.com\/es\/180435\/"},"modified":"2025-10-16T11:00:11","modified_gmt":"2025-10-16T11:00:11","slug":"las-lagrimas-de-gloria-camila-en-supervivientes-all-stars-por-el-futuro-de-su-sobrina","status":"publish","type":"post","link":"https:\/\/www.europesays.com\/es\/180435\/","title":{"rendered":"Las l\u00e1grimas de Gloria Camila en &#8216;Supervivientes All Stars&#8217; por el futuro de su sobrina"},"content":{"rendered":"<p data-journey-content=\"true\" data-node-id=\"4\" class=\"css-6wxqfj emevuu60\">El <a href=\"https:\/\/www.diezminutos.es\/famosos-corazon\/famosos-espanoles\/a65326336\/michu-muerte-ex-pareja-jose-fernando-ortega\/\" target=\"_blank\" data-vars-ga-outbound-link=\"https:\/\/www.diezminutos.es\/famosos-corazon\/famosos-espanoles\/a65326336\/michu-muerte-ex-pareja-jose-fernando-ortega\/\" data-vars-ga-ux-element=\"Hyperlink\" data-vars-ga-call-to-action=\"reciente fallecimiento de Michu\" data-node-id=\"4.1\" class=\"body-link css-177bzfx emevuu60\" rel=\"nofollow noopener\">reciente fallecimiento de Michu<\/a>, ex pareja de <a href=\"https:\/\/www.diezminutos.es\/teleprograma\/programas-tv\/a67952736\/jose-ortega-cano-sorprende-gloria-camila-supervivientes-all-stars\/\" target=\"_blank\" data-vars-ga-outbound-link=\"https:\/\/www.diezminutos.es\/teleprograma\/programas-tv\/a67952736\/jose-ortega-cano-sorprende-gloria-camila-supervivientes-all-stars\/\" data-vars-ga-ux-element=\"Hyperlink\" data-vars-ga-call-to-action=\"Jos\u00e9 Fernando Ortega\" data-node-id=\"4.3\" class=\"body-link css-177bzfx emevuu60\" rel=\"nofollow noopener\">Jos\u00e9 Fernando Ortega<\/a>, ha dejado una huella profunda en el clan familiar. Y entre quienes m\u00e1s han manifestado su dolor se encuentra <strong data-node-id=\"4.5\">Gloria Camila<\/strong>, que durante su paso por &#8216;<a href=\"https:\/\/www.diezminutos.es\/teleprograma\/programas-tv\/g66011988\/supervivientes-all-stars-2025-nominados-expulsado\/\" target=\"_blank\" data-vars-ga-outbound-link=\"https:\/\/www.diezminutos.es\/teleprograma\/programas-tv\/g66011988\/supervivientes-all-stars-2025-nominados-expulsado\/\" data-vars-ga-ux-element=\"Hyperlink\" data-vars-ga-call-to-action=\"Supervivientes All Stars 2\" data-node-id=\"4.7\" class=\"body-link css-177bzfx emevuu60\" rel=\"nofollow noopener\">Supervivientes All Stars 2<\/a>&#8216; no ha podido contener las l\u00e1grimas en m\u00e1s de una ocasi\u00f3n por la situaci\u00f3n de su sobrina Mar\u00eda del Roc\u00edo, a la que quiere proteger con toda su fuerza.<\/p>\n<p data-journey-content=\"true\" data-node-id=\"7\" class=\"css-6wxqfj emevuu60\">Cuando apenas llevaba 15 d\u00edas en el reality, recibi\u00f3 <a href=\"https:\/\/www.diezminutos.es\/teleprograma\/programas-tv\/a67952736\/jose-ortega-cano-sorprende-gloria-camila-supervivientes-all-stars\/\" target=\"_blank\" data-vars-ga-outbound-link=\"https:\/\/www.diezminutos.es\/teleprograma\/programas-tv\/a67952736\/jose-ortega-cano-sorprende-gloria-camila-supervivientes-all-stars\/\" data-vars-ga-ux-element=\"Hyperlink\" data-vars-ga-call-to-action=\"la llamada de Ortega Cano\" data-node-id=\"7.1\" class=\"body-link css-177bzfx emevuu60\" rel=\"nofollow noopener\">la llamada de Ortega Cano<\/a>. El extorero aprovechaba para<strong data-node-id=\"7.3\"> informar a Gloria de la pol\u00e9mica <\/strong>que estaba abierta en el momento en el que ella viaj\u00f3 a Honduras: el destino de su sobrina <a href=\"https:\/\/www.diezminutos.es\/famosos-corazon\/famosos-espanoles\/a65361389\/jose-fernando-ortega-michu-futuro-hija-ortega-cano\/\" target=\"_blank\" data-vars-ga-outbound-link=\"https:\/\/www.diezminutos.es\/famosos-corazon\/famosos-espanoles\/a65361389\/jose-fernando-ortega-michu-futuro-hija-ortega-cano\/\" data-vars-ga-ux-element=\"Hyperlink\" data-vars-ga-call-to-action=\"Roc\u00edo, hija de su hermano Jos\u00e9 y Michu\" data-node-id=\"7.5\" data-mrf-link=\"https:\/\/www.diezminutos.es\/famosos-corazon\/famosos-espanoles\/a65361389\/jose-fernando-ortega-michu-futuro-hija-ortega-cano\/\" data-mrf-recirculation-id=\"[Article] In Text Link_5\" class=\"body-link css-177bzfx emevuu60\" rel=\"nofollow noopener\">Roc\u00edo, hija de su hermano Jos\u00e9 y Michu<\/a>. \u00abTodos est\u00e1n estupendamente, est\u00e1 la ni\u00f1a disfrutando de su colegio, est\u00e1 estudiando, y perfectamente. Estamos todos bien\u00bb, le dec\u00eda a Gloria. \u00abLa ni\u00f1a peque\u00f1a est\u00e1 con <a href=\"https:\/\/www.diezminutos.es\/famosos-corazon\/famosos-espanoles\/a66021355\/jose-ortega-cano-fotos-nieta-rocio-primer-dia-colegio-madrid\/\" target=\"_blank\" data-vars-ga-outbound-link=\"https:\/\/www.diezminutos.es\/famosos-corazon\/famosos-espanoles\/a66021355\/jose-ortega-cano-fotos-nieta-rocio-primer-dia-colegio-madrid\/\" data-vars-ga-ux-element=\"Hyperlink\" data-vars-ga-call-to-action=\"Jos\u00e9 en el colegio, en el mismo \" data-node-id=\"7.7\" data-mrf-link=\"https:\/\/www.diezminutos.es\/famosos-corazon\/famosos-espanoles\/a66021355\/jose-ortega-cano-fotos-nieta-rocio-primer-dia-colegio-madrid\/\" data-mrf-recirculation-id=\"[Article] In Text Link_6\" class=\"body-link css-177bzfx emevuu60\" rel=\"nofollow noopener\">Jos\u00e9 en el colegio, en el mismo <\/a>y lo est\u00e1 pasando de maravilla\u00bb, a\u00f1ad\u00eda. Una informaci\u00f3n del exterior que aunque la hizo emocionarse, le sirvi\u00f3 para encarar el concurso con m\u00e1s fuerza que antes.<\/p>\n<p>Las l\u00e1grimas de Gloria Camila al hablar de su sobrina<img draggable=\"true\" alt=\"gloria camila supervivientes all stars\" title=\"gloria camila supervivientes all stars\" loading=\"lazy\" width=\"2835\" height=\"1598\" decoding=\"async\" data-nimg=\"1\" style=\"color:transparent;width:100%;height:auto;\"   src=\"https:\/\/www.europesays.com\/es\/wp-content\/uploads\/2025\/10\/gloria-camila-llora-68cc88b084eb6.jpg\" class=\"css-0 e1g79fud0\"\/><\/p>\n<p>Telecinco<\/p>\n<p data-journey-content=\"true\" data-node-id=\"11\" class=\"css-6wxqfj emevuu60\">Sin embargo, a pesar de que Gloria Camila est\u00e1 demostrando ser una mujer fuerte, se ha venido abajo tras <strong data-node-id=\"11.1\">una conversaci\u00f3n en la playa con Jessica Bueno<\/strong>, que ha sido la que ha sacado el tema del fallecimiento de Michu y de cu\u00e1l va a ser el futuro de su hija, ya que su padre y hermano de Gloria, <strong data-node-id=\"11.3\">Jos\u00e9 Fernando, <\/strong><a href=\"https:\/\/www.diezminutos.es\/famosos-corazon\/famosos-espanoles\/a65330873\/michu-decision-custodia-hija-jose-fernando-ortega\/\" target=\"_blank\" data-vars-ga-outbound-link=\"https:\/\/www.diezminutos.es\/famosos-corazon\/famosos-espanoles\/a65330873\/michu-decision-custodia-hija-jose-fernando-ortega\/\" data-vars-ga-ux-element=\"Hyperlink\" data-vars-ga-call-to-action=\"no puede hacerse cargo de ella\" data-node-id=\"11.4\" class=\"body-link css-177bzfx emevuu60\" rel=\"nofollow noopener\">no puede hacerse cargo de ella<\/a> porque sigue ingresado en el centro psiqui\u00e1trico San Juan de Dios, en Ciempozuelos. <\/p>\n<p data-journey-content=\"true\" data-node-id=\"15\" class=\"css-6wxqfj emevuu60\">Ante el inter\u00e9s de Jessica Bueno, Gloria Camilo se ha abierto con la voz entrecortada. \u00abLo que no quiero es que tenga carencias. Es que justamente ha coincidido su llegada a la casa con mi entrada en &#8216;Supervivientes&#8217;, antes de su cambio de vida. Yo soy muy controladora y me gusta tenerlo todo bajo control, saber qu\u00e9 es lo que necesita, qu\u00e9 es lo que le puedo dar\u2026 Tambi\u00e9n tiene su familia materna, pero por su parte y por la nuestra no le va a faltar de nada. Me preocupo much\u00edsimo por ella, as\u00ed que s\u00ed, es como si fuera mi sobrina\/hija. Aqu\u00ed me acuerdo much\u00edsimo de ella y l<strong data-node-id=\"15.1\">a echo much\u00edsimo de menos\u00bb.<\/strong><\/p>\n<p><img draggable=\"true\" alt=\"gloria camila en supervivientes\" title=\"gloria camila en supervivientes\" loading=\"lazy\" width=\"1465\" height=\"823\" decoding=\"async\" data-nimg=\"1\" style=\"color:transparent;width:100%;height:auto;\"   src=\"https:\/\/www.europesays.com\/es\/wp-content\/uploads\/2025\/10\/gloria-camila-sv-68f098a862c94.jpg\" class=\"css-0 e1g79fud0\"\/><\/p>\n<p>Telecinco<\/p>\n<p data-journey-content=\"true\" data-node-id=\"19\" class=\"css-6wxqfj emevuu60\">Jessica Bueno no ha dudado en dar \u00e1nimos a su amiga en el reality. \u00abT\u00fa eres el tim\u00f3n de tu familia, que lleva todo. Se va a convertir en tu prioridad. Tu hermano a lo mejor no puede o no est\u00e1 preparado para ella al 100%. Pero t\u00fa vas a coger las riendas y a tu sobrina no le va a faltar de nada. Pero no solo a nivel econ\u00f3mico\u00bb. Gloria Camila tiene claro que quiere lo mejor para su sobrina. \u00ab<strong data-node-id=\"19.1\">Yo lo que quiero es que no le pase nada<\/strong>, que estudie\u2026 Es una loca.<strong data-node-id=\"19.3\"> Pero yo quiero que est\u00e9 bien, que lo lleve de la mejor manera posible<\/strong>\u00ab.<\/p>\n<p><img src=\"https:\/\/www.europesays.com\/es\/wp-content\/uploads\/2025\/10\/1760612411_964_efed3e56-411c-4c5f-aad1-8194ce4fe362_1700500172.file\" alt=\"Headshot of Redacci\u00f3n Diez Minutos\" title=\"Headshot of Redacci\u00f3n Diez Minutos\" width=\"100%\" height=\"100%\" decoding=\"async\" loading=\"lazy\" class=\"css-o0wq4v ev8dhu53\"\/><\/p>\n<p>\u00a0En Diez Minutos somos especialistas en cubrir todas las noticias del coraz\u00f3n y de la monarqu\u00eda para acercarte a las vidas de todos esos personajes a los que admiras.<\/p>\n<p>Descubre con nosotros la \u00faltima hora de los famosos nacionales e internacionales m\u00e1s relevantes: sus pol\u00e9micas, sus historias amorosas y familiares y sus proyectos profesionales con nuestras entrevistas, videos y reportajes. Tambi\u00e9n te mostramos el d\u00eda a d\u00eda de la realeza, cont\u00e1ndote con especial detalle la vida personal y familiar de nuestros Reyes: Felipe VI y Letizia y sus hijas Leonor y Sof\u00eda.<\/p>\n<p>Diez Minutos es mucho m\u00e1s que cr\u00f3nica social. Queremos hacerte la vida m\u00e1s f\u00e1cil y cuidar de ti. Por eso, publicamos una amplia selecci\u00f3n de contenidos pr\u00e1cticos para ayudarte en tu econom\u00eda dom\u00e9stica, en la decoraci\u00f3n de tu casa o en tu bienestar f\u00edsico y emocional. Tambi\u00e9n encontrar\u00e1s todo tipo de noticias y reportajes sobre el embarazo y la maternidad para facilitarte este proceso de la vida.<\/p>\n<p>La cocina es otra parte fundamental de esta gu\u00eda pr\u00e1ctica con la mejor selecci\u00f3n de recetas y consejos para llevar una dieta saludable y variada. Y todo ello sin olvidarnos de los contenidos de moda y belleza que te har\u00e1n estar a la \u00faltima en las tendencias del momento con numerosas propuestas, ofertas y novedades.<\/p>\n<p>Te lo contamos todo con la misma rigurosidad y cercan\u00eda con la que te llevamos acompa\u00f1ando desde hace 72 a\u00f1os, cuando un 1 de septiembre de 1951 la revista vio la luz por primera vez. Muchas cosas han cambiado en lo que se refiere a la parte t\u00e9cnica, pero lo que te aseguramos es que el equipo que forma esta redacci\u00f3n realiza su trabajo con entusiasmo y entrega pensando en cada uno de vosotros para que encontr\u00e9is aqu\u00ed el sitio ideal donde disfrutar de la vida.<\/p>\n<p>El equipo digital de Diez Minutos est\u00e1 formado por:<\/p>\n<p><a href=\"https:\/\/www.diezminutos.es\/author\/15369\/rosa-prieto\/\" rel=\"nofollow noopener\" target=\"_blank\">Rosa Prieto:<\/a> Directora digital.<\/p>\n<p><a href=\"https:\/\/www.diezminutos.es\/author\/18095\/silvia-criado\/\" rel=\"nofollow noopener\" target=\"_blank\">Silvia Criado:<\/a> Jefa de secci\u00f3n digital.<\/p>\n<p><a href=\"https:\/\/www.diezminutos.es\/author\/16262\/magdalena-pinero\/\" rel=\"nofollow noopener\" target=\"_blank\">Magdalena Pi\u00f1ero:<\/a> redactora digital.\u00a0<\/p>\n<p><a href=\"https:\/\/www.diezminutos.es\/author\/16270\/daniel-reyes\/\" rel=\"nofollow noopener\" target=\"_blank\">Daniel Reyes:<\/a> redactor digital.<\/p>\n<p><a href=\"https:\/\/www.diezminutos.es\/author\/221934\/ignacio-herruzo\/\" rel=\"nofollow noopener\" target=\"_blank\">Ignacio Herruzo<\/a>: redactor digital.<\/p>\n<p><a href=\"https:\/\/www.diezminutos.es\/author\/740003\/nora-camara\/\" rel=\"nofollow noopener\" target=\"_blank\">Nora C\u00e1mara<\/a>: redactora digital.\u00a0<\/p>\n","protected":false},"excerpt":{"rendered":"El reciente fallecimiento de Michu, ex pareja de Jos\u00e9 Fernando Ortega, ha dejado una huella profunda en el&hellip;\n","protected":false},"author":2,"featured_media":180436,"comment_status":"","ping_status":"","sticky":false,"template":"","format":"standard","meta":{"footnotes":""},"categories":[171],"tags":[253,146,147,25,24,23,214],"class_list":{"0":"post-180435","1":"post","2":"type-post","3":"status-publish","4":"format-standard","5":"has-post-thumbnail","7":"category-tv","8":"tag-discover","9":"tag-entertainment","10":"tag-entretenimiento","11":"tag-es","12":"tag-espana","13":"tag-spain","14":"tag-tv"},"share_on_mastodon":{"url":"","error":""},"_links":{"self":[{"href":"https:\/\/www.europesays.com\/es\/wp-json\/wp\/v2\/posts\/180435","targetHints":{"allow":["GET"]}}],"collection":[{"href":"https:\/\/www.europesays.com\/es\/wp-json\/wp\/v2\/posts"}],"about":[{"href":"https:\/\/www.europesays.com\/es\/wp-json\/wp\/v2\/types\/post"}],"author":[{"embeddable":true,"href":"https:\/\/www.europesays.com\/es\/wp-json\/wp\/v2\/users\/2"}],"replies":[{"embeddable":true,"href":"https:\/\/www.europesays.com\/es\/wp-json\/wp\/v2\/comments?post=180435"}],"version-history":[{"count":0,"href":"https:\/\/www.europesays.com\/es\/wp-json\/wp\/v2\/posts\/180435\/revisions"}],"wp:featuredmedia":[{"embeddable":true,"href":"https:\/\/www.europesays.com\/es\/wp-json\/wp\/v2\/media\/180436"}],"wp:attachment":[{"href":"https:\/\/www.europesays.com\/es\/wp-json\/wp\/v2\/media?parent=180435"}],"wp:term":[{"taxonomy":"category","embeddable":true,"href":"https:\/\/www.europesays.com\/es\/wp-json\/wp\/v2\/categories?post=180435"},{"taxonomy":"post_tag","embeddable":true,"href":"https:\/\/www.europesays.com\/es\/wp-json\/wp\/v2\/tags?post=180435"}],"curies":[{"name":"wp","href":"https:\/\/api.w.org\/{rel}","templated":true}]}}