{"id":180439,"date":"2025-10-16T11:04:08","date_gmt":"2025-10-16T11:04:08","guid":{"rendered":"https:\/\/www.europesays.com\/es\/180439\/"},"modified":"2025-10-16T11:04:08","modified_gmt":"2025-10-16T11:04:08","slug":"salut-abre-la-vacunacion-sin-cita-previa-para-el-covid-y-la-gripe","status":"publish","type":"post","link":"https:\/\/www.europesays.com\/es\/180439\/","title":{"rendered":"Salut abre la vacunaci\u00f3n sin cita previa para el covid y la gripe"},"content":{"rendered":"<p class=\"ft-text ft-helper-closenews\">La <a class=\"ft-link ft-link--decoration\" href=\"https:\/\/www.elperiodico.com\/es\/temas\/departament-salut-1737803\" target=\"_blank\" rel=\"nofollow noopener\"><strong>Conselleria de Salut<\/strong><\/a><strong> <\/strong>ha abierto la <strong>vacunaci\u00f3n de <\/strong><a class=\"ft-link ft-link--decoration\" href=\"https:\/\/www.elperiodico.com\/es\/temas\/gripe-14289\" target=\"_blank\" rel=\"nofollow noopener\"><strong>gripe<\/strong><\/a><strong> y covid sin cita previa <\/strong>en los <a class=\"ft-link ft-link--decoration\" href=\"https:\/\/www.elperiodico.com\/es\/temas\/cap-centros-atencion-primaria-13979\" target=\"_blank\" rel=\"nofollow noopener\">centros de atenci\u00f3n primaria (CAP)<\/a> de Catalunya. Esta semana ha arrancado la <strong>segunda la fase de la campa\u00f1a oto\u00f1al <\/strong>de inmunizaci\u00f3n para la poblaci\u00f3n general: <strong>mayores de 60 a\u00f1os, <\/strong>personas menores de esta edad pero con condiciones de riesgo, residentes en centros de atenci\u00f3n a la discapacidad, docentes y personal de servicios esenciales.<\/p>\n<p class=\"ft-text\">El <strong>pasado 22 de septiembre,<\/strong> <a class=\"ft-link ft-link--decoration\" href=\"https:\/\/www.elperiodico.com\/es\/sanidad\/20250922\/salut-arranca-hoy-campana-vacunacion-gripe-covid-residencias-embarazadas-sanitarios-ninos-cataluna-121754480\" target=\"_blank\" rel=\"nofollow noopener\">el departamento arranc\u00f3 la primera fase de vacunaci\u00f3n<\/a> en en las residencias de ancianos, mayores de 80 a\u00f1os y embarazadas. La novedad de este a\u00f1o es que se avanz\u00f3 a esa primera fase de la campa\u00f1a<strong> la inmunizaci\u00f3n de sanitarios y de ni\u00f1os de entre 6 y 59 meses <\/strong>(estos \u00faltimos solo se vacunar\u00e1n de la gripe).<\/p>\n<blockquote class=\"ft-mol-quote\" data-aida-quote=\"\"><p>La conselleria quiere mejorar la accesibilidad para mejorar las tasas de inmunizaci\u00f3n, a la baja tras la pandemia<\/p><\/blockquote>\n<p class=\"ft-text\">Ahora, y desde el pasado lunes, ya puede vacunarse el resto de la poblaci\u00f3n y podr\u00e1n hacerlo, sin necesidad de pedir cita previa, en su CAP de referencia, de lunes a viernes, <strong>entre las 9.30 y las 12.30 y entre las 16.30 horas y las 19.30 horas. <\/strong>Adem\u00e1s, tambi\u00e9n podr\u00e1n ir los s\u00e1bados de 9.30 a 12.30 horas a aquellos centros que abran en s\u00e1bados (no todos lo hacen).<strong> <\/strong>\u00abLa clave es la <strong>accesibilidad.<\/strong> Hemos querido hacerlo f\u00e1cil para vacunarse y tener horarios amplios\u00bb, ha dicho este jueves en rueda de prensa el secretario de Salut P\u00fablica, <strong>Esteve Fern\u00e1ndez. <\/strong>Sin embargo, quienes as\u00ed lo deseen pueden pedir cita previa<strong> a trav\u00e9s de La Meva Salut<\/strong> o llamando directamente a su centro de salud.<\/p>\n<p>\u00abLa primaria est\u00e1 preparada\u00bb<\/p>\n<p class=\"ft-text\">Este <strong>\u00abincremento de la accesibilidad\u00bb <\/strong>ha sido \u00abmuy estudiado\u00bb con el Servei Catal\u00e0 de la Salut (CatSalut) y el Institut Catal\u00e0 de la Salut (ICS), ha precisado Esteve<strong>. \u00abLa primaria est\u00e1 preparada para absorber esto y han abierto agendas\u00bb, <\/strong>ha afirmado. Esta rueda de prensa estaba prevista <strong>para el lunes 13 de octubre,<\/strong> d\u00eda en que arranc\u00f3 esta segunda fase, pero Salut la cancel\u00f3 por <a class=\"ft-link ft-link--decoration\" href=\"https:\/\/www.elperiodico.com\/es\/tarragona\/20251014\/600-personas-terres-lebre-agua-122604595\" target=\"_blank\" rel=\"nofollow noopener\">los estragos que la dana caus\u00f3 en las Terres de l&#8217;Ebre.<\/a><\/p>\n<p class=\"ft-text\">El objetivo de esta estrategia, que se ha mostrado<strong> eficaz en algunos territorios de Catalunya en temporadas anteriores, <\/strong>es mejorar las tasas de vacunaci\u00f3n de covid y gripe, que han deca\u00eddo (especialmente la del SARS-CoV-2) tras la pandemia. Adem\u00e1s, previsiblemente este a\u00f1o la temporada gripal se adelantar\u00e1 unas tres o cuatro semanas: as\u00ed ha ocurrido en el hemisferio sur.<\/p>\n<p class=\"ft-text\">\u00abEl lunes pasado comenz\u00f3 la <strong>segunda fase de la campa\u00f1a. <\/strong>Intensificaremos estos esfuerzos hasta el 5 de diciembre, antes del <strong>Puente de la Constituci\u00f3n\u00bb, <\/strong>ha se\u00f1alado por su parte la jefa del Servei d&#8217;Immunitzacions de la Secretaria de Salut P\u00fablica, <strong>Montse Mart\u00ednez Marcos. <\/strong>De momento, ha dicho Mart\u00ednez, Salut ya ha distribuido <strong>m\u00e1s de un mill\u00f3n de dosis <\/strong>de la vacuna de gripe y otro mil\u00f3n de dosis de covid.<\/p>\n<p class=\"ft-text\">Salut espera una <strong>incidencia de la gripe \u00absimilar\u00bb a la de la temporada anterior. <\/strong>Pero quiere mejorar las coberturas para<strong> reducir la \u00abtransmisi\u00f3n\u00bb. <\/strong>\u00abEsperamos que haya tanto <strong>gripe A como gripe B, <\/strong>con predominio de la A\u00bb, ha se\u00f1alado el doctor Fern\u00e1ndez. De momento, el virus de la gripe y el SARS-CoV-2 se mantienen<strong> a nivel basal en Catalunya. <\/strong><\/p>\n<p data-close=\"closedContent\" class=\"subscribeHideForDisplay\">Suscr\u00edbete para seguir leyendo<\/p>\n","protected":false},"excerpt":{"rendered":"La Conselleria de Salut ha abierto la vacunaci\u00f3n de gripe y covid sin cita previa en los centros&hellip;\n","protected":false},"author":2,"featured_media":180440,"comment_status":"","ping_status":"","sticky":false,"template":"","format":"standard","meta":{"footnotes":""},"categories":[92],"tags":[1980,51301,51300,7642,2270,24369,25,24,7749,165,166,51299,23,7589,1454],"class_list":{"0":"post-180439","1":"post","2":"type-post","3":"status-publish","4":"format-standard","5":"has-post-thumbnail","7":"category-salud","8":"tag-cataluna","9":"tag-centros-de-atencion-primaria-cap","10":"tag-cita-previa","11":"tag-coronavirus","12":"tag-covid","13":"tag-departament-de-salut","14":"tag-es","15":"tag-espana","16":"tag-gripe","17":"tag-health","18":"tag-salud","19":"tag-salut","20":"tag-spain","21":"tag-vacunacion","22":"tag-vacunas"},"share_on_mastodon":{"url":"","error":""},"_links":{"self":[{"href":"https:\/\/www.europesays.com\/es\/wp-json\/wp\/v2\/posts\/180439","targetHints":{"allow":["GET"]}}],"collection":[{"href":"https:\/\/www.europesays.com\/es\/wp-json\/wp\/v2\/posts"}],"about":[{"href":"https:\/\/www.europesays.com\/es\/wp-json\/wp\/v2\/types\/post"}],"author":[{"embeddable":true,"href":"https:\/\/www.europesays.com\/es\/wp-json\/wp\/v2\/users\/2"}],"replies":[{"embeddable":true,"href":"https:\/\/www.europesays.com\/es\/wp-json\/wp\/v2\/comments?post=180439"}],"version-history":[{"count":0,"href":"https:\/\/www.europesays.com\/es\/wp-json\/wp\/v2\/posts\/180439\/revisions"}],"wp:featuredmedia":[{"embeddable":true,"href":"https:\/\/www.europesays.com\/es\/wp-json\/wp\/v2\/media\/180440"}],"wp:attachment":[{"href":"https:\/\/www.europesays.com\/es\/wp-json\/wp\/v2\/media?parent=180439"}],"wp:term":[{"taxonomy":"category","embeddable":true,"href":"https:\/\/www.europesays.com\/es\/wp-json\/wp\/v2\/categories?post=180439"},{"taxonomy":"post_tag","embeddable":true,"href":"https:\/\/www.europesays.com\/es\/wp-json\/wp\/v2\/tags?post=180439"}],"curies":[{"name":"wp","href":"https:\/\/api.w.org\/{rel}","templated":true}]}}