{"id":180452,"date":"2025-10-16T11:12:08","date_gmt":"2025-10-16T11:12:08","guid":{"rendered":"https:\/\/www.europesays.com\/es\/180452\/"},"modified":"2025-10-16T11:12:08","modified_gmt":"2025-10-16T11:12:08","slug":"roman-israel-guirao-y-carlos-zuniga-esta-noche-en-tendido-1-de-play-radio-107-7-fm-avance-taurino","status":"publish","type":"post","link":"https:\/\/www.europesays.com\/es\/180452\/","title":{"rendered":"Rom\u00e1n, Israel Guirao y Carlos Z\u00fa\u00f1iga esta noche en Tendido 1 de Play Radio 107.7 FM \u2013 Avance Taurino"},"content":{"rendered":"<p class=\"yiv9389825677ydp5176ecc6MsoNormal\">Hoy\u00a0jueves, d\u00eda 16 de octubre <b>a las 21:00 horas,<\/b>\u00a0en Play Radio 107.7 FM,\u00a0<a href=\"http:\/\/www.playradio.es,\/\" target=\"_blank\" rel=\"noopener nofollow\">http:\/\/www.playradio.es,<\/a> se emitir\u00e1 el programa de informaci\u00f3n taurina TENDIDO UNO bajo la direcci\u00f3n de Enrique Amat. Su contenido cuenta con las siguientes secciones:<\/p>\n<p class=\"yiv9389825677ydp5176ecc6MsoNormal\">\u2013 Desde el Tendido<\/p>\n<p class=\"yiv9389825677ydp5176ecc6MsoNormal\">\u2013 El Tintero de Antonio Fuentes<\/p>\n<p class=\"yiv9389825677ydp5176ecc6MsoNormal\">\u2013 El cuern\u00f3metro<\/p>\n<p class=\"yiv9389825677ydp5176ecc6MsoNormal\">\u2013 La entrevista<\/p>\n<p class=\"yiv9389825677ydp5176ecc6MsoNormal\">\u2013 Tal d\u00eda como hoy:<\/p>\n<p class=\"yiv9389825677ydp5176ecc6MsoNormal\">\u2013 Taurocultura<\/p>\n<p class=\"yiv9389825677ydp5176ecc6MsoNormal\">El corte de coleta o quite de coleta de Morante Madrid el d\u00eda 12 ha sido la noticia de la temporada. Por la ma\u00f1ana se habia inaugurado el monumento a Anto\u00f1ete enfrente de la puerta grande del coso vente\u00f1o y en el festival destacaron toreros como C\u00e9sar Rincon, Curro V\u00e1zquez y tambi\u00e9n estuvo Enrique Ponce. En Bocairent se celebr\u00f3, a pesar de la lluvia, el festival en homenaje a V\u00edctor Manuel Bl\u00e1zquez, que fue un \u00e9xito y en Madrid volvi\u00f3 a rozar con la yema de los dedos la puerta grande Rom\u00e1n.<\/p>\n<p class=\"yiv9389825677ydp5176ecc6MsoNormal\">En Zaragoza se celebr\u00f3 la feria, con un r\u00e9cord de sustituciones, jaleo en los corrales, \u00a0siempre con la pol\u00e9mica cuestas pero con notable asistencia de espectadores. Y el Congreso de los Diputados rechaz\u00f3 el proyecto de LIP antitaurina.<\/p>\n<p class=\"yiv9389825677ydp5176ecc6MsoNormal\">Este\u00a0fin de semana el s\u00e1bado Tinto y Oro celebra el festival conmemorativo de su 40 aniversario en la finca de Nazario Ib\u00e1\u00f1ez. El domingo en el Ateneo Mercantil habr\u00e1\u00a0un concierto de pasodobles organizado por la tertulia taurina del Ateneo junto con la FTV. Y en Venta del Moro se celebrar\u00e1 un festejo para clausurar el curso de la escuela de tauromaquia de Valencia.<\/p>\n<p class=\"yiv9389825677ydp5176ecc6MsoNormal\">Hoy estar\u00e1n en antena <strong>Roman<\/strong>, para comentar\u00a0su triunfo en Madrid, y hacer balance de su\u00a0campa\u00f1a.\u00a0\u00a0en Espa\u00f1a y\u00a0M\u00e9xico y su ruptura\u00a0de apoderamiento. <strong>Carlos Zu\u00f1iga<\/strong> hablar\u00e1 sobre la complicada feria del Pilar de Zaragoza que le ha tocado sufrir.\u00a0Y el alumno de la escuela <strong>Israel Guirao<\/strong>, l\u00edder del escalaf\u00f3n del centro, tambi\u00e9n resumir\u00e1 lo que ha sido su campa\u00f1a.<\/p>\n<p class=\"yiv9389825677ydp5176ecc6MsoNormal\">Con las efem\u00e9rides del d\u00eda, las recomendaciones culturales y la m\u00fasica de David de Jacoba se completar\u00e1 el programa.<\/p>\n","protected":false},"excerpt":{"rendered":"Hoy\u00a0jueves, d\u00eda 16 de octubre a las 21:00 horas,\u00a0en Play Radio 107.7 FM,\u00a0http:\/\/www.playradio.es, se emitir\u00e1 el programa de&hellip;\n","protected":false},"author":2,"featured_media":180453,"comment_status":"","ping_status":"","sticky":false,"template":"","format":"standard","meta":{"footnotes":""},"categories":[277],"tags":[373,168,25,24,23,167,374],"class_list":{"0":"post-180452","1":"post","2":"type-post","3":"status-publish","4":"format-standard","5":"has-post-thumbnail","7":"category-toreo","8":"tag-bullfighting","9":"tag-deportes","10":"tag-es","11":"tag-espana","12":"tag-spain","13":"tag-sports","14":"tag-toreo"},"share_on_mastodon":{"url":"","error":""},"_links":{"self":[{"href":"https:\/\/www.europesays.com\/es\/wp-json\/wp\/v2\/posts\/180452","targetHints":{"allow":["GET"]}}],"collection":[{"href":"https:\/\/www.europesays.com\/es\/wp-json\/wp\/v2\/posts"}],"about":[{"href":"https:\/\/www.europesays.com\/es\/wp-json\/wp\/v2\/types\/post"}],"author":[{"embeddable":true,"href":"https:\/\/www.europesays.com\/es\/wp-json\/wp\/v2\/users\/2"}],"replies":[{"embeddable":true,"href":"https:\/\/www.europesays.com\/es\/wp-json\/wp\/v2\/comments?post=180452"}],"version-history":[{"count":0,"href":"https:\/\/www.europesays.com\/es\/wp-json\/wp\/v2\/posts\/180452\/revisions"}],"wp:featuredmedia":[{"embeddable":true,"href":"https:\/\/www.europesays.com\/es\/wp-json\/wp\/v2\/media\/180453"}],"wp:attachment":[{"href":"https:\/\/www.europesays.com\/es\/wp-json\/wp\/v2\/media?parent=180452"}],"wp:term":[{"taxonomy":"category","embeddable":true,"href":"https:\/\/www.europesays.com\/es\/wp-json\/wp\/v2\/categories?post=180452"},{"taxonomy":"post_tag","embeddable":true,"href":"https:\/\/www.europesays.com\/es\/wp-json\/wp\/v2\/tags?post=180452"}],"curies":[{"name":"wp","href":"https:\/\/api.w.org\/{rel}","templated":true}]}}