{"id":180456,"date":"2025-10-16T11:16:18","date_gmt":"2025-10-16T11:16:18","guid":{"rendered":"https:\/\/www.europesays.com\/es\/180456\/"},"modified":"2025-10-16T11:16:18","modified_gmt":"2025-10-16T11:16:18","slug":"pogacar-se-humaniza","status":"publish","type":"post","link":"https:\/\/www.europesays.com\/es\/180456\/","title":{"rendered":"Pogacar se humaniza"},"content":{"rendered":"<p>\n        Al risue\u00f1o <strong>Tadej Pogacar<\/strong>, los ojos pizpiretos de las travesuras, la sonrisa f\u00e9rtil de la victoria, le cambi\u00f3 el rictus, el gesto y el humor a medida que el Tour se aproximaba a Par\u00eds. El esloveno dominaba la carrera con suficiencia, despu\u00e9s de haber logrado cuatro victorias de etapa en un fest\u00edn de ciclismo, pero en su organismo, algo no cuadraba.\n<\/p>\n<p class=\"article-body__text \">\n        Tampoco en su lenguaje corporal, que dej\u00f3 de ser expansivo. Se encogi\u00f3 y se recogi\u00f3 sobre s\u00ed mismo. Las preguntas comenzaron a revolotear alrededor del genio esloveno.\n<\/p>\n<p class=\"article-body__text \">\n        Despu\u00e9s de sus exhibiciones en las dos primeras semanas de la Grande Boucle, donde determin\u00f3 con actuaciones sublimes su cuarta coronaci\u00f3n, Pogacar se adentr\u00f3 en la niebla, en una versi\u00f3n desconocida de \u00e9l tras mostrar su plenitud en episodios como Hautacam \u2013incre\u00edble la aceleraci\u00f3n hacia la cumbre y la renta de 2:10 que obtuvo sobre <strong>Vingegaard<\/strong>\u2013 o su ejercicio en la cronoescalada a Peyragudes, donde sentenci\u00f3 la carrera francesa. Eran las etapas, 12 y 13.\u00a0\n<\/p>\n<p class=\"article-body__text \">\n        Restaban entonces las \u00faltimas cumbres y todo apuntaba a la prolongaci\u00f3n del dominio del esloveno, que deseaba vencer en el Mont Ventoux y en el Col de la Loze.\n<\/p>\n<p class=\"article-body__text \">\n        Pogacar, que tiene la costumbre de ganar cuando se\u00f1ala un objetivo, no pudo hacerlo. Una rareza, motivada, por problemas f\u00edsicos seg\u00fan desvel\u00f3.\n<\/p>\n<p>  Un Tour estresante<\/p>\n<p class=\"article-body__text \">\n        \u201cEl Tour es algo muy especial pero que a la vez te cansa, es largo y est\u00e1 lleno de estr\u00e9s. A veces digo que el Tour es una tortura necesaria para cualquier equipo. Este a\u00f1o ha sido el Tour m\u00e1s r\u00e1pido de la historia, si no estoy equivocado. Cada d\u00eda era muy estresante, con un recorrido muy exigente en los primeros diez d\u00edas, llenos de trampas, bucles, subidas finales&#8230; fue fren\u00e9tico\u00bb, analiz\u00f3 Pogacar.\n<\/p>\n<p><strong>Magnier no perdona en el Tour de Guangxi<\/strong><\/p>\n<p>Finalizada la temporada en Europa, el ocaso se disputa en China, donde <strong>Paul Magnier<\/strong> se mostr\u00f3 imparable en la etapa inaugural del Tour de Guangxi, \u00faltima carrera de la temporada 2025 en el UCI World Tour.<\/p>\n<p>El ciclista franc\u00e9s se impuso con autoridad en una llegada en la que una ca\u00edda masiva a 500 metros de meta dej\u00f3 sin opciones a los velocistas que iban situados algo m\u00e1s atr\u00e1s y donde Fernando Gaviria intent\u00f3 sorprender desde lejos pero sin \u00e9xito.<\/p>\n<p>Magnier contin\u00faa de esta manera su excelente racha de victorias, acelerada en el tramo final de la campa\u00f1a. En China cont\u00f3 su decimoquinto triunfo.<\/p>\n<p class=\"article-body__text \">\n        \u00abY entonces lleg\u00f3 la segunda semana, cuyo recorrido ya ten\u00eda escrito en la piel y todo fue fant\u00e1stico, y entonces lleg\u00f3 la \u00faltima semana. Quer\u00eda otra victoria en los Alpes, en especial en el Col de la Loze para vengar mi derrota de hace dos a\u00f1os, pero, sinceramente, no sali\u00f3 todo como estaba planeado\u201d, expuso las estrellas eslovena.\u00a0\n<\/p>\n<p class=\"article-body__text \">\n        Pogacar, al que se le apag\u00f3 la sonrisa perenne, al que se le intu\u00eda inc\u00f3modo y en m\u00e1s de una ocasi\u00f3n se le presenci\u00f3 con aspecto enfermizo o sumamente protegido del fr\u00edo, explic\u00f3 que \u201cel d\u00eda despu\u00e9s de la etapa del Mont Ventoux tuve problemas con mi rodilla y empec\u00e9 a tener dudas sobre si deb\u00eda seguir en el Tour y si podr\u00eda afrontar la etapa reina\u00bb.\n<\/p>\n<p>  Fr\u00edo y shock corporal<\/p>\n<p class=\"article-body__text \">\n        \u00abY en la etapa con final en La Plagne, en la cima, el tiempo era muy malo. Hac\u00eda fr\u00edo y mi cuerpo se puso a la defensiva. Reten\u00eda agua porque mi cuerpo estaba en shock. Ya hab\u00eda tenido suficiente, no me sent\u00eda en mi mejor forma\u00bb, agreg\u00f3 el esloveno.\n<\/p>\n<p class=\"article-body__text \">\n        \u201cCualquier ciclista que ha estado en una gran vuelta sabe que tres semanas no son poca cosa. Despu\u00e9s de la primera semana ya est\u00e1s cansado, y a\u00fan te quedan dos semanas m\u00e1s. No creo que nadie regrese a casa descansado y menos despu\u00e9s del Tour de Francia\u201d, argument\u00f3 el esloveno que en su revelaci\u00f3n dej\u00f3 entrever que tambi\u00e9n padece. Pogacar se humaniza.\u00a0<\/p>\n","protected":false},"excerpt":{"rendered":"Al risue\u00f1o Tadej Pogacar, los ojos pizpiretos de las travesuras, la sonrisa f\u00e9rtil de la victoria, le cambi\u00f3&hellip;\n","protected":false},"author":2,"featured_media":180457,"comment_status":"","ping_status":"","sticky":false,"template":"","format":"standard","meta":{"footnotes":""},"categories":[273],"tags":[313,312,168,25,24,51306,549,23,167],"class_list":{"0":"post-180456","1":"post","2":"type-post","3":"status-publish","4":"format-standard","5":"has-post-thumbnail","7":"category-ciclismo","8":"tag-ciclismo","9":"tag-cycling","10":"tag-deportes","11":"tag-es","12":"tag-espana","13":"tag-humaniza","14":"tag-pogacar","15":"tag-spain","16":"tag-sports"},"share_on_mastodon":{"url":"","error":""},"_links":{"self":[{"href":"https:\/\/www.europesays.com\/es\/wp-json\/wp\/v2\/posts\/180456","targetHints":{"allow":["GET"]}}],"collection":[{"href":"https:\/\/www.europesays.com\/es\/wp-json\/wp\/v2\/posts"}],"about":[{"href":"https:\/\/www.europesays.com\/es\/wp-json\/wp\/v2\/types\/post"}],"author":[{"embeddable":true,"href":"https:\/\/www.europesays.com\/es\/wp-json\/wp\/v2\/users\/2"}],"replies":[{"embeddable":true,"href":"https:\/\/www.europesays.com\/es\/wp-json\/wp\/v2\/comments?post=180456"}],"version-history":[{"count":0,"href":"https:\/\/www.europesays.com\/es\/wp-json\/wp\/v2\/posts\/180456\/revisions"}],"wp:featuredmedia":[{"embeddable":true,"href":"https:\/\/www.europesays.com\/es\/wp-json\/wp\/v2\/media\/180457"}],"wp:attachment":[{"href":"https:\/\/www.europesays.com\/es\/wp-json\/wp\/v2\/media?parent=180456"}],"wp:term":[{"taxonomy":"category","embeddable":true,"href":"https:\/\/www.europesays.com\/es\/wp-json\/wp\/v2\/categories?post=180456"},{"taxonomy":"post_tag","embeddable":true,"href":"https:\/\/www.europesays.com\/es\/wp-json\/wp\/v2\/tags?post=180456"}],"curies":[{"name":"wp","href":"https:\/\/api.w.org\/{rel}","templated":true}]}}