{"id":180458,"date":"2025-10-16T11:17:08","date_gmt":"2025-10-16T11:17:08","guid":{"rendered":"https:\/\/www.europesays.com\/es\/180458\/"},"modified":"2025-10-16T11:17:08","modified_gmt":"2025-10-16T11:17:08","slug":"el-guino-de-alpine-a-fernando-alonso-que-sorprendio-a-los-fanaticos-de-franco-colapinto","status":"publish","type":"post","link":"https:\/\/www.europesays.com\/es\/180458\/","title":{"rendered":"El gui\u00f1o de Alpine a Fernando Alonso que sorprendi\u00f3 a los fan\u00e1ticos de Franco Colapinto"},"content":{"rendered":"<p class=\"left paragraph font__body-regular\">En la previa del GP de Austin, <a href=\"https:\/\/tn.com.ar\/deportes\/automovilismo\/2025\/10\/15\/el-antecedente-que-ilusiona-a-franco-colapinto-antes-del-gran-premio-de-estados-unidos-de-la-formula-1\/\" target=\"_self\" rel=\"nofollow noopener\" title=\"https:\/\/tn.com.ar\/deportes\/automovilismo\/2025\/10\/15\/el-antecedente-que-ilusiona-a-franco-colapinto-antes-del-gran-premio-de-estados-unidos-de-la-formula-1\/\"><b>Alpine<\/b><\/a> comparti\u00f3 un posteo en sus redes sociales con motivo del aniversario del Campeonato Mundial de Constructores de F\u00f3rmula 1 que Renault logr\u00f3 un 16 de octubre de 2005.<\/p>\n<p class=\"left paragraph font__body-regular\"><b>Le\u00e9 tambi\u00e9n: <\/b><a href=\"https:\/\/tn.com.ar\/deportes\/automovilismo\/2025\/10\/15\/la-frase-de-pierre-gasly-que-ilusiona-a-los-fanaticos-con-la-continuidad-de-franco-colapinto-en-alpine\/\" target=\"_self\" rel=\"nofollow noopener\" title=\"https:\/\/tn.com.ar\/deportes\/automovilismo\/2025\/10\/15\/la-frase-de-pierre-gasly-que-ilusiona-a-los-fanaticos-con-la-continuidad-de-franco-colapinto-en-alpine\/\"><b>La frase de Pierre Gasly que ilusiona a los fan\u00e1ticos con la continuidad de Franco Colapinto en Alpine<\/b><\/a><\/p>\n<p class=\"left paragraph font__body-regular\">El equipo de Enstone se alz\u00f3 con el t\u00edtulo gracias a la victoria del espa\u00f1ol Fernando Alonso en la \u00faltima carrera de la temporada, disputada en Shangh\u00e1i. <\/p>\n<p class=\"left paragraph font__body-regular\">El posteo provoc\u00f3 una oleada de comentarios de los fan\u00e1ticos de Franco Colapinto, que dejaron mensajes como: \u201cColapinto en ese auto ganaba tres mundiales\u201d, \u201cAlonso sobrevalorado\u201d, \u201cMejoren el auto para el a\u00f1o que viene\u201d y \u201cContraten a Franco\u201d.<\/p>\n<p class=\"paragraph font__body-regular\">Ante la avalancha de mensajes, la escuder\u00eda francesa decidi\u00f3 cerrar los comentarios.<\/p>\n<p><img decoding=\"async\" loading=\"lazy\" fetchpriority=\"low\" data-testid=\"loading-testid\" class=\"image content-image image_placeholder\" alt=\"La escuder\u00eda francesa record\u00f3 el t\u00edtulo de Constructores que logr\u00f3 con Renault hace 20 a\u00f1os. (Foto: Twitter)\" width=\"767\" height=\"1222\" src=\"https:\/\/www.europesays.com\/es\/wp-content\/uploads\/2025\/10\/la-escuderia-francesa-recordo-el-titulo-de-constructores-que-logro-con-renault-hace-20-anos-foto-twi.jpeg\"\/><\/p>\n<p>La escuder\u00eda francesa record\u00f3 el t\u00edtulo de Constructores que logr\u00f3 con Renault hace 20 a\u00f1os. (Foto: Twitter)<\/p>\n<p><b>Fernando Alonso y Renault rompieron el reinado de Ferrari con una temporada hist\u00f3rica en la F\u00f3rmula 1<\/b><\/p>\n<p class=\"left paragraph font__body-regular\">Tras asegurar el t\u00edtulo de pilotos a principios de a\u00f1o, Alonso y Renault pusieron fin al dominio de <b>cinco a\u00f1os de Ferrari <\/b>en la F\u00f3rmula 1 con un doblete trascendental: ganar el t\u00edtulo de equipos por tan solo nueve puntos. Renault triunf\u00f3 con <b>191 puntos<\/b> frente a los <b>182 de McLaren<\/b>.<\/p>\n<p class=\"paragraph font__body-regular\">El piloto espa\u00f1ol se mostr\u00f3 inalcanzable en el Gran Premio de China, alej\u00e1ndose a un segundo por vuelta desde la salida y manteniendo la ventaja en sus dos paradas en boxes. <\/p>\n<p class=\"left paragraph font__body-regular\">La victoria en el Circuito Internacional de Shangh\u00e1i fue la s\u00e9ptima del a\u00f1o para el espa\u00f1ol, quien cant\u00f3 \u00abWe Are the Champions\u00bb en la radio del equipo al cruzar la meta.<\/p>\n<p><img decoding=\"async\" loading=\"lazy\" fetchpriority=\"low\" data-testid=\"loading-testid\" class=\"image content-image image_placeholder\" alt=\"El festejo del piloto espa\u00f1ol con tras ganar la Copa Constructores con Renault. (Foto: Alpine\/Web Oficial)\" width=\"767\" height=\"431\" src=\"https:\/\/www.europesays.com\/es\/wp-content\/uploads\/2025\/10\/el-festejo-del-piloto-espanol-con-tras-ganar-la-copa-constructores-con-renault-foto-alpineweb-oficia.jpeg\"\/><\/p>\n<p>El festejo del piloto espa\u00f1ol con tras ganar la Copa Constructores con Renault. (Foto: Alpine\/Web Oficial)<\/p>\n","protected":false},"excerpt":{"rendered":"En la previa del GP de Austin, Alpine comparti\u00f3 un posteo en sus redes sociales con motivo del&hellip;\n","protected":false},"author":2,"featured_media":180459,"comment_status":"","ping_status":"","sticky":false,"template":"","format":"standard","meta":{"footnotes":""},"categories":[270],"tags":[1331,168,25,24,306,2096,271,272,1723,1606,23,167],"class_list":{"0":"post-180458","1":"post","2":"type-post","3":"status-publish","4":"format-standard","5":"has-post-thumbnail","7":"category-formula-1","8":"tag-alpine","9":"tag-deportes","10":"tag-es","11":"tag-espana","12":"tag-f1","13":"tag-fernando-alonso","14":"tag-formula-1","15":"tag-formula1","16":"tag-franco-colapinto","17":"tag-renault","18":"tag-spain","19":"tag-sports"},"share_on_mastodon":{"url":"","error":""},"_links":{"self":[{"href":"https:\/\/www.europesays.com\/es\/wp-json\/wp\/v2\/posts\/180458","targetHints":{"allow":["GET"]}}],"collection":[{"href":"https:\/\/www.europesays.com\/es\/wp-json\/wp\/v2\/posts"}],"about":[{"href":"https:\/\/www.europesays.com\/es\/wp-json\/wp\/v2\/types\/post"}],"author":[{"embeddable":true,"href":"https:\/\/www.europesays.com\/es\/wp-json\/wp\/v2\/users\/2"}],"replies":[{"embeddable":true,"href":"https:\/\/www.europesays.com\/es\/wp-json\/wp\/v2\/comments?post=180458"}],"version-history":[{"count":0,"href":"https:\/\/www.europesays.com\/es\/wp-json\/wp\/v2\/posts\/180458\/revisions"}],"wp:featuredmedia":[{"embeddable":true,"href":"https:\/\/www.europesays.com\/es\/wp-json\/wp\/v2\/media\/180459"}],"wp:attachment":[{"href":"https:\/\/www.europesays.com\/es\/wp-json\/wp\/v2\/media?parent=180458"}],"wp:term":[{"taxonomy":"category","embeddable":true,"href":"https:\/\/www.europesays.com\/es\/wp-json\/wp\/v2\/categories?post=180458"},{"taxonomy":"post_tag","embeddable":true,"href":"https:\/\/www.europesays.com\/es\/wp-json\/wp\/v2\/tags?post=180458"}],"curies":[{"name":"wp","href":"https:\/\/api.w.org\/{rel}","templated":true}]}}