{"id":180464,"date":"2025-10-16T11:20:28","date_gmt":"2025-10-16T11:20:28","guid":{"rendered":"https:\/\/www.europesays.com\/es\/180464\/"},"modified":"2025-10-16T11:20:28","modified_gmt":"2025-10-16T11:20:28","slug":"analizamos-como-se-ha-convertido-en-icono-de-moda","status":"publish","type":"post","link":"https:\/\/www.europesays.com\/es\/180464\/","title":{"rendered":"analizamos c\u00f3mo se ha convertido en icono de moda"},"content":{"rendered":"<p id=\"eS1HtcCcnx\" data-wc=\"104\">Ser hija de Francisco Rivera Ord\u00f3\u00f1ez y Eugenia Mart\u00ednez de Irujo, y, por tanto, <strong>nieta de Carmen Ordo\u00f1ez y Cayetana Fitz-James Stuart<\/strong>, confiere ciertos estatus, pero<strong>\u00a0<\/strong><a class=\"hm-link ho-link\" href=\"https:\/\/www.hola.com\/actualidad\/20250716844297\/tana-rivera-habla-como-nunca-familia-momento-especial-esta-viviendo-pasion-rivera-caracter-alba\/\" rel=\"noopener nofollow\" target=\"_blank\" data-mrf-recirculation=\"article-body-link\">es de esas j\u00f3venes<\/a> que, a pesar de pertenecer a un linaje arist\u00f3crata de renombre, ha sabido, y querido, labrarse un camino propio. Tana Rivera<a class=\"hm-link ho-link\" href=\"https:\/\/www.hola.com\/actualidad\/20250205812242\/tana-rivera-su-debut-como-disenadora-30-piezas-inspiradas-en-sus-vivencias-y-su-legado-familiar\/\" data-mrf-recirculation=\"article-body-link\" rel=\"nofollow noopener\" target=\"_blank\">\u00a0ha fundado su marca de moda, E.R.A.X. junto a Claudia Romero,\u00a0<\/a>pero adem\u00e1s se ha convertido tambi\u00e9n en una referente de estilo. <strong>Este 16 de octubre cumple 26 a\u00f1os<\/strong>, y para celebrarlo repasamos, a continuaci\u00f3n, <a class=\"hm-link ho-link\" href=\"https:\/\/www.hola.com\/moda\/20241019724762\/cayetana-rivera-25-cumpleanios-looks\/\" data-mrf-recirculation=\"article-body-link\" rel=\"nofollow noopener\" target=\"_blank\">las claves\u00a0<\/a>por las que ya su armario es uno de los que m\u00e1s inter\u00e9s despiertan en moda.<\/p>\n<p>112<\/p>\n<p>  <img src=\"https:\/\/www.europesays.com\/es\/wp-content\/uploads\/2025\/10\/e852bb6d6882-u591387001.jpg\"   width=\"682\" height=\"1024\" loading=\"lazy\" decoding=\"async\" alt=\"Cayetana Rivera, la arist\u00f3crata y chica de moda\" fetchpriority=\"auto\" class=\"image ho-image\"\/>\u00a9 GTRES<\/p>\n<p> <strong>Looks con acento espa\u00f1ol<\/strong><\/p>\n<p id=\"e4ecbkHYCa\">Decir que Cayetana Rivera representa una<a class=\"hm-link ho-link\" href=\"https:\/\/www.hola.com\/fashion\/tendencias\/20250917856336\/tana-rivera-pedro-del-hierro-desfile-madrid-look-lunares\/\" data-mrf-recirculation=\"article-body-link\" rel=\"nofollow noopener\" target=\"_blank\">\u00a0mezcla moderna de tradici\u00f3n y el eco de las nuevas generaciones<\/a> resulta evidente nada m\u00e1s repasar sus pautas de moda m\u00e1s reiteradas. La <strong>estilista de moda, Inma Orduna\u00a0<\/strong>(@mividaenrojo), ha detectado varios patrones de estilo que la hija de Eugenia Mart\u00ednez de Irujo habit\u00faa a seguir. Una de ellas responde al legado de su madre: \u00abHerencia fue el nombre de la primera colecci\u00f3n que present\u00f3 en su marca, y es que herencia y tradici\u00f3n es lo que vemos en sus looks. En ellos abundan las toreras y los lunares.\u00bb<\/p>\n<p>212<\/p>\n<p>  <img src=\"https:\/\/www.europesays.com\/es\/wp-content\/uploads\/2025\/10\/193c892d72b8-u576710012.jpg\"   width=\"682\" height=\"1024\" loading=\"lazy\" decoding=\"async\" alt=\"Cayetana Rivera, la arist\u00f3crata y chica de moda\" fetchpriority=\"auto\" class=\"image ho-image\"\/>\u00a9 GTRES<\/p>\n<p> <strong>Juega con los vol\u00famenes<\/strong><\/p>\n<p id=\"eh0TnXL4yfu\">Si hay algo que a lo que suele recurrir con frecuencia como comod\u00edn de estilo, esto es, a siluetas cuyos patrones le otorguen cierto volumen, un detalle con el que consigue un <strong>aire de originalidad de inmediat<\/strong>o. Como se\u00f1ala la experta: \u00abYa sea en pantalones o en partes de arriba. Nunca deber\u00edan llevarse juntos, ella lo sabe y<strong>\u00a0lo defiende bien<\/strong>\u00ab.<\/p>\n<p>312<\/p>\n<p>  <img src=\"https:\/\/www.europesays.com\/es\/wp-content\/uploads\/2025\/10\/03a3a1036f46-u548578084.jpg\"   width=\"682\" height=\"1024\" loading=\"lazy\" decoding=\"async\" alt=\"Cayetana Rivera, la arist\u00f3crata y chica de moda\" fetchpriority=\"auto\" class=\"image ho-image\"\/>\u00a9 GTRES<\/p>\n<p> <strong>Apoya la moda &#8216;made in Spain&#8217;<\/strong><\/p>\n<p id=\"ebChWRbHd0e\">\u00abAlgo tambi\u00e9n muy caracter\u00edstico son las marcas de moda espa\u00f1olas que firman la mayor\u00eda de sus looks\u00bb, comenta la experta, haciendo hincapi\u00e9 en ese homenaje que tiende a hacer a la costura del pa\u00eds: <strong>\u00abEscoge firmas nacionales<\/strong> para los looks que luce en la mayor\u00eda de sus eventos\u00bb.<\/p>\n<p>412<\/p>\n<p>  <img src=\"https:\/\/www.europesays.com\/es\/wp-content\/uploads\/2025\/10\/ba4ad199f6f8-u592463071.jpg\"   width=\"681\" height=\"1024\" loading=\"lazy\" decoding=\"async\" alt=\"Cayetana Rivera, la arist\u00f3crata y chica de moda\" fetchpriority=\"auto\" class=\"image ho-image\"\/>\u00a9 GTRES<\/p>\n<p> <strong>Devoci\u00f3n por el monocolor<\/strong><\/p>\n<p id=\"emnwQjIyFua\">La <strong>discreci\u00f3n\u00a0<\/strong>es una de las cualidades que mejor le definen. Una caracter\u00edstica que muestra, tambi\u00e9n, al vestir. Como explica la profesional de moda: \u00abNo tiende a mezclar colores y si lo hace son colores neutros. Los looks monocrom\u00e1ticos, donde abundan los caracter\u00edsticos colores old money\u00a0(azules, beige y blancos, verdes) ya sea para eventos o para looks casual, son su se\u00f1a de identidad\u00bb. As\u00ed lo comprobamos hace pocas semanas, en la boda de Cayetano Mart\u00ednez de Irujo y B\u00e1rbara Mijar, donde luci\u00f3 <a class=\"hm-link ho-link\" href=\"https:\/\/www.hola.com\/moda\/20251004859676\/eugenia-martinez-de-irujo-tana-rivera-looks-nvitadas-roberto-diz-boda-cayetano-barbara-sevilla\/\" data-mrf-recirculation=\"article-body-link\" rel=\"nofollow noopener\" target=\"_blank\">un vestido azul noche de Roberto Diz a juego con su madre, Eugenia Mart\u00ednez de Irujo.<\/a><\/p>\n<p>512<\/p>\n<p>  <img src=\"https:\/\/www.europesays.com\/es\/wp-content\/uploads\/2025\/10\/e536c1b7b0db-u510158068.jpg\"   width=\"682\" height=\"1024\" loading=\"lazy\" decoding=\"async\" alt=\"Cayetana Rivera, la arist\u00f3crata y chica de moda\" fetchpriority=\"auto\" class=\"image ho-image\"\/>\u00a9 GTRES<\/p>\n<p> <strong>Complementos que marcan la diferencia<\/strong><\/p>\n<p id=\"e8M4JQksR2e\">Uno de los trucos de estilo m\u00e1s recurridos por expertas en moda es el de apostar por un estilismo sobrio o simple, y a\u00f1adirle un<strong>\u00a0toque rompedor a trav\u00e9s de los accesorios<\/strong>. Un recurso que Cayetana Rivera conoce bien, y que suele lucir, sobre todo, en sus ocasiones m\u00e1s especiales. \u00abYa sea en tocados o bolsos. Juega bien la combinaci\u00f3n de look sencillo aportando el toque de atenci\u00f3n con accesorios especiales\u00bb, se\u00f1ala Inma Orduna..<\/p>\n<p>612<\/p>\n<p>  <img src=\"https:\/\/www.europesays.com\/es\/wp-content\/uploads\/2025\/10\/a54f0d322fcc-u494177006.jpg\"   width=\"682\" height=\"1024\" loading=\"lazy\" decoding=\"async\" alt=\"Cayetana Rivera, la arist\u00f3crata y chica de moda\" fetchpriority=\"auto\" class=\"image ho-image\"\/>\u00a9 GTRES<\/p>\n<p> <strong>Estampados sofisticados<\/strong><\/p>\n<p id=\"edysl-wmWm6\">Cuando busca salirse un poco de la norma, m\u00e1s all\u00e1 de apostar por complementos y accesorios llamativos, tambi\u00e9n recurre a los <strong>estampados<\/strong>. \u00abComo sucede con los looks monocrom\u00e1ticos, los estampados tambi\u00e9n abundan en su armario. Pero estos solemos verlos en<strong>\u00a0vestidos y en faldas\u00a0<\/strong>que combina con colores neutros. Las mezclas arriesgadas no forman parte de su estilo\u00bb, explica la estilista.<\/p>\n<p>712<\/p>\n<p>  <img src=\"https:\/\/www.europesays.com\/es\/wp-content\/uploads\/2025\/10\/a9a3683fcd04-u530498028.jpg\"   width=\"683\" height=\"1024\" loading=\"lazy\" decoding=\"async\" alt=\"Cayetana Rivera, la arist\u00f3crata y chica de moda\" fetchpriority=\"auto\" class=\"image ho-image\"\/>\u00a9 GTRES<\/p>\n<p> <strong>Todo al rojo<\/strong><\/p>\n<p id=\"ewRFUH692tH\">Al repasar los estilismos de la joven, llama la atenci\u00f3n <strong>su devoci\u00f3n por el color de la pasi\u00f3n<\/strong>. Son varias las ocasiones en las que lo ha escogido como protagonista especial, luci\u00e9ndolo tanto en su versi\u00f3n clara, m\u00e1s parecida al naranja, como en otros tonos, como el carm\u00edn. As\u00ed lo explica Inma Orduna: \u00abM\u00e1s all\u00e1 de los estampados, algo que tambi\u00e9n le funciona muy bien es vestir de rojo. Viste este color cuando sale de la paleta de colores<a class=\"hm-link ho-link\" href=\"https:\/\/www.hola.com\/moda\/20250606836542\/sofia-richie-look-mono-retro-estampado-lunas-monaco\/\" data-mrf-recirculation=\"article-body-link\" rel=\"nofollow noopener\" target=\"_blank\">\u00a0Old Money\u00a0<\/a>que comentaba anteriormente. Ella sabe que le favorece much\u00edsimo\u00bb.<\/p>\n<p>812<\/p>\n<p>  <img src=\"https:\/\/www.europesays.com\/es\/wp-content\/uploads\/2025\/10\/7105f1157624-u592122016.jpg\"   width=\"681\" height=\"1024\" loading=\"lazy\" decoding=\"async\" alt=\"Cayetana Rivera, la arist\u00f3crata y chica de moda\" fetchpriority=\"auto\" class=\"image ho-image\"\/>\u00a9 GTRES<\/p>\n<p> S\u00ed a los tacones (pero con plataforma)<\/p>\n<p id=\"eLX1rYzTOn5\">Aunque le gusta ir de punta en blanco, resulta raro encontrar un solo estilismo de Cayetana Rivera que parezca inc\u00f3modo. Si bien suele apostar por siluetas amplias, tambi\u00e9n extrapola esta lecci\u00f3n al calzado, incluso, cuando luce tacones: \u00abLos acompa\u00f1a con plataformas, indispensables en sus looks de invitada. Un zapato c\u00f3modo y que estiliza\u00bb, detalla la profesional.<\/p>\n<p>912<\/p>\n<p>  <img src=\"https:\/\/www.europesays.com\/es\/wp-content\/uploads\/2025\/10\/553bb26fe1ce-u579999019.jpg\"   width=\"732\" height=\"1024\" loading=\"lazy\" decoding=\"async\" alt=\"Cayetana Rivera, la arist\u00f3crata y chica de moda\" fetchpriority=\"auto\" class=\"image ho-image\"\/>\u00a9 GTRES<\/p>\n<p> <strong>Un fondo de armario infalible<\/strong><\/p>\n<p id=\"eKjTKfBUHrD\">\u00abTambi\u00e9n es habitual que repita prendas en sus looks m\u00e1s casual\u00bb. As\u00ed, como se\u00f1ala Inma Ordu\u00f1a, Cayetana Rivera parece deja a un lado aquella pauta de estilo que imperaba antes, donde los personajes p\u00fablicos estrenan ropa sin cesar. Eso s\u00ed, cuenta con un fondo de armario fuerte, uno vers\u00e1til en el que no le falta de nada: \u00abLas prendas b\u00e1sicas que forman parte de su armario le facilitan poder crear diferentes looks\u00bb.<\/p>\n<p>1012<\/p>\n<p>  <img src=\"https:\/\/www.europesays.com\/es\/wp-content\/uploads\/2025\/10\/d0708b832af4-u580683071.jpg\"   width=\"673\" height=\"1024\" loading=\"lazy\" decoding=\"async\" alt=\"Cayetana Rivera, la arist\u00f3crata y chica de moda\" fetchpriority=\"auto\" class=\"image ho-image\"\/>\u00a9 GTRES<\/p>\n<p> <strong>Fan del &#8216;menos es mas&#8217;<\/strong><\/p>\n<p id=\"ekXmFSIAXsc\">Siguiendo esta estela, queda claro que, tal y como opina la estilista, \u00abtiene un estilo propio muy definido. A ella le funciona bien el &#8216;menos es m\u00e1s&#8217;. Apuesta por la sobriedad, y no arriesga en exceso, pero a pesar de ello suele ser siempre una de las mejores vestidas en cada evento\u00bb.<\/p>\n<p>1112<\/p>\n<p>  <img src=\"https:\/\/www.europesays.com\/es\/wp-content\/uploads\/2025\/10\/e4a2e8fe4565-u438773026.jpg\"   width=\"682\" height=\"1024\" loading=\"lazy\" decoding=\"async\" alt=\"Cayetana Rivera, la arist\u00f3crata y chica de moda\" fetchpriority=\"auto\" class=\"image ho-image\"\/>\u00a9 GTRES<\/p>\n<p> <strong>Reina de la discreci\u00f3n\u00a0<\/strong><\/p>\n<p id=\"eQjBybAIWzf\">Teniendo en cuenta todas estas claves de estilo, Cayetana Rivera cuenta con todos los requisitos para tener \u00e9xito como influencer.\u00a0Pero, aunque acude a eventos y posa con otras personalidades que tienen gran eco en redes sociales, como Victoria Federica, lo cierto es que, de momento,<strong>\u00a0mantiene sus redes sociales en privado<\/strong> y no muestra inter\u00e9s en convertirse en creadora de contenido.<\/p>\n<p>1212<\/p>\n<p>  <img src=\"https:\/\/www.europesays.com\/es\/wp-content\/uploads\/2025\/10\/6cb6dde702ac-u563627128.jpg\"   width=\"682\" height=\"1024\" loading=\"lazy\" decoding=\"async\" alt=\"Cayetana Rivera, la arist\u00f3crata y chica de moda\" fetchpriority=\"auto\" class=\"image ho-image\"\/>\u00a9 GTRES<\/p>\n<p> <strong>Un icono para la &#8216;generaci\u00f3n Z&#8217;<\/strong><\/p>\n<p id=\"eBHNeJX1VkA\">Eso s\u00ed, ser una persona medi\u00e1tica es algo que no puede evitar. Cada vez que pisa la calle levanta pasiones. Y, a pesar de que su estilo es menos bohemio que el de su madre, Cayetana Rivera \u00a0ya destaca como fuente de inspiraci\u00f3n entre las chicas j\u00f3venes. M\u00e1s all\u00e1 de eso, siguiendo el legado familiar, ha querido diferenciarse por m\u00e9rito propio. Estudi\u00f3 Administraci\u00f3n y Finanzas, trabaj\u00f3 en el sector privado, y ahora se ha convertido en empresaria al fundar su propia marca de moda.\u00a0<\/p>\n","protected":false},"excerpt":{"rendered":"Ser hija de Francisco Rivera Ord\u00f3\u00f1ez y Eugenia Mart\u00ednez de Irujo, y, por tanto, nieta de Carmen Ordo\u00f1ez&hellip;\n","protected":false},"author":2,"featured_media":180465,"comment_status":"","ping_status":"","sticky":false,"template":"","format":"standard","meta":{"footnotes":""},"categories":[174],"tags":[1024,22347,255,146,147,25,24,38513,256,1023,23,2922],"class_list":{"0":"post-180464","1":"post","2":"type-post","3":"status-publish","4":"format-standard","5":"has-post-thumbnail","7":"category-famosos","8":"tag-actualidad-moda","9":"tag-cayetana-rivera","10":"tag-celebrities","11":"tag-entertainment","12":"tag-entretenimiento","13":"tag-es","14":"tag-espana","15":"tag-expertos-en-moda","16":"tag-famosos","17":"tag-moda","18":"tag-spain","19":"tag-tendencias"},"share_on_mastodon":{"url":"","error":""},"_links":{"self":[{"href":"https:\/\/www.europesays.com\/es\/wp-json\/wp\/v2\/posts\/180464","targetHints":{"allow":["GET"]}}],"collection":[{"href":"https:\/\/www.europesays.com\/es\/wp-json\/wp\/v2\/posts"}],"about":[{"href":"https:\/\/www.europesays.com\/es\/wp-json\/wp\/v2\/types\/post"}],"author":[{"embeddable":true,"href":"https:\/\/www.europesays.com\/es\/wp-json\/wp\/v2\/users\/2"}],"replies":[{"embeddable":true,"href":"https:\/\/www.europesays.com\/es\/wp-json\/wp\/v2\/comments?post=180464"}],"version-history":[{"count":0,"href":"https:\/\/www.europesays.com\/es\/wp-json\/wp\/v2\/posts\/180464\/revisions"}],"wp:featuredmedia":[{"embeddable":true,"href":"https:\/\/www.europesays.com\/es\/wp-json\/wp\/v2\/media\/180465"}],"wp:attachment":[{"href":"https:\/\/www.europesays.com\/es\/wp-json\/wp\/v2\/media?parent=180464"}],"wp:term":[{"taxonomy":"category","embeddable":true,"href":"https:\/\/www.europesays.com\/es\/wp-json\/wp\/v2\/categories?post=180464"},{"taxonomy":"post_tag","embeddable":true,"href":"https:\/\/www.europesays.com\/es\/wp-json\/wp\/v2\/tags?post=180464"}],"curies":[{"name":"wp","href":"https:\/\/api.w.org\/{rel}","templated":true}]}}