{"id":180486,"date":"2025-10-16T11:34:10","date_gmt":"2025-10-16T11:34:10","guid":{"rendered":"https:\/\/www.europesays.com\/es\/180486\/"},"modified":"2025-10-16T11:34:10","modified_gmt":"2025-10-16T11:34:10","slug":"los-perez-arce-lideran-a-un-abanca-ademar-en-progresion","status":"publish","type":"post","link":"https:\/\/www.europesays.com\/es\/180486\/","title":{"rendered":"Los P\u00e9rez Arce lideran a un Abanca Ademar en progresi\u00f3n"},"content":{"rendered":"<p><a class=\"v-mdl-ath__fig-a\" href=\"https:\/\/www.leonoticias.com\/autor\/dani-gonzalez-2280.html\" title=\"Dani Gonz\u00e1lez\" rel=\"nofollow noopener\" target=\"_blank\"><br \/>\n<img decoding=\"async\" class=\"v-mdl-ath__img\" src=\"https:\/\/www.europesays.com\/es\/wp-content\/uploads\/2025\/08\/autor-2280-foto-4.jpeg\" alt=\"Dani Gonz\u00e1lez\"\/><br \/>\n<\/a><\/p>\n<p class=\"v-mdl-ath__p v-mdl-ath__p--6\">\nJueves, 16 de octubre 2025, 12:05<\/p>\n<p class=\"v-p\">Son hermanos, leoneses y canteranos del Abanca Ademar. Entienden perfectamente la idiosincrasia de la entidad marista y conocen a su entrenador, Dani Gordo, desde hace a\u00f1os, cuando el ahora t\u00e9cnico del primer equipo dirig\u00eda en la base ademarista.<\/p>\n<p class=\"v-p\">Gonzalo y Rodrigo P\u00e9rez son los l\u00edderes de este Abanca Ademar. Los dos hermanos han vuelto a juntar sus carreras profesionales en Le\u00f3n, el lugar donde todo comenz\u00f3. Ser\u00e1, a priori, tan solo por un a\u00f1o \u2013 ambos finalizan contrato en junio y Gonzalo, salvo sorpresa, no seguir\u00e1 -, y quieren dejar su impronta en esta temporada.<\/p>\n<p><a href=\"http:\/\/www.leonoticias.com\/deportes\/ademar\/favorito-grupo-liga-europa-opcion-ademar-20251014201835-nt.html#vtm_modulosEngag=mod-rel:deportes:noticia:1:cmp:1-not\" class=\"v-a-link\" aria-label=\"Imagen\" rel=\"nofollow noopener\" target=\"_blank\"><\/p>\n<p><img decoding=\"async\" loading=\"lazy\" src=\"https:\/\/www.europesays.com\/es\/wp-content\/uploads\/2025\/10\/G3NnJ4CXMAATU-G-k2H--366x256@Leonoticias.jpg\" class=\"v-a-img\" width=\"258\" height=\"180\" alt=\"\" data-voc-vtm-id=\"in-text-traffic\"\/><\/p>\n<p><\/a><\/p>\n<p class=\"v-p\">El extremo y el central son los m\u00e1ximos goleadores del Abanca Ademar este curso y, lejos de que su trascendencia se quede en ese importante dato, tambi\u00e9n son los que tiran del carro en los momentos m\u00e1s complicados, los que tienen la capacidad de echarse el equipo a la espaldas. Para muestra, un bot\u00f3n: Rodrigo, que brill\u00f3 en Puente Genil, fue el encargado de sacar al Ademar a flote en los momentos complicados en la cancha cordobesa.<\/p>\n<p class=\"v-p\">Gonzalo, con 48 goles, promedia casi diez tantos por partido (9,6) y es el m\u00e1ximo realizador de la Liga Asobal, aventajando en once goles al segundo, Ander Torrico, del Eon Alicante, que suma 37. Rodrigo, por su parte, ocupa el puesto 16 entre los m\u00e1ximos goleadores de la competici\u00f3n.<\/p>\n<p class=\"v-p\">Los P\u00e9rez Arce, de esta manera, son los encargados de llevar el peso de este Abanca Ademar que quiere seguir al alza y este s\u00e1bado (19:00 horas) busca mantener su buena racha en Asobal ante Cuenca antes de estrenar la fase de grupos de Liga Europa en el Palacio ante el Nexe (martes, 20:45 horas). <\/p>\n<p>Reporta un error<\/p>\n","protected":false},"excerpt":{"rendered":"Jueves, 16 de octubre 2025, 12:05 Son hermanos, leoneses y canteranos del Abanca Ademar. Entienden perfectamente la idiosincrasia&hellip;\n","protected":false},"author":2,"featured_media":180487,"comment_status":"","ping_status":"","sticky":false,"template":"","format":"standard","meta":{"footnotes":""},"categories":[278],"tags":[6857,5871,51314,376,168,25,24,375,10056,738,8392,23,167],"class_list":{"0":"post-180486","1":"post","2":"type-post","3":"status-publish","4":"format-standard","5":"has-post-thumbnail","7":"category-balonmano","8":"tag-abanca","9":"tag-ademar","10":"tag-arce","11":"tag-balonmano","12":"tag-deportes","13":"tag-es","14":"tag-espana","15":"tag-handball","16":"tag-lideran","17":"tag-perez","18":"tag-progresion","19":"tag-spain","20":"tag-sports"},"share_on_mastodon":{"url":"","error":""},"_links":{"self":[{"href":"https:\/\/www.europesays.com\/es\/wp-json\/wp\/v2\/posts\/180486","targetHints":{"allow":["GET"]}}],"collection":[{"href":"https:\/\/www.europesays.com\/es\/wp-json\/wp\/v2\/posts"}],"about":[{"href":"https:\/\/www.europesays.com\/es\/wp-json\/wp\/v2\/types\/post"}],"author":[{"embeddable":true,"href":"https:\/\/www.europesays.com\/es\/wp-json\/wp\/v2\/users\/2"}],"replies":[{"embeddable":true,"href":"https:\/\/www.europesays.com\/es\/wp-json\/wp\/v2\/comments?post=180486"}],"version-history":[{"count":0,"href":"https:\/\/www.europesays.com\/es\/wp-json\/wp\/v2\/posts\/180486\/revisions"}],"wp:featuredmedia":[{"embeddable":true,"href":"https:\/\/www.europesays.com\/es\/wp-json\/wp\/v2\/media\/180487"}],"wp:attachment":[{"href":"https:\/\/www.europesays.com\/es\/wp-json\/wp\/v2\/media?parent=180486"}],"wp:term":[{"taxonomy":"category","embeddable":true,"href":"https:\/\/www.europesays.com\/es\/wp-json\/wp\/v2\/categories?post=180486"},{"taxonomy":"post_tag","embeddable":true,"href":"https:\/\/www.europesays.com\/es\/wp-json\/wp\/v2\/tags?post=180486"}],"curies":[{"name":"wp","href":"https:\/\/api.w.org\/{rel}","templated":true}]}}