{"id":180496,"date":"2025-10-16T11:42:09","date_gmt":"2025-10-16T11:42:09","guid":{"rendered":"https:\/\/www.europesays.com\/es\/180496\/"},"modified":"2025-10-16T11:42:09","modified_gmt":"2025-10-16T11:42:09","slug":"lesion-mateu-tenerife-nuevo-plazo-para-la-reaparicion-de-marc-mateu-en-el-cd-tenerife","status":"publish","type":"post","link":"https:\/\/www.europesays.com\/es\/180496\/","title":{"rendered":"LESI\u00d3N MATEU TENERIFE | Nuevo plazo para la reaparici\u00f3n de Marc Mateu en el CD Tenerife"},"content":{"rendered":"<p class=\"ft-text ft-helper-closenews\">Una de las pocas noticias infelices del comienzo de temporada del <a class=\"ft-link ft-link--decoration\" href=\"https:\/\/www.eldia.es\/deportes\/cd-tenerife\/2025\/10\/15\/jeremy-jorge-piensa-seguir-cd-122623961.html\" rel=\"nofollow noopener\" target=\"_blank\">CD Tenerife<\/a> viene de la enfermer\u00eda y tiene nombre propio, el de <a class=\"ft-link ft-link--decoration\" href=\"https:\/\/www.eldia.es\/deportes\/cd-tenerife\/2025\/10\/14\/marc-mateu-pausa-larga-carrera-122622628.html\" rel=\"nofollow noopener\" target=\"_blank\">Marc Mateu Sanju\u00e1n<\/a>. El lateral valenciano, que aterrizaba en el proyecto con el rol casi incuestionable de futbolista titular, ha sumado hasta la fecha solo los primeros 90 minutos de la competici\u00f3n. Desde entonces, un esguince de tobillo que parec\u00eda anecd\u00f3tico se ha convertido en un aut\u00e9ntico quebradero de cabeza para el ex del Eldense, que est\u00e1 \u00abcontrariado\u00bb, seg\u00fan admite <strong>\u00c1lvaro Cervera.<\/strong><\/p>\n<p class=\"ft-text\">Los plazos de recuperaci\u00f3n se han alargado mucho m\u00e1s de lo previsto y en el club admiten que, aunque ir\u00e1 dando pasos adelante, su disponibilidad para competir tardar\u00e1 al menos tres semanas m\u00e1s. De puertas adentro, <a class=\"ft-link ft-link--decoration\" href=\"https:\/\/www.eldia.es\/tags\/cd-tenerife\/\" rel=\"nofollow noopener\" target=\"_blank\">en el Tenerife<\/a> prefieren apostar por la prudencia y no anticipar los plazos. De este modo, Mateu se perder\u00eda no solo la cita de este s\u00e1bado (Heliodoro, 20:00 horas) contra Unionistas de Salamanca, sino tambi\u00e9n los compromisos venideros \u2013todos a domicilio\u2013 contra el <strong>Barakaldo <\/strong>en Lasesarre; frente a la <strong>RSD Alcal\u00e1<\/strong> en El Val, en el debut blanquiazul <a class=\"ft-link ft-link--decoration\" href=\"https:\/\/www.eldia.es\/tags\/copa-del-rey\/\" rel=\"nofollow noopener\" target=\"_blank\">en la Copa del Rey<\/a>; y tambi\u00e9n el exigente duelo de A Malata con el que el Tenerife abrir\u00e1 el mes de noviembre.<\/p>\n<p class=\"ft-text\">En este tiempo, a Cervera le tocar\u00e1 decidir si persevera en la apuesta por Ander Zoilo, que ha encadenado alg\u00fan d\u00eda gris (frente al Zamora)con actuaciones eficientes <a class=\"ft-link ft-link--decoration\" href=\"https:\/\/www.eldia.es\/deportes\/cd-tenerife\/2025\/10\/12\/cacereno-cd-tenerife-122553557.html\" rel=\"nofollow noopener\" target=\"_blank\">(como la del domingo pasado en el Pr\u00edncipe Felipe)<\/a>. La otra posibilidad es dar carrete al canterano <strong>C\u00e9sar \u00c1lvarez<\/strong> y cambiar de costado a <strong>David Rodr\u00edguez<\/strong>, por quien el entrenador siente especial predilecci\u00f3n y del que ha dicho que podr\u00eda jugar casi en cualquier demarcaci\u00f3n. En un tiempo donde la propia competici\u00f3n y el ajetreo del calendario invitan a las rotaciones, en el Tenerife lamentan no poder contar con un Mateu que sobresali\u00f3 <strong>en pretemporada<\/strong>. Ya entonces se erigi\u00f3 la suya como una figura clave en las acciones de laboratorio, en una tendencia que confirm\u00f3 el d\u00eda del estreno oficial contra el Guadalajara.<\/p>\n<p>Los n\u00fameros<\/p>\n<p class=\"ft-text\">Entretanto, la mejor defensa del campeonato y la que presenta el promedio m\u00e1s brillante de goles recibidos en todo el <a class=\"ft-link ft-link--decoration\" href=\"https:\/\/www.eldia.es\/tags\/futbol\/\" rel=\"nofollow noopener\" target=\"_blank\">f\u00fatbol<\/a> nacional (0,29 por jornada)se reparte los minutos de forma desigual. Despunta <strong>David<\/strong>, que confirma su progresi\u00f3n al alza con 629\u2019 disputados, pr\u00e1cticamente todos; seguido de un \u00c1lvaro <a class=\"ft-link ft-link--decoration\" href=\"https:\/\/www.eldia.es\/tags\/sergio-gonzalez\/\" rel=\"nofollow noopener\" target=\"_blank\">Gonz\u00e1lez<\/a> que se ha erigido en uno de los bastiones de la retaguardia, y de un Zoilo que ha sabido aprovechar la desafortunada baja de su competidor para instalarse en la titularidad.<\/p>\n<p class=\"ft-text\">En el club dan este plazo de tres o cuatro semanas para Mateu; y uno a\u00fan m\u00e1s largo para el centrocampista adejero <a class=\"ft-link ft-link--decoration\" href=\"https:\/\/www.eldia.es\/tags\/javi-alonso\/\" rel=\"nofollow noopener\" target=\"_blank\"><strong>Javi Alonso<\/strong><\/a>, a quien pudo verse con una sonrisa en la sesi\u00f3n matinal del mi\u00e9rcoles en la <strong>Ciudad Deportiva<\/strong>. Su reaparici\u00f3n llam\u00f3 la atenci\u00f3n y es una evidente se\u00f1al de que su rehabilitaci\u00f3n avanza. Los plazos con el isle\u00f1o apuntan a mediados de noviembre para poder competir. No obstante, su ficha es del filial y parece dif\u00edcil que pueda entrar en las rotaciones de Mazinho, donde ya hay alta competencia en su parcela. No en vano, la llegada de Javi P\u00e9rez al primer equipo precipit\u00f3 que bajase Alberto Ulloa, quien inicialmente parec\u00eda que pudiera hallar hueco el conjunto de<strong> Primera RFEF.<\/strong><\/p>\n<p data-close=\"closedContent\" class=\"subscribeHideForDisplay\">Suscr\u00edbete para seguir leyendo<\/p>\n","protected":false},"excerpt":{"rendered":"Una de las pocas noticias infelices del comienzo de temporada del CD Tenerife viene de la enfermer\u00eda y&hellip;\n","protected":false},"author":2,"featured_media":180497,"comment_status":"","ping_status":"","sticky":false,"template":"","format":"standard","meta":{"footnotes":""},"categories":[268],"tags":[8902,51320,168,25,24,280,282,6489,51319,524,10016,22394,1550,281,23,167,1370],"class_list":{"0":"post-180496","1":"post","2":"type-post","3":"status-publish","4":"format-standard","5":"has-post-thumbnail","7":"category-futbol","8":"tag-cd-tenerife","9":"tag-cervera","10":"tag-deportes","11":"tag-es","12":"tag-espana","13":"tag-football","14":"tag-futbol","15":"tag-marc","16":"tag-mateu","17":"tag-nuevo","18":"tag-plazo","19":"tag-reaparicion","20":"tag-rfef","21":"tag-soccer","22":"tag-spain","23":"tag-sports","24":"tag-tenerife"},"share_on_mastodon":{"url":"","error":""},"_links":{"self":[{"href":"https:\/\/www.europesays.com\/es\/wp-json\/wp\/v2\/posts\/180496","targetHints":{"allow":["GET"]}}],"collection":[{"href":"https:\/\/www.europesays.com\/es\/wp-json\/wp\/v2\/posts"}],"about":[{"href":"https:\/\/www.europesays.com\/es\/wp-json\/wp\/v2\/types\/post"}],"author":[{"embeddable":true,"href":"https:\/\/www.europesays.com\/es\/wp-json\/wp\/v2\/users\/2"}],"replies":[{"embeddable":true,"href":"https:\/\/www.europesays.com\/es\/wp-json\/wp\/v2\/comments?post=180496"}],"version-history":[{"count":0,"href":"https:\/\/www.europesays.com\/es\/wp-json\/wp\/v2\/posts\/180496\/revisions"}],"wp:featuredmedia":[{"embeddable":true,"href":"https:\/\/www.europesays.com\/es\/wp-json\/wp\/v2\/media\/180497"}],"wp:attachment":[{"href":"https:\/\/www.europesays.com\/es\/wp-json\/wp\/v2\/media?parent=180496"}],"wp:term":[{"taxonomy":"category","embeddable":true,"href":"https:\/\/www.europesays.com\/es\/wp-json\/wp\/v2\/categories?post=180496"},{"taxonomy":"post_tag","embeddable":true,"href":"https:\/\/www.europesays.com\/es\/wp-json\/wp\/v2\/tags?post=180496"}],"curies":[{"name":"wp","href":"https:\/\/api.w.org\/{rel}","templated":true}]}}