{"id":180502,"date":"2025-10-16T11:45:09","date_gmt":"2025-10-16T11:45:09","guid":{"rendered":"https:\/\/www.europesays.com\/es\/180502\/"},"modified":"2025-10-16T11:45:09","modified_gmt":"2025-10-16T11:45:09","slug":"un-libro-ilustrado-recupera-el-espiritu-de-los-cuadernos-de-campo-de-felix-rodriguez-de-la-fuente","status":"publish","type":"post","link":"https:\/\/www.europesays.com\/es\/180502\/","title":{"rendered":"Un libro ilustrado recupera el esp\u00edritu de los cuadernos de campo de F\u00e9lix Rodr\u00edguez de la Fuente"},"content":{"rendered":"<p class=\"c-paragraph\"><b\/>Espa\u00f1a es <b>uno de los pa\u00edses m\u00e1s ricos del mundo en \u00e1rboles monumentales<\/b>, pero muy pocos lo saben y a\u00fan muchos menos los valoran en su justa medida. Convertidos en apenas una an\u00e9cdota tur\u00edstica, su importancia natural y cultural hab\u00eda pasado desapercibida. Es lo que reivindica\u00a0<b>\u00c1rboles singulares. Cuaderno de campo de los \u00e1rboles m\u00e1s fascinantes de Espa\u00f1a<\/b> (<a href=\"https:\/\/www.guiasdeviajeanaya.es\/guia\/guias-singulares\/arboles-singulares\/\" rel=\"nofollow noopener\" target=\"_blank\">Anaya Touring<\/a>), un nuevo libro que invita a mirar a estos seres grandiosos con los ojos del naturalista curioso.\u00a0<\/p>\n<p class=\"c-paragraph\">Escrito por el periodista ambiental <b>C\u00e9sar-Javier Palacios<\/b> e ilustrado por el artista <b>Nacho Sevilla<\/b>, esta obra combina <b>ciencia, arte y emoci\u00f3n<\/b> para rendir homenaje a los \u00e1rboles extraordinarios de nuestro pa\u00eds. Con textos llenos de observaci\u00f3n y sensibilidad, y <b>m\u00e1s de 300 acuarelas originales<\/b>, la gu\u00eda se convierte en una verdadera declaraci\u00f3n de amor a la naturaleza.<\/p>\n<p class=\"c-paragraph\">Los autores se confiesan\u00a0<b>herederos del esp\u00edritu de los \u201cCuadernos de Campo\u201d de F\u00e9lix Rodr\u00edguez de la Fuente<\/b>, aquellos libritos publicados en 1978 y que ense\u00f1aron a varias generaciones de espa\u00f1oles a mirar el mundo rural con curiosidad, respeto y asombro. Como en ellos, en esta publicaci\u00f3n\u00a0<b><b>se une la ciencia con la emoci\u00f3n<\/b><\/b>, la observaci\u00f3n rigurosa con la poes\u00eda del descubrimiento del inmenso mundo natural y cultural que protegen los \u00e1rboles singulares,\u00a0<b><b>al estilo de \u00abla vieja tronca\u00bb<\/b><\/b>\u00a0que populariz\u00f3 el naturalista burgal\u00e9s. Es un homenaje a esa tradici\u00f3n divulgativa y amorosa hacia lo vivo, una invitaci\u00f3n a seguir el legado de quienes nos ense\u00f1aron que <b>proteger empieza por conocer<\/b>.<\/p>\n<p>Turismo tranquilo, de lupa y prism\u00e1ticos<\/p>\n<p class=\"c-paragraph\"><b\/>Alejado de los cat\u00e1logos habituales que hasta ahora se hab\u00edan centrado en el \u00e1rbol olvidando su entorno, la nueva publicaci\u00f3n propone <b>un viaje pausado y contemplativo por la geograf\u00eda arb\u00f3rea espa\u00f1ola, <\/b>pertrechados de lupa, prism\u00e1ticos, l\u00e1pices y mucha curiosidad.<\/p>\n<p class=\"c-paragraph\">Desde el milenario tejo de Bermiego hasta el legendario drago de Icod de los Vinos, pasando por robles centenarios, alcornoques, encinas, pinsapos y sabinas, pero tambi\u00e9n chopos, palmeras, almendros y olivos, los autores nos conducen por <b>un mosaico de paisajes llenos de asombrosa vida natural<\/b>.\u00a0<\/p>\n<p class=\"c-paragraph\">En cada parada, el lector descubre no s\u00f3lo los secretos bot\u00e1nicos de los \u00e1rboles y plantas que crecen a su sombra, sino tambi\u00e9n la historia natural de mam\u00edferos, aves, anfibios y reptiles refugiados a su vera. Y por supuesto, <b>su paisaje cultural<\/b>, las leyendas que los envuelven, las tradiciones que los veneran y las historias de las gentes que los han cuidado durante siglos para que ahora nosotros los podamos admirar.<\/p>\n<p class=\"c-paragraph\">El libro invita al lector a <b>adentrarse en la Espa\u00f1a rural<\/b> de la mano de unos \u00e1rboles monumentales que se convierten en espectaculares herramientas de interpretaci\u00f3n del paisaje.\u00a0<\/p>\n<p><b>Naturaleza, arte y memoria<\/b><\/p>\n<p class=\"c-paragraph\">El texto de Palacios, escrito <b>con la mirada de un naturalista y la emoci\u00f3n de un cronista del paisaje<\/b>, ofrece rigor cient\u00edfico sin renunciar a la poes\u00eda. Cada \u00e1rbol se presenta como un ser con pasado propio, testigo de siglos de historia natural y humana. Por su parte, las <b>acuarelas de Nacho Sevilla<\/b> acompa\u00f1an el relato con precisi\u00f3n y belleza, capturando la textura de las cortezas, la luz cambiante del bosque y los peque\u00f1os habitantes que pueblan sus ramas.<\/p>\n<p class=\"c-paragraph\">\u00c1rboles singulares recupera de esta forma\u00a0<b>la mirada curiosa de los antiguos naturalistas del siglo XIX<\/b>, que recorr\u00edan monta\u00f1as, riberas y dehesas con l\u00e1pices y acuarelas como sus grandes herramientas de investigaci\u00f3n. Tambi\u00e9n es un homenaje a los Cuadernos de Campo que populariz\u00f3 F\u00e9lix Rodr\u00edguez de la Fuente, donde lo peque\u00f1o se convierte en el gran protagonista de la excursi\u00f3n.\u00a0<\/p>\n<p>Un patrimonio fr\u00e1gil<\/p>\n<p class=\"c-paragraph\">Consciente del inter\u00e9s tur\u00edstico de muchos de estos ejemplares, pero tambi\u00e9n de su extrema fragilidad, el libro incorpora <b>c\u00f3digos QR<\/b> que permiten acercarse con todas las precauciones a los \u00e1rboles retratados, todos ellos seleccionados entre los m\u00e1s protegidos de Espa\u00f1a. Adem\u00e1s, incluye un <b>\u201cDec\u00e1logo del explorador arbor\u00edcola\u201d<\/b>, un peque\u00f1o manual para aprender a visitar y disfrutar estos monumentos naturales sin deteriorarlos.\u00a0<\/p>\n<p class=\"c-paragraph\">Se trata as\u00ed de promover un <b>turismo rural sostenible<\/b> que fomente <b>la admiraci\u00f3n y el respeto<\/b> por los \u00e1rboles singulares como patrimonio com\u00fan. Porque, como recuerdan los autores, \u201cconocerlos es el primer paso para valorarlos, y valorarlos, el primer gesto para protegerlos\u201d.<\/p>\n<ul>\n<li class=\"c-picture__list__item\"><a><img decoding=\"async\" loading=\"lazy\" alt=\"Portada del libro\" width=\"320\" height=\"180\" src=\"https:\/\/www.europesays.com\/es\/wp-content\/uploads\/2025\/10\/68f0c8b8a79d3.r_d.209-111-6262.png\"\/><\/a>\n<p>C\u00e9sar-Javier Palacios y Nacho Sevilla<\/p>\n<p>Editorial: Anaya Touring<br \/>P\u00e1ginas: 208<br \/>ISBN: 978-84-9158-927-3<br \/>Fecha de publicaci\u00f3n: Octubre de 2025<\/p>\n<\/li>\n<\/ul>\n","protected":false},"excerpt":{"rendered":"Espa\u00f1a es uno de los pa\u00edses m\u00e1s ricos del mundo en \u00e1rboles monumentales, pero muy pocos lo saben&hellip;\n","protected":false},"author":2,"featured_media":180503,"comment_status":"","ping_status":"","sticky":false,"template":"","format":"standard","meta":{"footnotes":""},"categories":[172],"tags":[28347,224,146,147,25,24,23643,1496,225,6833,23,16743],"class_list":{"0":"post-180502","1":"post","2":"type-post","3":"status-publish","4":"format-standard","5":"has-post-thumbnail","7":"category-libros","8":"tag-arboles","9":"tag-books","10":"tag-entertainment","11":"tag-entretenimiento","12":"tag-es","13":"tag-espana","14":"tag-espiritu","15":"tag-libro","16":"tag-libros","17":"tag-recupera","18":"tag-spain","19":"tag-un"},"share_on_mastodon":{"url":"","error":""},"_links":{"self":[{"href":"https:\/\/www.europesays.com\/es\/wp-json\/wp\/v2\/posts\/180502","targetHints":{"allow":["GET"]}}],"collection":[{"href":"https:\/\/www.europesays.com\/es\/wp-json\/wp\/v2\/posts"}],"about":[{"href":"https:\/\/www.europesays.com\/es\/wp-json\/wp\/v2\/types\/post"}],"author":[{"embeddable":true,"href":"https:\/\/www.europesays.com\/es\/wp-json\/wp\/v2\/users\/2"}],"replies":[{"embeddable":true,"href":"https:\/\/www.europesays.com\/es\/wp-json\/wp\/v2\/comments?post=180502"}],"version-history":[{"count":0,"href":"https:\/\/www.europesays.com\/es\/wp-json\/wp\/v2\/posts\/180502\/revisions"}],"wp:featuredmedia":[{"embeddable":true,"href":"https:\/\/www.europesays.com\/es\/wp-json\/wp\/v2\/media\/180503"}],"wp:attachment":[{"href":"https:\/\/www.europesays.com\/es\/wp-json\/wp\/v2\/media?parent=180502"}],"wp:term":[{"taxonomy":"category","embeddable":true,"href":"https:\/\/www.europesays.com\/es\/wp-json\/wp\/v2\/categories?post=180502"},{"taxonomy":"post_tag","embeddable":true,"href":"https:\/\/www.europesays.com\/es\/wp-json\/wp\/v2\/tags?post=180502"}],"curies":[{"name":"wp","href":"https:\/\/api.w.org\/{rel}","templated":true}]}}