{"id":180512,"date":"2025-10-16T11:51:08","date_gmt":"2025-10-16T11:51:08","guid":{"rendered":"https:\/\/www.europesays.com\/es\/180512\/"},"modified":"2025-10-16T11:51:08","modified_gmt":"2025-10-16T11:51:08","slug":"manuel-gomez-pereira-alberto-san-juan-y-mario-casas-en-las-mananas-de-rne","status":"publish","type":"post","link":"https:\/\/www.europesays.com\/es\/180512\/","title":{"rendered":"Manuel G\u00f3mez Pereira, Alberto San Juan y Mario Casas en Las Ma\u00f1anas de RNE"},"content":{"rendered":"<p>Las ma\u00f1anas de RNE &#8211; &#8216;La cena&#8217;: Mario Casas, Alberto San Juan y Manuel G\u00f3mez Pereira &#8211; Escuchar ahora<\/p>\n<p>Este viernes llega a los cines <strong>La cena (La fuga est\u00e1 servida)<\/strong>, la nueva pel\u00edcula de <strong>Manuel G\u00f3mez Pereira<\/strong>, interpretada en los papeles protagonistas por <strong>Mario Casas<\/strong> (que da vida al teniente Medina) y por <strong>Alberto San Juan<\/strong> (en la piel de Genaro, el ma\u00eetre del Hotel Palace). Con los tres charlamos esta ma\u00f1ana para conocer los detalles de esta historia basada en una obra de teatro y que su director afirma que es una pel\u00edcula antibelicista y necesaria para reflexionar el fascismo, la guerra y la actualidad.<\/p>\n","protected":false},"excerpt":{"rendered":"Las ma\u00f1anas de RNE &#8211; &#8216;La cena&#8217;: Mario Casas, Alberto San Juan y Manuel G\u00f3mez Pereira &#8211; Escuchar&hellip;\n","protected":false},"author":2,"featured_media":180513,"comment_status":"","ping_status":"","sticky":false,"template":"","format":"standard","meta":{"footnotes":""},"categories":[91],"tags":[51322,146,147,25,24,51321,133,1448,1986,1987,10509,23],"class_list":{"0":"post-180512","1":"post","2":"type-post","3":"status-publish","4":"format-standard","5":"has-post-thumbnail","7":"category-entretenimiento","8":"tag-alberto-san-juan-y-manuel-gomez-pereira","9":"tag-entertainment","10":"tag-entretenimiento","11":"tag-es","12":"tag-espana","13":"tag-la-cena-mario-casas","14":"tag-online","15":"tag-radio","16":"tag-rne","17":"tag-rtve-play","18":"tag-sin-programa","19":"tag-spain"},"share_on_mastodon":{"url":"","error":""},"_links":{"self":[{"href":"https:\/\/www.europesays.com\/es\/wp-json\/wp\/v2\/posts\/180512","targetHints":{"allow":["GET"]}}],"collection":[{"href":"https:\/\/www.europesays.com\/es\/wp-json\/wp\/v2\/posts"}],"about":[{"href":"https:\/\/www.europesays.com\/es\/wp-json\/wp\/v2\/types\/post"}],"author":[{"embeddable":true,"href":"https:\/\/www.europesays.com\/es\/wp-json\/wp\/v2\/users\/2"}],"replies":[{"embeddable":true,"href":"https:\/\/www.europesays.com\/es\/wp-json\/wp\/v2\/comments?post=180512"}],"version-history":[{"count":0,"href":"https:\/\/www.europesays.com\/es\/wp-json\/wp\/v2\/posts\/180512\/revisions"}],"wp:featuredmedia":[{"embeddable":true,"href":"https:\/\/www.europesays.com\/es\/wp-json\/wp\/v2\/media\/180513"}],"wp:attachment":[{"href":"https:\/\/www.europesays.com\/es\/wp-json\/wp\/v2\/media?parent=180512"}],"wp:term":[{"taxonomy":"category","embeddable":true,"href":"https:\/\/www.europesays.com\/es\/wp-json\/wp\/v2\/categories?post=180512"},{"taxonomy":"post_tag","embeddable":true,"href":"https:\/\/www.europesays.com\/es\/wp-json\/wp\/v2\/tags?post=180512"}],"curies":[{"name":"wp","href":"https:\/\/api.w.org\/{rel}","templated":true}]}}