{"id":180524,"date":"2025-10-16T11:58:12","date_gmt":"2025-10-16T11:58:12","guid":{"rendered":"https:\/\/www.europesays.com\/es\/180524\/"},"modified":"2025-10-16T11:58:12","modified_gmt":"2025-10-16T11:58:12","slug":"alberto-alvarez-dice-adios-a-los-ruedos-tras-su-ultima-tarde-en-zaragoza","status":"publish","type":"post","link":"https:\/\/www.europesays.com\/es\/180524\/","title":{"rendered":"Alberto \u00c1lvarez dice adi\u00f3s a los ruedos tras su \u00faltima tarde en Zaragoza"},"content":{"rendered":"<p><strong>Alberto \u00c1lvarez<\/strong> se retira de los ruedos. El diestro aragon\u00e9s ha puesto fin a su trayectoria profesional, una andadura que arranc\u00f3 en abril de 1999 cuando debut\u00f3 con picadores. El torero de <strong>Ejea de los Caballeros<\/strong> tom\u00f3 la alternativa en su localidad natal un 7 de septiembre de 2003, en un cartel junto a <strong>V\u00edctor Puerto<\/strong> y <strong>Morante<\/strong> <strong>de la Puebla<\/strong>, ante toros de <strong>Los Bayones<\/strong>. Confirm\u00f3 alternativa en <strong>Las Ventas<\/strong> en julio de 2005.<\/p>\n<p>Ahora, tras veintid\u00f3s a\u00f1os de alternativa,<strong> \u00c1lvarez<\/strong> ha puesto fin a su carrera como matador de toros. Su \u00faltima tarde fue el pasado 12 de octubre en <strong>Zaragoza<\/strong>, durante la corrida goyesca del d\u00eda de la <strong>Virgen del Pilar<\/strong>. No fue la tarde deseada, comparti\u00f3 cartel junto a <strong>Molina<\/strong> e <strong>Ismael<\/strong> <strong>Mart\u00edn<\/strong> y se lidiaron toros de <strong>Gavira<\/strong>. El diestro de <strong>Ejea de los Caballeros<\/strong> cerr\u00f3 una etapa y abri\u00f3 otra, puesto que en el brindis que le dedic\u00f3 a su pareja aprovech\u00f3 la ocasi\u00f3n para pedirle matrimonio, en lo que fue un momento emotivo que puso la guinda a su carrera.<\/p>\n","protected":false},"excerpt":{"rendered":"Alberto \u00c1lvarez se retira de los ruedos. El diestro aragon\u00e9s ha puesto fin a su trayectoria profesional, una&hellip;\n","protected":false},"author":2,"featured_media":180525,"comment_status":"","ping_status":"","sticky":false,"template":"","format":"standard","meta":{"footnotes":""},"categories":[277],"tags":[45,27249,373,168,25,24,1367,23,167,374,491],"class_list":{"0":"post-180524","1":"post","2":"type-post","3":"status-publish","4":"format-standard","5":"has-post-thumbnail","7":"category-toreo","8":"tag-45","9":"tag-alberto-alvarez","10":"tag-bullfighting","11":"tag-deportes","12":"tag-es","13":"tag-espana","14":"tag-retirada","15":"tag-spain","16":"tag-sports","17":"tag-toreo","18":"tag-zaragoza"},"share_on_mastodon":{"url":"","error":""},"_links":{"self":[{"href":"https:\/\/www.europesays.com\/es\/wp-json\/wp\/v2\/posts\/180524","targetHints":{"allow":["GET"]}}],"collection":[{"href":"https:\/\/www.europesays.com\/es\/wp-json\/wp\/v2\/posts"}],"about":[{"href":"https:\/\/www.europesays.com\/es\/wp-json\/wp\/v2\/types\/post"}],"author":[{"embeddable":true,"href":"https:\/\/www.europesays.com\/es\/wp-json\/wp\/v2\/users\/2"}],"replies":[{"embeddable":true,"href":"https:\/\/www.europesays.com\/es\/wp-json\/wp\/v2\/comments?post=180524"}],"version-history":[{"count":0,"href":"https:\/\/www.europesays.com\/es\/wp-json\/wp\/v2\/posts\/180524\/revisions"}],"wp:featuredmedia":[{"embeddable":true,"href":"https:\/\/www.europesays.com\/es\/wp-json\/wp\/v2\/media\/180525"}],"wp:attachment":[{"href":"https:\/\/www.europesays.com\/es\/wp-json\/wp\/v2\/media?parent=180524"}],"wp:term":[{"taxonomy":"category","embeddable":true,"href":"https:\/\/www.europesays.com\/es\/wp-json\/wp\/v2\/categories?post=180524"},{"taxonomy":"post_tag","embeddable":true,"href":"https:\/\/www.europesays.com\/es\/wp-json\/wp\/v2\/tags?post=180524"}],"curies":[{"name":"wp","href":"https:\/\/api.w.org\/{rel}","templated":true}]}}