{"id":180538,"date":"2025-10-16T12:08:07","date_gmt":"2025-10-16T12:08:07","guid":{"rendered":"https:\/\/www.europesays.com\/es\/180538\/"},"modified":"2025-10-16T12:08:07","modified_gmt":"2025-10-16T12:08:07","slug":"la-feria-del-libro-antiguo-y-de-ocasion-llega-manana-a-bilbao-con-ejemplares-desde-un-euro","status":"publish","type":"post","link":"https:\/\/www.europesays.com\/es\/180538\/","title":{"rendered":"La Feria del Libro Antiguo y de Ocasi\u00f3n llega ma\u00f1ana a Bilbao con ejemplares desde un euro"},"content":{"rendered":"<p><a class=\"v-mdl-ath__fig-a\" href=\"https:\/\/www.elcorreo.com\/autor\/ekaitz-vargas-7388.html\" title=\"Ekaitz Vargas\" rel=\"nofollow noopener\" target=\"_blank\"><br \/>\n<img decoding=\"async\" class=\"v-mdl-ath__img\" src=\"https:\/\/www.europesays.com\/es\/wp-content\/uploads\/2025\/10\/autor-7388-foto-1.jpeg\" alt=\"Ekaitz Vargas\"\/><br \/>\n<\/a><\/p>\n<p class=\"v-mdl-ath__p v-mdl-ath__p--6\">\nJueves, 16 de octubre 2025, 14:00<\/p>\n<p class=\"v-p\">El oto\u00f1o vuelve a llenar de letras el coraz\u00f3n de Bilbao. Este viernes arranca en el Arenal la XLVII Feria del Libro Antiguo y de Ocasi\u00f3n de Bilbao, una cita ya hist\u00f3rica que permanecer\u00e1 abierta hasta el 2 de noviembre con 40 stands de librer\u00edas procedentes de Euskadi y de otros puntos del pa\u00eds.<\/p>\n<p class=\"v-p\">Organizada por la C\u00e1mara del Libro de Euskadi y la Asociaci\u00f3n de Comerciantes del Casco Viejo, la feria mantiene su horario habitual -de 11.00 a 14.00 y de 17.00 a 21.00 horas- y ofrecer\u00e1 libros para todos los gustos y bolsillos. Desde ejemplares centenarios o primeras ediciones dif\u00edciles de encontrar hasta libros de saldo que pasaron fugazmente por las mesas de novedades y ahora tienen una segunda vida. \u00abEn esta feria no vale decir que los libros son caros. No hay excusas para no leer, porque se pueden encontrar t\u00edtulos desde un euro\u00bb, subraya Asier Muniategi, coordinador de Ferias del Libro de Euskadi.<\/p>\n<p class=\"v-p\">Entre los g\u00e9neros m\u00e1s buscados destacan la novela, el libro infantil y juvenil, as\u00ed como obras de gastronom\u00eda, poes\u00eda o teatro. Tambi\u00e9n abundan los t\u00edtulos sobre la historia local, la Guerra Civil o las guerras carlistas, muy apreciados por los coleccionistas. \u00abCada librero tiene su propio cat\u00e1logo y muchos compradores habituales ya saben lo que buscan\u00bb, explica Muniategi.<\/p>\n<p>Valor de los libros vivos<\/p>\n<p class=\"v-p\">El coordinador destaca adem\u00e1s el valor de los llamados libros vivos y en cat\u00e1logo, aquellos que se siguen reeditando aunque hayan pasado d\u00e9cadas desde su publicaci\u00f3n. \u00abMantener viva la bibliograf\u00eda de los autores tiene un coste, pero es fundamental para que sigan presentes en las librer\u00edas\u00bb, a\u00f1ade. Seg\u00fan la C\u00e1mara del Libro, Euskadi es la segunda comunidad aut\u00f3noma con m\u00e1s lectores, solo por detr\u00e1s de Madrid, y la venta de libros ha crecido un 3% anual desde la pandemia. \u00abQueremos que el libro siga siendo protagonista en nuestra ciudad. Leer es ocio, igual que el cine o la m\u00fasica\u00bb, afirma.<\/p>\n<p class=\"v-p\">La producci\u00f3n editorial vasca tambi\u00e9n goza de buena salud, con 3.500 t\u00edtulos nuevos al a\u00f1o y un p\u00fablico especialmente fiel al libro en euskera. \u00abLos lectores en euskera mantienen una fidelidad admirable. Queremos que la gente se acerque al Arenal, que compre libros, pero tambi\u00e9n que recuerde que tenemos magn\u00edficas bibliotecas p\u00fablicas y el servicio de pr\u00e9stamo\u00bb, a\u00f1ade Muniategi.<\/p>\n<p class=\"v-p\">En el Arenal, donde se mezclan coleccionistas, curiosos y lectores de todas las edades, cada ejemplar puede esconder una historia: una dedicatoria, una anotaci\u00f3n o una flor seca. Porque, como recuerda Muniategi, \u00abhay libros que uno vuelve a leer con otros ojos, reencontrarse con ellos es como leerlos por primera vez\u00bb.<\/p>\n<p>Reporta un error<\/p>\n","protected":false},"excerpt":{"rendered":"Jueves, 16 de octubre 2025, 14:00 El oto\u00f1o vuelve a llenar de letras el coraz\u00f3n de Bilbao. Este&hellip;\n","protected":false},"author":2,"featured_media":180539,"comment_status":"","ping_status":"","sticky":false,"template":"","format":"standard","meta":{"footnotes":""},"categories":[172],"tags":[22101,2601,224,146,147,25,24,599,1496,225,5012,2435,41433,23],"class_list":{"0":"post-180538","1":"post","2":"type-post","3":"status-publish","4":"format-standard","5":"has-post-thumbnail","7":"category-libros","8":"tag-antiguo","9":"tag-bilbao","10":"tag-books","11":"tag-entertainment","12":"tag-entretenimiento","13":"tag-es","14":"tag-espana","15":"tag-feria","16":"tag-libro","17":"tag-libros","18":"tag-llega","19":"tag-manana","20":"tag-ocasion","21":"tag-spain"},"share_on_mastodon":{"url":"","error":""},"_links":{"self":[{"href":"https:\/\/www.europesays.com\/es\/wp-json\/wp\/v2\/posts\/180538","targetHints":{"allow":["GET"]}}],"collection":[{"href":"https:\/\/www.europesays.com\/es\/wp-json\/wp\/v2\/posts"}],"about":[{"href":"https:\/\/www.europesays.com\/es\/wp-json\/wp\/v2\/types\/post"}],"author":[{"embeddable":true,"href":"https:\/\/www.europesays.com\/es\/wp-json\/wp\/v2\/users\/2"}],"replies":[{"embeddable":true,"href":"https:\/\/www.europesays.com\/es\/wp-json\/wp\/v2\/comments?post=180538"}],"version-history":[{"count":0,"href":"https:\/\/www.europesays.com\/es\/wp-json\/wp\/v2\/posts\/180538\/revisions"}],"wp:featuredmedia":[{"embeddable":true,"href":"https:\/\/www.europesays.com\/es\/wp-json\/wp\/v2\/media\/180539"}],"wp:attachment":[{"href":"https:\/\/www.europesays.com\/es\/wp-json\/wp\/v2\/media?parent=180538"}],"wp:term":[{"taxonomy":"category","embeddable":true,"href":"https:\/\/www.europesays.com\/es\/wp-json\/wp\/v2\/categories?post=180538"},{"taxonomy":"post_tag","embeddable":true,"href":"https:\/\/www.europesays.com\/es\/wp-json\/wp\/v2\/tags?post=180538"}],"curies":[{"name":"wp","href":"https:\/\/api.w.org\/{rel}","templated":true}]}}