{"id":180555,"date":"2025-10-16T12:19:08","date_gmt":"2025-10-16T12:19:08","guid":{"rendered":"https:\/\/www.europesays.com\/es\/180555\/"},"modified":"2025-10-16T12:19:08","modified_gmt":"2025-10-16T12:19:08","slug":"el-ayuntamiento-inicia-la-cuenta-atras-para-la-transformacion-de-la-ciudad-con-la-adjudicacion-de-las-obras-de-reurbanizacion-del-acceso-sur","status":"publish","type":"post","link":"https:\/\/www.europesays.com\/es\/180555\/","title":{"rendered":"El Ayuntamiento inicia la cuenta atr\u00e1s para la transformaci\u00f3n de la ciudad con la adjudicaci\u00f3n de las obras de reurbanizaci\u00f3n del acceso sur"},"content":{"rendered":"<p>El equipo de Gobierno ha aprobado esta ma\u00f1ana la adjudicaci\u00f3n de una de las principales actuaciones con las que se iniciar\u00e1 el proyecto de transformaci\u00f3n del centro urbano de San Vicente del Raspeig. Con un presupuesto de cerca de 2.575.000 euros millones de euros, la mercantil Mediterr\u00e1neo de Obras y Asfaltos realizar\u00e1 las obras de acondicionamiento acceso sur y calle Mayor en un plazo de ocho meses, que comenzar\u00e1n a partir de la formalizaci\u00f3n del contrato.<\/p>\n<p>El alcalde, <b>Pachi Pascual<\/b>, ha reconocido el inter\u00e9s despertado durante la fase de licitaci\u00f3n de las obras, a las que se han presentado nueve empresas. La intervenci\u00f3n adjudicada se realizar\u00e1 sobre una superficie de alrededor de 15.000 metros cuadrados, entre viario y zonas verdes, distribuidos entre la calle del Mayor, la plaza San Pablo II, la avenida Pa\u00eds Valenc\u00ed\u00e0 y el entronque de la avenida Vicente Savall.\u00a0<\/p>\n<p>El primer edil ha remarcado \u201cla importancia de esta remodelaci\u00f3n del acceso sur de la ciudad y el entorno de la calle Mayor que, junto con las reformas de Pintor Picasso y Villafranqueza, va a marcar un antes y un despu\u00e9s hacia un modelo de ciudad m\u00e1s transitable en el que el peat\u00f3n tendr\u00e1 prioridad, manteniendo un tr\u00e1fico rodado moderado, y se multiplicar\u00e1n los espacios verdes con nuevos servicios, infraestructuras e iluminaci\u00f3n de \u00faltima generaci\u00f3n\u201d.\u00a0<\/p>\n<p>Pascual ha avanzado que \u201clo que se pretende es que, en 2026, se lleve a cabo el reacondicionamiento de las principales v\u00edas, coordinadas bajo un mismo criterio de continuidad, generando espacios que mejorar\u00e1n la imagen de la ciudad y las posibilidades de uso y disfrute para todos, desde los m\u00e1s peque\u00f1os\u201d.<\/p>\n<p>Entre las mejoras destacadas, el alcalde ha mencionado \u201cla creaci\u00f3n de una zona de juegos infantiles de gran tama\u00f1o muy singular en plaza Juan Pablo II, que ser\u00e1 uno de los mayores atractivos\u201d. En esta plaza se llevar\u00e1 a cabo una mejora integral con un nuevo pavimento y una plataforma peatonal, la eliminaci\u00f3n de barreras f\u00edsicas, la modificaci\u00f3n y regulaci\u00f3n del acceso de veh\u00edculos para amortiguar su tr\u00e1nsito y la instalaci\u00f3n de jardiner\u00eda y arbolado, con la correspondiente red de riego y nuevo mobiliario e iluminaci\u00f3n.<\/p>\n<p><b>Obras que favorecen al comercio y la hosteler\u00eda<\/b><\/p>\n<p>El proyecto de reurbanizaci\u00f3n del entorno de la calle Mayor contempla dotar al municipio de un espacio p\u00fablico de reuni\u00f3n y esparcimiento, seguro y accesible, que favorezca y permita las actividades comerciales y hosteleras del entorno. Con estas obras, se renovar\u00e1n los servicios urbanos que lo precisen, as\u00ed como los pavimentos y jardiner\u00eda y se prestar\u00e1 especial atenci\u00f3n al cumplimiento de la normativa de accesibilidad.\u00a0<\/p>\n<p>En cuanto a la integraci\u00f3n urbana, la propuesta urban\u00edstica da prioridad a facilitar los movimientos peatonales y de acceso a la Universidad de Alicante a trav\u00e9s de la avenida Vicente Savall y a la implantaci\u00f3n de un dise\u00f1o urbano con zonas verdes conectadas. Tambi\u00e9n se ordenar\u00e1 el espacio viario y se transformar\u00e1 el vial de prolongaci\u00f3n de la calle Mayor, d\u00e1ndole un aspecto de boulevard.\u00a0<\/p>\n<p>Otro de los objetivos es integrar el vector sur de acceso y salida del casco urbano desde la rotonda de la Ronda Oeste y la avenida Doctor Mara\u00f1\u00f3n hasta la avenida del Pa\u00eds Valenc\u00ed\u00e0, en consonancia, adem\u00e1s, con los desarrollos urban\u00edsticos del PRI Montoyos y el PAU 2 Castellet.<\/p>\n","protected":false},"excerpt":{"rendered":"El equipo de Gobierno ha aprobado esta ma\u00f1ana la adjudicaci\u00f3n de una de las principales actuaciones con las&hellip;\n","protected":false},"author":2,"featured_media":180556,"comment_status":"","ping_status":"","sticky":false,"template":"","format":"standard","meta":{"footnotes":""},"categories":[5],"tags":[51326,51327,17,18,51328,25,24,13,14,11,17853,19,20,9,10,15,16,51329,47770,23,12,21,22,2965],"class_list":{"0":"post-180555","1":"post","2":"type-post","3":"status-publish","4":"format-standard","5":"has-post-thumbnail","7":"category-titulares","8":"tag-acceso-sur","9":"tag-ayuntamiento-de-san-vicente","10":"tag-breaking-news","11":"tag-breakingnews","12":"tag-calle-mayor","13":"tag-es","14":"tag-espana","15":"tag-featured-news","16":"tag-featurednews","17":"tag-headlines","18":"tag-infraestructuras","19":"tag-latest-news","20":"tag-latestnews","21":"tag-news","22":"tag-noticias","23":"tag-noticias-destacadas","24":"tag-noticiasdestacadas","25":"tag-plaza-juan-pablo-ii","26":"tag-san-vicente","27":"tag-spain","28":"tag-titulares","29":"tag-ultimas-noticias","30":"tag-ultimasnoticias","31":"tag-urbanismo"},"share_on_mastodon":{"url":"","error":""},"_links":{"self":[{"href":"https:\/\/www.europesays.com\/es\/wp-json\/wp\/v2\/posts\/180555","targetHints":{"allow":["GET"]}}],"collection":[{"href":"https:\/\/www.europesays.com\/es\/wp-json\/wp\/v2\/posts"}],"about":[{"href":"https:\/\/www.europesays.com\/es\/wp-json\/wp\/v2\/types\/post"}],"author":[{"embeddable":true,"href":"https:\/\/www.europesays.com\/es\/wp-json\/wp\/v2\/users\/2"}],"replies":[{"embeddable":true,"href":"https:\/\/www.europesays.com\/es\/wp-json\/wp\/v2\/comments?post=180555"}],"version-history":[{"count":0,"href":"https:\/\/www.europesays.com\/es\/wp-json\/wp\/v2\/posts\/180555\/revisions"}],"wp:featuredmedia":[{"embeddable":true,"href":"https:\/\/www.europesays.com\/es\/wp-json\/wp\/v2\/media\/180556"}],"wp:attachment":[{"href":"https:\/\/www.europesays.com\/es\/wp-json\/wp\/v2\/media?parent=180555"}],"wp:term":[{"taxonomy":"category","embeddable":true,"href":"https:\/\/www.europesays.com\/es\/wp-json\/wp\/v2\/categories?post=180555"},{"taxonomy":"post_tag","embeddable":true,"href":"https:\/\/www.europesays.com\/es\/wp-json\/wp\/v2\/tags?post=180555"}],"curies":[{"name":"wp","href":"https:\/\/api.w.org\/{rel}","templated":true}]}}