{"id":180559,"date":"2025-10-16T12:21:10","date_gmt":"2025-10-16T12:21:10","guid":{"rendered":"https:\/\/www.europesays.com\/es\/180559\/"},"modified":"2025-10-16T12:21:10","modified_gmt":"2025-10-16T12:21:10","slug":"la-solidaridad-no-para-de-crecer-de-la-mano-del-toreo-mas-de-57-000-euros-recaudados-para-aerscyl","status":"publish","type":"post","link":"https:\/\/www.europesays.com\/es\/180559\/","title":{"rendered":"La solidaridad no para de crecer de la mano del toreo: m\u00e1s de 57.000 euros recaudados para AERSCYL"},"content":{"rendered":"<p>La solidaridad volvi\u00f3 a ser motivo de encuentro en Ledesma el pasado 4 de octubre. Aquel d\u00eda tuvo lugar la <strong>sexta edici\u00f3n del festival taurino &#8216;Domingo L\u00f3pez-Chaves&#8217;<\/strong>, una cita ben\u00e9fica en favor de la\u00a0<strong>Asociaci\u00f3n de Enfermedades Raras de Castilla y Le\u00f3n <\/strong>(AERSCYL)<strong>.\u00a0<\/strong>Como viene siendo habitual, el n\u00famero de espectadores y de dinero recaudado volvi\u00f3 a crecer en este 2025. En total, <strong>57.883,64 euros<\/strong> que rompieron la barrera de los m\u00e1s de 51.000 euros del 2024.<\/p>\n<p>El propio L\u00f3pez-Chaves, <strong>padrino de AERSCYL<\/strong>, expuso las cifras este jueves y remarc\u00f3 <strong>\u00abel auge que est\u00e1 cogiendo\u00bb una cifra que ya \u00abes una fecha clave a final de temporada\u00bb<\/strong>. No faltaron los agradecimientos para todos los toreros, rejoneadores, cuadrillas y ganaderos que han colaborado altruistamente para aportar su grano de arena con los pacientes y familiares de enfermedades raras.<\/p>\n<p>La cuant\u00eda de ingresos se elev\u00f3 hasta los cerca de 66.000 euros, restando 8.107 euros de gastos. Todo ello en una tarde donde lograron <strong>venderse 1.799 entradas para convertir a Ledesma<\/strong> en la capital del mundo del toreo y de la solidaridad. Por su parte, desde AERSCYL insistieron en que \u00abno\u00a0hay palabras ni tiempo posible para agradecerte tanto\u00bb a Domingo L\u00f3pez-Chaves, una persona que ha logrado unir ambos mundos.<\/p>\n<p><strong>Esta aportaci\u00f3n ir\u00e1 destinada a terapias para los pacientes,<\/strong> un aspecto \u00abfundamental para dar respiro y bienestar a las familias\u00bb. \u00abHay un antes\u00a0un despu\u00e9s desde la llegada de Domingo L\u00f3pez-Chaves y el festival a la Asociaci\u00f3n\u00bb, remarcaron desde AERSCYL.<\/p>\n","protected":false},"excerpt":{"rendered":"La solidaridad volvi\u00f3 a ser motivo de encuentro en Ledesma el pasado 4 de octubre. Aquel d\u00eda tuvo&hellip;\n","protected":false},"author":2,"featured_media":180560,"comment_status":"","ping_status":"","sticky":false,"template":"","format":"standard","meta":{"footnotes":""},"categories":[277],"tags":[373,168,25,24,23,167,374],"class_list":{"0":"post-180559","1":"post","2":"type-post","3":"status-publish","4":"format-standard","5":"has-post-thumbnail","7":"category-toreo","8":"tag-bullfighting","9":"tag-deportes","10":"tag-es","11":"tag-espana","12":"tag-spain","13":"tag-sports","14":"tag-toreo"},"share_on_mastodon":{"url":"","error":""},"_links":{"self":[{"href":"https:\/\/www.europesays.com\/es\/wp-json\/wp\/v2\/posts\/180559","targetHints":{"allow":["GET"]}}],"collection":[{"href":"https:\/\/www.europesays.com\/es\/wp-json\/wp\/v2\/posts"}],"about":[{"href":"https:\/\/www.europesays.com\/es\/wp-json\/wp\/v2\/types\/post"}],"author":[{"embeddable":true,"href":"https:\/\/www.europesays.com\/es\/wp-json\/wp\/v2\/users\/2"}],"replies":[{"embeddable":true,"href":"https:\/\/www.europesays.com\/es\/wp-json\/wp\/v2\/comments?post=180559"}],"version-history":[{"count":0,"href":"https:\/\/www.europesays.com\/es\/wp-json\/wp\/v2\/posts\/180559\/revisions"}],"wp:featuredmedia":[{"embeddable":true,"href":"https:\/\/www.europesays.com\/es\/wp-json\/wp\/v2\/media\/180560"}],"wp:attachment":[{"href":"https:\/\/www.europesays.com\/es\/wp-json\/wp\/v2\/media?parent=180559"}],"wp:term":[{"taxonomy":"category","embeddable":true,"href":"https:\/\/www.europesays.com\/es\/wp-json\/wp\/v2\/categories?post=180559"},{"taxonomy":"post_tag","embeddable":true,"href":"https:\/\/www.europesays.com\/es\/wp-json\/wp\/v2\/tags?post=180559"}],"curies":[{"name":"wp","href":"https:\/\/api.w.org\/{rel}","templated":true}]}}