{"id":180561,"date":"2025-10-16T12:25:09","date_gmt":"2025-10-16T12:25:09","guid":{"rendered":"https:\/\/www.europesays.com\/es\/180561\/"},"modified":"2025-10-16T12:25:09","modified_gmt":"2025-10-16T12:25:09","slug":"el-impresionante-descenso-de-un-ciclista-de-elite-por-las-planas-de-cadrete-conozco-cada-piedra","status":"publish","type":"post","link":"https:\/\/www.europesays.com\/es\/180561\/","title":{"rendered":"El impresionante descenso de un ciclista de \u00e9lite por las Planas de Cadrete: \u00abConozco cada piedra\u00bb"},"content":{"rendered":"<p class=\"paragraph\">Las Planas de Cadrete (o Planas de Cuarte, o de Mar\u00eda de Huerva\u2026) son <b>una de las zonas m\u00e1s populares para los ciclistas zaragozanos<\/b>. Los amantes de la bicicleta de monta\u00f1a tienen ah\u00ed centenares de caminos y senderos atractivos, con desniveles importantes para \u2018quemar\u2019 las piernas en las subidas\u2026 y disfrutar en las bajadas.<\/p>\n<p class=\"paragraph\">Son cientos los aficionados que casi constantemente surcan sus estos caminos, con distintos niveles deportivos tanto en las subidas como en las bajadas. <b>Uno de los habituales es todo un ciclista de \u00e9lite, el vecino de Cuarte de Huerva \u00c1lvaro Le Page<\/b>. Este joven, de solo 17 a\u00f1os, es uno de los referentes del enduro en Espa\u00f1a. Se trata de la modalidad que combina los descensos vertiginosos por las monta\u00f1as con las subidas, aunque estas \u00faltimas no cuenten para los tiempos oficiales.<\/p>\n<p>        <img decoding=\"async\" loading=\"lazy\" width=\"640\" alt=\"\u00c1lvaro Le Page, en su estado natural.\" height=\"821\" src=\"https:\/\/imagenes.heraldo.es\/files\/image_640_auto\/uploads\/imagenes\/2025\/10\/16\/alvaro-le-page-en-su-estado-natural.png\" data-full-src=\"https:\/\/www.europesays.com\/es\/wp-content\/uploads\/2025\/10\/alvaro-le-page-en-su-estado-natural.png\"\/><\/p>\n<p>    \u00c1lvaro Le Page, en su estado natural.Heraldo<\/p>\n<p class=\"paragraph\">Le Page, como se puede ver en el v\u00eddeo, es un aut\u00e9ntico especialista en las bajadas. Y siendo de Cuarte, las Planas son su h\u00e1bitat natural. \u201cEs un sitio que conoce todo el mundo de Zaragoza, es el inicio de todas las bajadas ca\u00f1eras que hay por la zona\u201d, explica. Sobre el espectacular v\u00eddeo que puede verse en esta noticia, el ciclista aragon\u00e9s cuenta que es la zona de las antenas, que \u201ctiene algo de complicaci\u00f3n\u201d, con \u201calg\u00fan escal\u00f3n\u201d, pero perfectamente conocidos para \u00e9l: <b>\u201cHe pasado tantas veces que me conozco cada piedra\u201d<\/b>. Sobre el v\u00eddeo en s\u00ed, cuenta que fue \u201cen un entrenamiento\u201d, y que al ser una zona \u201ctan abierta\u201d causa \u201cm\u00e1s impresi\u00f3n\u201d. \u201cHubo gente que cre\u00eda que estaba hecho por IA\u201d, dice divertido.<\/p>\n<p class=\"paragraph\">\u201cVivo al lado, a cinco minutos\u201d, explica \u00c1lvaro sobre las Planas. Cuando va por all\u00ed y se cruza con aficionados, se\u00f1ala que muchos le saludan y le piden si pueden ir detr\u00e1s de ellos, porque \u201cles viene bien seguir un punto de referencia\u201d.<\/p>\n","protected":false},"excerpt":{"rendered":"Las Planas de Cadrete (o Planas de Cuarte, o de Mar\u00eda de Huerva\u2026) son una de las zonas&hellip;\n","protected":false},"author":2,"featured_media":180562,"comment_status":"","ping_status":"","sticky":false,"template":"","format":"standard","meta":{"footnotes":""},"categories":[273],"tags":[51330,313,1757,1175,312,168,6258,25,24,17031,23,167],"class_list":{"0":"post-180561","1":"post","2":"type-post","3":"status-publish","4":"format-standard","5":"has-post-thumbnail","7":"category-ciclismo","8":"tag-cadrete","9":"tag-ciclismo","10":"tag-ciclista","11":"tag-conozco","12":"tag-cycling","13":"tag-deportes","14":"tag-descenso","15":"tag-es","16":"tag-espana","17":"tag-impresionante","18":"tag-spain","19":"tag-sports"},"share_on_mastodon":{"url":"","error":""},"_links":{"self":[{"href":"https:\/\/www.europesays.com\/es\/wp-json\/wp\/v2\/posts\/180561","targetHints":{"allow":["GET"]}}],"collection":[{"href":"https:\/\/www.europesays.com\/es\/wp-json\/wp\/v2\/posts"}],"about":[{"href":"https:\/\/www.europesays.com\/es\/wp-json\/wp\/v2\/types\/post"}],"author":[{"embeddable":true,"href":"https:\/\/www.europesays.com\/es\/wp-json\/wp\/v2\/users\/2"}],"replies":[{"embeddable":true,"href":"https:\/\/www.europesays.com\/es\/wp-json\/wp\/v2\/comments?post=180561"}],"version-history":[{"count":0,"href":"https:\/\/www.europesays.com\/es\/wp-json\/wp\/v2\/posts\/180561\/revisions"}],"wp:featuredmedia":[{"embeddable":true,"href":"https:\/\/www.europesays.com\/es\/wp-json\/wp\/v2\/media\/180562"}],"wp:attachment":[{"href":"https:\/\/www.europesays.com\/es\/wp-json\/wp\/v2\/media?parent=180561"}],"wp:term":[{"taxonomy":"category","embeddable":true,"href":"https:\/\/www.europesays.com\/es\/wp-json\/wp\/v2\/categories?post=180561"},{"taxonomy":"post_tag","embeddable":true,"href":"https:\/\/www.europesays.com\/es\/wp-json\/wp\/v2\/tags?post=180561"}],"curies":[{"name":"wp","href":"https:\/\/api.w.org\/{rel}","templated":true}]}}