{"id":180588,"date":"2025-10-16T12:40:04","date_gmt":"2025-10-16T12:40:04","guid":{"rendered":"https:\/\/www.europesays.com\/es\/180588\/"},"modified":"2025-10-16T12:40:04","modified_gmt":"2025-10-16T12:40:04","slug":"bruselas-quiere-el-muro-antidrones-para-finales-de-2027-y-el-sistema-de-vigilancia-oriental-un-ano-despues-internacional","status":"publish","type":"post","link":"https:\/\/www.europesays.com\/es\/180588\/","title":{"rendered":"Bruselas quiere el \u00abmuro antidrones\u00bb para finales de 2027 y el sistema de vigilancia oriental un a\u00f1o despu\u00e9s | Internacional"},"content":{"rendered":"<p class=\"loc\">Madrid<\/p>\n<p>La Comisi\u00f3n Europea (CE) propone que el \u201cmuro antidrones\u201d que quiere desplegar en el este de Europa est\u00e9 plenamente operativo a finales de 2027, y el sistema de vigilancia del flanco oriental un a\u00f1o despu\u00e9s, seg\u00fan una hoja de ruta presentada este jueves para que la Uni\u00f3n Europea alcance en 2030 plena preparaci\u00f3n militar.<\/p>\n<p>\u201cLas recientes amenazas han puesto de manifiesto que Europa est\u00e1 en peligro. Debemos proteger a todos los ciudadanos y cada cent\u00edmetro cuadrado de nuestro territorio. Y Europa debe responder con unidad, solidaridad y determinaci\u00f3n\u201d, indic\u00f3 en un comunicado la presidenta de la CE, Ursula von der Leyen. <\/p>\n<p>La Comisi\u00f3n ya hab\u00eda publicado en marzo un libro blanco (documento no legislativo) en el que identificaba las carencias de recursos militares en la UE y, a continuaci\u00f3n, present\u00f3 un paquete de propuestas para movilizar hasta 800.000 millones de euros en inversiones para 2030. <\/p>\n","protected":false},"excerpt":{"rendered":"Madrid La Comisi\u00f3n Europea (CE) propone que el \u201cmuro antidrones\u201d que quiere desplegar en el este de Europa&hellip;\n","protected":false},"author":2,"featured_media":180589,"comment_status":"","ping_status":"","sticky":false,"template":"","format":"standard","meta":{"footnotes":""},"categories":[42],"tags":[17,18,13,14,11,61,62,63,64,19,20,9,10,15,16,12,22917,550,21,22,65,66,67,51334],"class_list":{"0":"post-180588","1":"post","2":"type-post","3":"status-publish","4":"format-standard","5":"has-post-thumbnail","7":"category-internacional","8":"tag-breaking-news","9":"tag-breakingnews","10":"tag-featured-news","11":"tag-featurednews","12":"tag-headlines","13":"tag-internacional","14":"tag-international","15":"tag-international-news","16":"tag-internationalnews","17":"tag-latest-news","18":"tag-latestnews","19":"tag-news","20":"tag-noticias","21":"tag-noticias-destacadas","22":"tag-noticiasdestacadas","23":"tag-titulares","24":"tag-transport","25":"tag-uae","26":"tag-ultimas-noticias","27":"tag-ultimasnoticias","28":"tag-world","29":"tag-world-news","30":"tag-worldnews","31":"tag-xpeng-aeroht"},"share_on_mastodon":{"url":"","error":""},"_links":{"self":[{"href":"https:\/\/www.europesays.com\/es\/wp-json\/wp\/v2\/posts\/180588","targetHints":{"allow":["GET"]}}],"collection":[{"href":"https:\/\/www.europesays.com\/es\/wp-json\/wp\/v2\/posts"}],"about":[{"href":"https:\/\/www.europesays.com\/es\/wp-json\/wp\/v2\/types\/post"}],"author":[{"embeddable":true,"href":"https:\/\/www.europesays.com\/es\/wp-json\/wp\/v2\/users\/2"}],"replies":[{"embeddable":true,"href":"https:\/\/www.europesays.com\/es\/wp-json\/wp\/v2\/comments?post=180588"}],"version-history":[{"count":0,"href":"https:\/\/www.europesays.com\/es\/wp-json\/wp\/v2\/posts\/180588\/revisions"}],"wp:featuredmedia":[{"embeddable":true,"href":"https:\/\/www.europesays.com\/es\/wp-json\/wp\/v2\/media\/180589"}],"wp:attachment":[{"href":"https:\/\/www.europesays.com\/es\/wp-json\/wp\/v2\/media?parent=180588"}],"wp:term":[{"taxonomy":"category","embeddable":true,"href":"https:\/\/www.europesays.com\/es\/wp-json\/wp\/v2\/categories?post=180588"},{"taxonomy":"post_tag","embeddable":true,"href":"https:\/\/www.europesays.com\/es\/wp-json\/wp\/v2\/tags?post=180588"}],"curies":[{"name":"wp","href":"https:\/\/api.w.org\/{rel}","templated":true}]}}