{"id":180593,"date":"2025-10-16T12:43:08","date_gmt":"2025-10-16T12:43:08","guid":{"rendered":"https:\/\/www.europesays.com\/es\/180593\/"},"modified":"2025-10-16T12:43:08","modified_gmt":"2025-10-16T12:43:08","slug":"alicante-acogera-la-final-de-la-copa-del-rey-de-balonmano-2026","status":"publish","type":"post","link":"https:\/\/www.europesays.com\/es\/180593\/","title":{"rendered":"Alicante acoger\u00e1 la final de la Copa del Rey de balonmano 2026"},"content":{"rendered":"<p><strong>La Copa de S. M. el Rey 2026 <\/strong>ya tiene sede para su fase final: <strong>Alicante<\/strong>, que a<strong>coger\u00e1 el torneo del 5 al 7 de junio<\/strong> tras el acuerdo entre la Real Federaci\u00f3n Espa\u00f1ola de Balonmano, el Ayuntamiento de Alicante, la Generalitat Valenciana y la Diputaci\u00f3n Provincial. La designaci\u00f3n fija el calendario y abre la cuenta atr\u00e1s para el gran cierre de la temporada espa\u00f1ola.<\/p>\n<p><strong>Clasificados y plazas en juego<\/strong><\/p>\n<p>El Bar\u00e7a, vigente campe\u00f3n, tiene el billete asegurado, igual que Alicante en calidad de organizador, por lo que ya hay dos de los ocho cupos confirmados para la fase final. Los otros seis participantes saldr\u00e1n de las eliminatorias previas, que completar\u00e1n el cuadro definitivo del torneo.<\/p>\n<blockquote class=\"wp-embedded-content\" data-secret=\"DijRkpjs7f\">\n<p><a href=\"https:\/\/leon24horas.net\/deportes\/ademar-cuenca-sabado-leon-liga-asobal-2025\/\" rel=\"nofollow noopener\" target=\"_blank\">Toca cambiar el chip: el Ademar recibe al Cuenca este s\u00e1bado<\/a><\/p>\n<\/blockquote>\n<p><strong>Pr\u00f3ximo paso: el camino a la fase final<\/strong><\/p>\n<p>Con las fechas ya marcadas, los clubes afrontar\u00e1n las rondas clasificatorias con el objetivo de estar en la final de la Copa del Rey de balonmano 2026 en Alicante en el mes de junio y disputar el t\u00edtulo copero. La ciudad levantina prepara un fin de semana de balonmano de alto nivel, con la expectativa de gradas llenas y un impacto deportivo y econ\u00f3mico notable para la sede.<\/p>\n","protected":false},"excerpt":{"rendered":"La Copa de S. M. el Rey 2026 ya tiene sede para su fase final: Alicante, que acoger\u00e1&hellip;\n","protected":false},"author":2,"featured_media":180594,"comment_status":"","ping_status":"","sticky":false,"template":"","format":"standard","meta":{"footnotes":""},"categories":[278],"tags":[376,168,25,24,375,23,167],"class_list":{"0":"post-180593","1":"post","2":"type-post","3":"status-publish","4":"format-standard","5":"has-post-thumbnail","7":"category-balonmano","8":"tag-balonmano","9":"tag-deportes","10":"tag-es","11":"tag-espana","12":"tag-handball","13":"tag-spain","14":"tag-sports"},"share_on_mastodon":{"url":"","error":""},"_links":{"self":[{"href":"https:\/\/www.europesays.com\/es\/wp-json\/wp\/v2\/posts\/180593","targetHints":{"allow":["GET"]}}],"collection":[{"href":"https:\/\/www.europesays.com\/es\/wp-json\/wp\/v2\/posts"}],"about":[{"href":"https:\/\/www.europesays.com\/es\/wp-json\/wp\/v2\/types\/post"}],"author":[{"embeddable":true,"href":"https:\/\/www.europesays.com\/es\/wp-json\/wp\/v2\/users\/2"}],"replies":[{"embeddable":true,"href":"https:\/\/www.europesays.com\/es\/wp-json\/wp\/v2\/comments?post=180593"}],"version-history":[{"count":0,"href":"https:\/\/www.europesays.com\/es\/wp-json\/wp\/v2\/posts\/180593\/revisions"}],"wp:featuredmedia":[{"embeddable":true,"href":"https:\/\/www.europesays.com\/es\/wp-json\/wp\/v2\/media\/180594"}],"wp:attachment":[{"href":"https:\/\/www.europesays.com\/es\/wp-json\/wp\/v2\/media?parent=180593"}],"wp:term":[{"taxonomy":"category","embeddable":true,"href":"https:\/\/www.europesays.com\/es\/wp-json\/wp\/v2\/categories?post=180593"},{"taxonomy":"post_tag","embeddable":true,"href":"https:\/\/www.europesays.com\/es\/wp-json\/wp\/v2\/tags?post=180593"}],"curies":[{"name":"wp","href":"https:\/\/api.w.org\/{rel}","templated":true}]}}