{"id":180678,"date":"2025-10-16T13:34:11","date_gmt":"2025-10-16T13:34:11","guid":{"rendered":"https:\/\/www.europesays.com\/es\/180678\/"},"modified":"2025-10-16T13:34:11","modified_gmt":"2025-10-16T13:34:11","slug":"samuel-fernandez-heres-ciclista-profesional-euskaltel-euskadi","status":"publish","type":"post","link":"https:\/\/www.europesays.com\/es\/180678\/","title":{"rendered":"SAMUEL FERN\u00c1NDEZ HERES CICLISTA PROFESIONAL EUSKALTEL EUSKADI"},"content":{"rendered":"<p class=\"ft-text ft-helper-closenews\"><strong>El pelot\u00f3n de ciclistas asturianos profesionales sigue creciendo. <\/strong><a class=\"ft-link ft-link--decoration\" href=\"https:\/\/www.lne.es\/deportes\/deporte-astur\/2025\/07\/10\/asturiano-samuel-fernandez-heres-brilla-119578089.html\" rel=\"nofollow noopener\" target=\"_blank\">El \u00faltimo en subirse ha sido Samuel Fern\u00e1ndez Heres, que la pr\u00f3xima temporada correr\u00e1 ya como profesional en un equipo de categor\u00eda UCI ProTeam<\/a>, es decir, de la segunda categor\u00eda, solo por debajo de los <strong>UCI World Tour<\/strong>. Samuel Fern\u00e1ndez Heres se une as\u00ed al otro<strong> Samuel Fern\u00e1ndez<\/strong>, que corre en el Caja Rural-Seguros RGA; a <strong>Iv\u00e1n Garc\u00eda Cortina y <\/strong><a class=\"ft-link ft-link--decoration\" href=\"https:\/\/www.lne.es\/deportes\/deporte-astur\/2025\/10\/09\/ano-dificil-pelayo-sanchez-ganar-122462812.html\" rel=\"nofollow noopener\" target=\"_blank\"><strong>Pelayo S\u00e1nchez May<\/strong><\/a><strong>o<\/strong>, del Movistar; a <a class=\"ft-link ft-link--decoration\" href=\"https:\/\/www.lne.es\/deportes\/deporte-astur\/2024\/03\/18\/peloton-asturiano-engorda-cuatro-profesionales-99619100.html\" rel=\"nofollow noopener\" target=\"_blank\">Sinuh\u00e9 Fern\u00e1ndez y Hugo de la Calle<\/a>, del Burgos Burpellet-BH; y a <strong>Alicia Gonz\u00e1lez<\/strong>, que corri\u00f3 en carretera esta temporada que est\u00e1 a punto de concluir en las filas del Saint Michel-PREFERENCE HOME-Auber93.<\/p>\n<p>Victorias de prestigio <\/p>\n<p class=\"ft-text\"><a class=\"ft-link ft-link--decoration\" href=\"https:\/\/www.lne.es\/deportes\/deporte-astur\/2021\/05\/10\/ciclismo-ley-samuel-cordal-51512623.html\" rel=\"nofollow noopener\" target=\"_blank\">El paso de Samuel Fern\u00e1ndez Heres a profesionales ha sido de lo m\u00e1s natural<\/a>: <strong>se incorpora al Euskaltel-Euskadi desde el Euskadi Fundazioa, equipo amateur que hace de filial del profesional.<\/strong> El club vasco lo anunci\u00f3 este mismo jueves destacando que <strong>\u00abha logrado dos victorias de prestigio, el Memorial Pascual Momparler, de la Copa de Espa\u00f1a, y la Vuelta a Madrid, adem\u00e1s de ser bronce en el Campeonato de Espa\u00f1a sub-23 <\/strong>que gan\u00f3 su compa\u00f1ero de equipo Yago Agirre, as\u00ed como quinto en la Vuelta \u00c1vila y sexto en la Vuelta Castilla y Le\u00f3n\u00bb.<\/p>\n<p>Formado en Asturias<\/p>\n<p class=\"ft-text\">El gijon\u00e9s, formado en categor\u00edas inferiores en<strong> la Escuela de Ciclismo Coque Ur\u00eda, en la MMR Academy y ya como aficionado en el Gomur,<\/strong> firma como profesional para los a\u00f1os <strong>2026 y 2027<\/strong>. En declaraciones recogidas por el club,<strong> Samuel Fern\u00e1ndez Heres reconoce que para \u00abpasar a profesionales es un sue\u00f1o cumplido, una alegr\u00eda inmensa por todo el trabajo que he realizado<\/strong>, y m\u00e1s si cabe en un equipo con el legado del Euskaltel-Euskadi\u00bb.<\/p>\n<p>En el equipo de Samuel S\u00e1nchez <\/p>\n<p class=\"ft-text\">De hecho, Fern\u00e1ndez Heres hace referencia al paso por este equipo de una leyenda asturiana: <strong>\u00abMis primeros recuerdos del ciclismo son ver a Samuel S\u00e1nchez con el maillot naranja en las mejores carreras del mundo. <\/strong>Los dos pr\u00f3ximos a\u00f1os buscar\u00e9 adaptarme lo m\u00e1s r\u00e1pido posible a la categor\u00eda, <strong>buscar mi lugar, dar pasos y poder dar el m\u00e1ximo.<\/strong> Ahora me veo cumpliendo mi sue\u00f1o, con las pilas cargadas, y muchas ganas de afrontar este reto. <strong>Quiero seguir creciendo como ciclista, disputar las mejores carreras del mundo en el futuro, y sobre todo ofrecer mi mejor versi\u00f3n<\/strong>\u00ab, a\u00f1ad\u00eda.<\/p>\n<p><img decoding=\"async\" src=\"https:\/\/www.europesays.com\/es\/wp-content\/uploads\/2025\/10\/ef443c5e-4d0f-4dab-b80d-40ebd1e0608d_alta-libre-aspect-ratio_default_0.jpg\" width=\"1200\" height=\"803\" alt=\"Los asturianos Samuel Fern\u00e1ndez Heres, a la izquierda, y Samuel Fern\u00e1ndez Garc\u00eda, acabando primero y segundo, respectivamente. CICLISMO. JUNIOR. VUELTA A LA MONTA\u00d1A CENTRAL\" class=\"ft-helper-img-rd\" loading=\"lazy\" hasdataaida=\"true\"\/><\/p>\n<p class=\"ft-helper-fontColor-quaternary ft-helper-fontSize-body-S ft-helper-spacer-t-xxs\">Los asturianos Samuel Fern\u00e1ndez Heres, a la izquierda, y Samuel Fern\u00e1ndez Garc\u00eda, acabando primero y segundo, respectivamente, en la Vuelta a la Monta\u00f1a Central de Asturias  \/ Roberto Men\u00e9ndez<\/p>\n<p>Samuel \u00abse lo ha ganado\u00bb<\/p>\n<p class=\"ft-text\">El responsable deportivo del Euskaltel-Euskadi, Jorge Azanza, destaca que<a class=\"ft-link ft-link--decoration\" href=\"https:\/\/www.lne.es\/deportes\/deporte-astur\/2025\/02\/10\/peloton-asturiano-acelera-elite-ciclismo-114146064.html\" rel=\"nofollow noopener\" target=\"_blank\"><strong> \u00abSamuel se ha ganado una oportunidad\u00bb<\/strong><\/a><strong>: \u00ab\u00c9l apost\u00f3 por venir a nuestro equipo y ahora tiene su recompensa.<\/strong> Me gustar\u00eda destacar su regularidad, toda la temporada en cabeza, y con victorias en carreras de nivel, como una prueba de la<strong> Copa de Espa\u00f1a y una vuelta, y ha corrido el Mundial. <\/strong>Ha mostrado una consistencia y <strong>consideramos que est\u00e1 capacitado para seguir dando pasos en el pelot\u00f3n profesiona<\/strong>l\u00bb, completaba Azanza.<\/p>\n<p class=\"ft-text\">Samuel Fern\u00e1ndez Heres (Gij\u00f3n, 2003) se une as\u00ed tambi\u00e9n a la n\u00f3mina de ganadores de la <a class=\"ft-link ft-link--decoration\" href=\"https:\/\/www.lne.es\/deportes\/deporte-astur\/2021\/05\/09\/doblete-samuel-fernandez-etapa-montana-51494274.html\" rel=\"nofollow noopener\" target=\"_blank\"><strong>Vuelta a la Monta\u00f1a Central junior<\/strong><\/a><strong> <\/strong>que han dado el paso al pelot\u00f3n profesional. <strong>El gijon\u00e9s se impuso en la edici\u00f3n de 2021, un a\u00f1o despu\u00e9s que Pablo Castrillo y un a\u00f1o antes que Hugo de la Calle,<\/strong> otros dos ciclistas que dieron en su d\u00eda el salto a profesionales. El \u00faltimo ganador fue el prometedor asturiano <strong>Benjam\u00edn Noval.<\/strong><a class=\"ft-link ft-link--decoration\" href=\"https:\/\/www.lne.es\/deportes\/deporte-astur\/2025\/04\/24\/asturias-protagonista-quinteto-nivel-vueltina-116671005.html\" rel=\"nofollow noopener\" target=\"_blank\"><strong> Samuel Fern\u00e1ndez Heres tambi\u00e9n corri\u00f3 con los profesionales la pasada edici\u00f3n de la Vuelta Ciclista a Asturias. <\/strong><\/a><\/p>\n<p data-close=\"closedContent\" class=\"subscribeHideForDisplay\">Suscr\u00edbete para seguir leyendo<\/p>\n","protected":false},"excerpt":{"rendered":"El pelot\u00f3n de ciclistas asturianos profesionales sigue creciendo. El \u00faltimo en subirse ha sido Samuel Fern\u00e1ndez Heres, que&hellip;\n","protected":false},"author":2,"featured_media":180679,"comment_status":"","ping_status":"","sticky":false,"template":"","format":"standard","meta":{"footnotes":""},"categories":[273],"tags":[12232,313,312,168,25,24,5691,13145,524,4690,2032,23,167,4991,11214],"class_list":{"0":"post-180678","1":"post","2":"type-post","3":"status-publish","4":"format-standard","5":"has-post-thumbnail","7":"category-ciclismo","8":"tag-asturiano","9":"tag-ciclismo","10":"tag-cycling","11":"tag-deportes","12":"tag-es","13":"tag-espana","14":"tag-euskadi","15":"tag-euskaltel","16":"tag-nuevo","17":"tag-peloton","18":"tag-profesional","19":"tag-spain","20":"tag-sports","21":"tag-suma","22":"tag-uci"},"share_on_mastodon":{"url":"","error":""},"_links":{"self":[{"href":"https:\/\/www.europesays.com\/es\/wp-json\/wp\/v2\/posts\/180678","targetHints":{"allow":["GET"]}}],"collection":[{"href":"https:\/\/www.europesays.com\/es\/wp-json\/wp\/v2\/posts"}],"about":[{"href":"https:\/\/www.europesays.com\/es\/wp-json\/wp\/v2\/types\/post"}],"author":[{"embeddable":true,"href":"https:\/\/www.europesays.com\/es\/wp-json\/wp\/v2\/users\/2"}],"replies":[{"embeddable":true,"href":"https:\/\/www.europesays.com\/es\/wp-json\/wp\/v2\/comments?post=180678"}],"version-history":[{"count":0,"href":"https:\/\/www.europesays.com\/es\/wp-json\/wp\/v2\/posts\/180678\/revisions"}],"wp:featuredmedia":[{"embeddable":true,"href":"https:\/\/www.europesays.com\/es\/wp-json\/wp\/v2\/media\/180679"}],"wp:attachment":[{"href":"https:\/\/www.europesays.com\/es\/wp-json\/wp\/v2\/media?parent=180678"}],"wp:term":[{"taxonomy":"category","embeddable":true,"href":"https:\/\/www.europesays.com\/es\/wp-json\/wp\/v2\/categories?post=180678"},{"taxonomy":"post_tag","embeddable":true,"href":"https:\/\/www.europesays.com\/es\/wp-json\/wp\/v2\/tags?post=180678"}],"curies":[{"name":"wp","href":"https:\/\/api.w.org\/{rel}","templated":true}]}}