{"id":180690,"date":"2025-10-16T13:40:45","date_gmt":"2025-10-16T13:40:45","guid":{"rendered":"https:\/\/www.europesays.com\/es\/180690\/"},"modified":"2025-10-16T13:40:45","modified_gmt":"2025-10-16T13:40:45","slug":"carmen-mola-y-megan-maxwell-estaran-en-este-pueblo-de-sevilla-para-firmar-libros","status":"publish","type":"post","link":"https:\/\/www.europesays.com\/es\/180690\/","title":{"rendered":"Carmen Mola y Megan Maxwell estar\u00e1n en este pueblo de Sevilla para firmar libros"},"content":{"rendered":"<p style=\"\">La delegada de Cultura, Turismo y Patrimonio Hist\u00f3rico del Ayuntamiento de Utrera, Mar\u00eda Jos\u00e9 Garc\u00eda Arroyo, ha presentado la programaci\u00f3n de las actividades culturales hasta final de a\u00f1o. <\/p>\n<p style=\"\">Para conmemorar el D\u00eda de las Bibliotecas, el 24 de octubre la Biblioteca P\u00fablica de Utrera contar\u00e1  &#8230; con Inma Rubiales, la escritora de novelas infantiles. La autora protagonizar\u00e1 un encuentro con los lectores a las 18:00 horas, con Consolaci\u00f3n Mart\u00ednez presentando del evento.<\/p>\n<p class=\"voc-p\" style=\"\">Entre el 20 y el 24 de octubre, la biblioteca ser\u00e1 sede del espect\u00e1culo infantil &#8216;Vivan las Bibliotecas&#8217; A este espect\u00e1culo le suceder\u00e1 el d\u00eda 25 el encuentro de lectores en la Casa Surga a las 18:00 horas. Para ello compartir\u00e1n el centro cultural Megan Maxwell y Sandra Mir\u00f3, escritoras de novela rom\u00e1ntica y juvenil respectivamente.<\/p>\n<p class=\"voc-p\" style=\"\">Para terminar con el mes, el 31 de octubre, la biblioteca prepara una narraci\u00f3n dirigida al p\u00fablico familiar al estilo Halloween llamada &#8216;\u00a1Cuidado! historias Monstruosas&#8217; por Diego Magdaleno en una sesi\u00f3n gratuita a las 18:00 horas.<\/p>\n<p>\nNoviembre\n<\/p>\n<p class=\"voc-p\" style=\"\">Julio Mu\u00f1oz Gij\u00f3n \u00abRancio\u00bb presentar\u00e1 su nueva novela el 13 de noviembre, llamada &#8216;El asesino de las Holy Cards&#8217; de su m\u00edtica saga de &#8216;El asesino de la rega\u00f1\u00e1&#8217;. En ella sumerge al lector en Nueva York de la mano de los detectives Villanueva y Jim\u00e9nez.<\/p>\n<p class=\"voc-p\" style=\"\">Filiberto Chamorro ser\u00e1 el encargado de cerrar noviembre con sus &#8216;Historias Brillantes&#8217;. Consistir\u00e1 en un cantajuegos a las 18 horas el d\u00eda 28 de noviembre.<\/p>\n<p>\nDiciembre\n<\/p>\n<p class=\"voc-p\" style=\"\">La Casa Surga volver\u00e1 a acoger un acto cultural el 12 de diciembre. En esta ocasi\u00f3n a los autores de &#8216;La novia gitana&#8217; Jorge D\u00edaz, Agust\u00edn Mart\u00ednez y Antonio Mercero, bajo el pseud\u00f3nimo de Carmen Mola.<\/p>\n<p class=\"voc-p\" style=\"\">Para el d\u00eda 19, se celebrar\u00e1 un taller para el p\u00fablico infantil por el escritor Pedro Ma\u00f1as. Adem\u00e1s se ejecutar\u00e1 la obra del c\u00e9lebre Roald Dahl, &#8216;Las brujas&#8217; por la compa\u00f1\u00eda Escena Trece mediante un teatro infantil.<\/p>\n<p class=\"voc-p\" style=\"\">Para cerrar el a\u00f1o, la biblioteca celebrar\u00e1 un espect\u00e1culo de teatro infantil llamado &#8216;El libro so\u00f1ado&#8217; el d\u00eda 26 de diciembre a las 12 horas por la compa\u00f1\u00eda Teatro Divertido.<\/p>\n","protected":false},"excerpt":{"rendered":"La delegada de Cultura, Turismo y Patrimonio Hist\u00f3rico del Ayuntamiento de Utrera, Mar\u00eda Jos\u00e9 Garc\u00eda Arroyo, ha presentado&hellip;\n","protected":false},"author":2,"featured_media":180691,"comment_status":"","ping_status":"","sticky":false,"template":"","format":"standard","meta":{"footnotes":""},"categories":[172],"tags":[224,14750,8332,146,147,25,24,51353,225,51352,795,8485,3556,51354,23,11441],"class_list":{"0":"post-180690","1":"post","2":"type-post","3":"status-publish","4":"format-standard","5":"has-post-thumbnail","7":"category-libros","8":"tag-books","9":"tag-carmen","10":"tag-cultural","11":"tag-entertainment","12":"tag-entretenimiento","13":"tag-es","14":"tag-espana","15":"tag-inma","16":"tag-libros","17":"tag-mola","18":"tag-nueva","19":"tag-programacion","20":"tag-protagonizan","21":"tag-rubiales","22":"tag-spain","23":"tag-utrera"},"share_on_mastodon":{"url":"","error":""},"_links":{"self":[{"href":"https:\/\/www.europesays.com\/es\/wp-json\/wp\/v2\/posts\/180690","targetHints":{"allow":["GET"]}}],"collection":[{"href":"https:\/\/www.europesays.com\/es\/wp-json\/wp\/v2\/posts"}],"about":[{"href":"https:\/\/www.europesays.com\/es\/wp-json\/wp\/v2\/types\/post"}],"author":[{"embeddable":true,"href":"https:\/\/www.europesays.com\/es\/wp-json\/wp\/v2\/users\/2"}],"replies":[{"embeddable":true,"href":"https:\/\/www.europesays.com\/es\/wp-json\/wp\/v2\/comments?post=180690"}],"version-history":[{"count":0,"href":"https:\/\/www.europesays.com\/es\/wp-json\/wp\/v2\/posts\/180690\/revisions"}],"wp:featuredmedia":[{"embeddable":true,"href":"https:\/\/www.europesays.com\/es\/wp-json\/wp\/v2\/media\/180691"}],"wp:attachment":[{"href":"https:\/\/www.europesays.com\/es\/wp-json\/wp\/v2\/media?parent=180690"}],"wp:term":[{"taxonomy":"category","embeddable":true,"href":"https:\/\/www.europesays.com\/es\/wp-json\/wp\/v2\/categories?post=180690"},{"taxonomy":"post_tag","embeddable":true,"href":"https:\/\/www.europesays.com\/es\/wp-json\/wp\/v2\/tags?post=180690"}],"curies":[{"name":"wp","href":"https:\/\/api.w.org\/{rel}","templated":true}]}}