{"id":180714,"date":"2025-10-16T13:52:09","date_gmt":"2025-10-16T13:52:09","guid":{"rendered":"https:\/\/www.europesays.com\/es\/180714\/"},"modified":"2025-10-16T13:52:09","modified_gmt":"2025-10-16T13:52:09","slug":"el-bm-torrelavega-presenta-el-proyecto-somos-especiales-reciclamos-junto-a-ecoembes-y-asobal","status":"publish","type":"post","link":"https:\/\/www.europesays.com\/es\/180714\/","title":{"rendered":"El BM Torrelavega presenta el proyecto \u2018Somos Especiales, Reciclamos\u2019 junto a Ecoembes y ASOBAL"},"content":{"rendered":"<p style=\"text-align: justify\">El BM Torrelavega ha presentado esta ma\u00f1ana en rueda de prensa el proyecto \u2018Somos Especiales, Reciclamos\u2019, una campa\u00f1a de concienciaci\u00f3n en materia de reciclaje de la mano de Ecoembes y la Liga NEXUS ENERG\u00cdA ASOBAL. Una presentaci\u00f3n que supone el punto de partida de una campa\u00f1a que supone un compromiso firme con la sostenibilidad y la protecci\u00f3n del medioambiente y que cuenta con el apoyo de Consejer\u00eda de Fomento, Vivienda, Ordenaci\u00f3n del Territorio y Medio Ambiente del Gobierno de Cantabria, el Ayuntamiento de Torrelavega y la empresa p\u00fablica Aguas de Torrelavega.<\/p>\n<p style=\"text-align: justify\">A la rueda de prensa acudieron Roberto Media, consejero de Fomento, Vivienda, Ordenaci\u00f3n del Territorio y Medio Ambiente del Gobierno de Cantabria; Javier L\u00f3pez Estrada, Alcalde de Torrelavega; y Pedro P\u00e9rez, Concejal de Econom\u00eda, Hacienda, Industria, Seguridad Ciudadana, Servicio de Aguas, Recogida de Residuos y Limpieza Viaria, Mercado Nacional de Ganados y Proyectos Europeos del Ayuntamiento de Torrelavega; Fernando Bl\u00e1zquez, Gerente de Ecoembes en Cantabria; Alberto Marchante, Responsable de RSC del BM Torrelavega; y Servando Revuelta, Presidente de ASOBAL.<\/p>\n<p style=\"text-align: justify\">El alcalde Javier L\u00f3pez Estrada abri\u00f3 el acto diciendo que \u201cesta campa\u00f1a viene a demostrar que el Balonmano Torrelavega es un ejemplo, no solo en deporte, tambi\u00e9n en valores y responsabilidad social\u00bb. Fernando Bl\u00e1zquez, de la empresa Ecoembes, ha indicado que \u201ces una acci\u00f3n con la que unimos deporte, medio ambiente y el cuidado de nuestras personas\u201d. Por parte del club, el directivo de RSC Alberto Marchante subray\u00f3 que el proyecto \u201cencaja perfectamente en nuestro programa de responsabilidad y nos ayuda adem\u00e1s a mejorar el sistema de reciclado del Pabell\u00f3n Vicente Trueba\u00bb.<\/p>\n<p style=\"text-align: justify\">Servando Revuelta, presidente de ASOBAL, se\u00f1al\u00f3 que \u00abqueremos marcar un camino para ser diferenciales y queremos una liga que sea sostenible. El Balonmano Torrelavega se ha adaptado a las nuevas exigencias de la liga y estoy convencido de que esta accion va a ser un \u00e9xito\u00bb. El consejero Roberto Media, cerr\u00f3 la rueda de prensa centr\u00e1ndose en el objetivo de la campa\u00f1a: \u00abLa recogida selectiva es imprescindible para ayudar al medio ambiente. El reto consiste en recoger 5000 envases, de aqu\u00ed al final de la primera vuelta. Si se cumple, se otorgar\u00e1 la cantidad de 5000\u20ac a la Fundaci\u00f3n del club, que ser\u00e1n destinados a causas sociales\u00bb<\/p>\n<p style=\"text-align: justify\">El objetivo de esta iniciativa es mejorar y aumentar la participaci\u00f3n ciudadana en la recuperaci\u00f3n de envases tanto en las propias instalaciones deportivas del pabell\u00f3n Vicente Trueba, como en los hogares de los a\ufb01cionados. Para ello, se han instalado contenedores amarillos y azules en diferentes \u00e1reas del pabell\u00f3n.<\/p>\n<p style=\"text-align: justify\">La campa\u00f1a a\u00fana sostenibilidad y solidaridad, a trav\u00e9s de un reto lanzado a la a\ufb01ci\u00f3n que consiste en separar correctamente 5000 envases. Si al \ufb01nal del periodo de la campa\u00f1a, al t\u00e9rmino de la primera vuelta, se consigue este hito de recuperaci\u00f3n de envases, Ecoembes har\u00e1 entrega a la Fundaci\u00f3n BM Torrelavega de un total de 5.000\u20ac que se destinar\u00e1n a una causa social.<\/p>\n<p style=\"text-align: justify\">Igualmente, la campa\u00f1a pone en marcha una serie de acciones para la concienciaci\u00f3n de todas las partes implicadas. Se llevar\u00e1n a cabo labores de formaci\u00f3n, comunicaci\u00f3n y sensibilizaci\u00f3n entre los equipos de limpieza, voluntarios y personal del club, as\u00ed como entre la masa social y a\ufb01cionados naranjas.<\/p>\n<p><img data-lazyloaded=\"1\" fetchpriority=\"high\" decoding=\"async\" class=\"wp-image-21385 aligncenter\" src=\"https:\/\/www.europesays.com\/es\/wp-content\/uploads\/2025\/10\/WhatsApp-Image-2025-10-16-at-12.22.56.jpeg\" alt=\"\" width=\"488\" height=\"610\"  data-\/><\/p>\n","protected":false},"excerpt":{"rendered":"El BM Torrelavega ha presentado esta ma\u00f1ana en rueda de prensa el proyecto \u2018Somos Especiales, Reciclamos\u2019, una campa\u00f1a&hellip;\n","protected":false},"author":2,"featured_media":180715,"comment_status":"","ping_status":"","sticky":false,"template":"","format":"standard","meta":{"footnotes":""},"categories":[278],"tags":[376,168,25,24,375,23,167],"class_list":{"0":"post-180714","1":"post","2":"type-post","3":"status-publish","4":"format-standard","5":"has-post-thumbnail","7":"category-balonmano","8":"tag-balonmano","9":"tag-deportes","10":"tag-es","11":"tag-espana","12":"tag-handball","13":"tag-spain","14":"tag-sports"},"share_on_mastodon":{"url":"","error":""},"_links":{"self":[{"href":"https:\/\/www.europesays.com\/es\/wp-json\/wp\/v2\/posts\/180714","targetHints":{"allow":["GET"]}}],"collection":[{"href":"https:\/\/www.europesays.com\/es\/wp-json\/wp\/v2\/posts"}],"about":[{"href":"https:\/\/www.europesays.com\/es\/wp-json\/wp\/v2\/types\/post"}],"author":[{"embeddable":true,"href":"https:\/\/www.europesays.com\/es\/wp-json\/wp\/v2\/users\/2"}],"replies":[{"embeddable":true,"href":"https:\/\/www.europesays.com\/es\/wp-json\/wp\/v2\/comments?post=180714"}],"version-history":[{"count":0,"href":"https:\/\/www.europesays.com\/es\/wp-json\/wp\/v2\/posts\/180714\/revisions"}],"wp:featuredmedia":[{"embeddable":true,"href":"https:\/\/www.europesays.com\/es\/wp-json\/wp\/v2\/media\/180715"}],"wp:attachment":[{"href":"https:\/\/www.europesays.com\/es\/wp-json\/wp\/v2\/media?parent=180714"}],"wp:term":[{"taxonomy":"category","embeddable":true,"href":"https:\/\/www.europesays.com\/es\/wp-json\/wp\/v2\/categories?post=180714"},{"taxonomy":"post_tag","embeddable":true,"href":"https:\/\/www.europesays.com\/es\/wp-json\/wp\/v2\/tags?post=180714"}],"curies":[{"name":"wp","href":"https:\/\/api.w.org\/{rel}","templated":true}]}}