{"id":180790,"date":"2025-10-16T14:38:11","date_gmt":"2025-10-16T14:38:11","guid":{"rendered":"https:\/\/www.europesays.com\/es\/180790\/"},"modified":"2025-10-16T14:38:11","modified_gmt":"2025-10-16T14:38:11","slug":"balonmano-la-tercera-juventud-de-angel-caserio","status":"publish","type":"post","link":"https:\/\/www.europesays.com\/es\/180790\/","title":{"rendered":"Balonmano: La &#8216;tercera&#8217; juventud de \u00c1ngel #Caser\u00edo"},"content":{"rendered":"<p>El BM Caser\u00edo sumaba el pasado domingo su segunda victoria en la Liga Asobal, y lo hac\u00eda con un veterano de 39 a\u00f1os dirigiendo el ataque durante todo el encuentro, a excepci\u00f3n de los tres \u00faltimos minutos. \u00c1ngel P\u00e9rez de Inestrosa volv\u00eda a dar un recital desde la posici\u00f3n de central, firmando nueve asistencias que lo han consolidado como el mejor pasador de toda la competici\u00f3n.<\/p>\n<p>Despu\u00e9s de cinco jornadas disputadas, el ciudadreale\u00f1o ya acumula 24 pases de gol, con un promedio de m\u00e1s de cuatro por partido, seg\u00fan las estad\u00edsticas oficiales.<\/p>\n<p>Adem\u00e1s, durante ese partido contra Nava, P\u00e9rez de Inestrosa tuvo que jugar con un d\u00e9ficit f\u00edsico pues no pudo descansar los dos d\u00edas anteriores, al tener a su hija de tres a\u00f1os hospitalizada. No dijo nada a nadie, ni siquiera a su entrenador. El domingo se presentaba en el Quijote Arena para ponerse a disposici\u00f3n de su equipo, con el a\u00f1adido de que otro de los centrales, Sergi Mach, era baja por lesi\u00f3n. Fue titular, jug\u00f3 casi todos los minutos y lo bord\u00f3.<\/p>\n<p><img decoding=\"async\" loading=\"lazy\" src=\"https:\/\/www.europesays.com\/es\/wp-content\/uploads\/2025\/10\/26634FE2-81BF-44AD-B2B6607D81F582E5.JPG\" alt=\"P\u00e9rez de Inestrosa bromea con su compa\u00f1ero Omar Sherif.\" border=\"0\"\/>P\u00e9rez de Inestrosa bromea con su compa\u00f1ero Omar Sherif. &#8211; Foto: Rueda VillaverdeSonr\u00ede cuando escucha hablar de su &#8216;tercera juventud&#8217;, pero asegura, desde la modestia, que no le sorprende verse otra vez en la Liga Asobal aportando, porque f\u00edsicamente se encuentra bien y las lesiones le est\u00e1n respetando, pero reconoce que lo de ser l\u00edder en asistencias es, con solo cinco jornadas celebradas, &#8216;una an\u00e9cdota&#8217;.<\/p>\n<p>El &#8217;23&#8217; del Caser\u00edo espera recuperar el descanso pendiente para estar a tope en el pr\u00f3ximo partido en Huesca, \u00abla primera salida de &#8216;nuestra Liga&#8217;\u00bb, un compromiso mucho m\u00e1s importante que la visita del Bar\u00e7a del d\u00eda 26.<\/p>\n<p>\u00bfC\u00f3mo hace para seguir rindiendo a este nivel a sus 39 a\u00f1os? \u00abLa edad es solo un n\u00famero, pero se nota. Yo me cuido mucho, como bien, voy al gimnasio adem\u00e1s de entrenar en la pista y llevo las &#8216;pre-pretemporadas&#8217; a rajatabla\u00bb, enumera, mientras toca madera para seguir manteniendo muy lejos el fantasma de las lesiones.<\/p>\n<p>En cuanto a su aportaci\u00f3n al juego del Caser\u00edo, \u00c1ngel P\u00e9rez de Inestrosa considera que su mayor valor es saber controlar el ritmo de los partidos, asistir a sus compa\u00f1eros y, si se da el d\u00eda, acompa\u00f1ar con goles. \u00abUn gol hace feliz a una persona, pero una asistencia hace feliz, al menos, a dos\u00bb, argumenta. Eso s\u00ed, su felicidad ser\u00e1 completa cuando se reconcilie con los siete metros, un arte que este a\u00f1o se le est\u00e1 resistiendo. Recuerda que lleva a\u00f1os se v\u00e9rselas con porteros Asobal desde los siete metros, y todo lleva un proceso. Est\u00e1 trabajando en ello.<\/p>\n","protected":false},"excerpt":{"rendered":"El BM Caser\u00edo sumaba el pasado domingo su segunda victoria en la Liga Asobal, y lo hac\u00eda con&hellip;\n","protected":false},"author":2,"featured_media":180791,"comment_status":"","ping_status":"","sticky":false,"template":"","format":"standard","meta":{"footnotes":""},"categories":[278],"tags":[376,1944,168,25,24,881,375,1265,1675,4092,25967,23,167],"class_list":{"0":"post-180790","1":"post","2":"type-post","3":"status-publish","4":"format-standard","5":"has-post-thumbnail","7":"category-balonmano","8":"tag-balonmano","9":"tag-balonmano-caserio","10":"tag-deportes","11":"tag-es","12":"tag-espana","13":"tag-fc-barcelona","14":"tag-handball","15":"tag-huesca","16":"tag-liga-asobal","17":"tag-quijote-arena","18":"tag-sergi-mach","19":"tag-spain","20":"tag-sports"},"share_on_mastodon":{"url":"","error":""},"_links":{"self":[{"href":"https:\/\/www.europesays.com\/es\/wp-json\/wp\/v2\/posts\/180790","targetHints":{"allow":["GET"]}}],"collection":[{"href":"https:\/\/www.europesays.com\/es\/wp-json\/wp\/v2\/posts"}],"about":[{"href":"https:\/\/www.europesays.com\/es\/wp-json\/wp\/v2\/types\/post"}],"author":[{"embeddable":true,"href":"https:\/\/www.europesays.com\/es\/wp-json\/wp\/v2\/users\/2"}],"replies":[{"embeddable":true,"href":"https:\/\/www.europesays.com\/es\/wp-json\/wp\/v2\/comments?post=180790"}],"version-history":[{"count":0,"href":"https:\/\/www.europesays.com\/es\/wp-json\/wp\/v2\/posts\/180790\/revisions"}],"wp:featuredmedia":[{"embeddable":true,"href":"https:\/\/www.europesays.com\/es\/wp-json\/wp\/v2\/media\/180791"}],"wp:attachment":[{"href":"https:\/\/www.europesays.com\/es\/wp-json\/wp\/v2\/media?parent=180790"}],"wp:term":[{"taxonomy":"category","embeddable":true,"href":"https:\/\/www.europesays.com\/es\/wp-json\/wp\/v2\/categories?post=180790"},{"taxonomy":"post_tag","embeddable":true,"href":"https:\/\/www.europesays.com\/es\/wp-json\/wp\/v2\/tags?post=180790"}],"curies":[{"name":"wp","href":"https:\/\/api.w.org\/{rel}","templated":true}]}}