{"id":180806,"date":"2025-10-16T14:48:08","date_gmt":"2025-10-16T14:48:08","guid":{"rendered":"https:\/\/www.europesays.com\/es\/180806\/"},"modified":"2025-10-16T14:48:08","modified_gmt":"2025-10-16T14:48:08","slug":"toledo-albergara-un-nuevo-museo-regional-de-arte-contemporaneo-y-diseno-en-el-espacio-de-santa-fe-del-museo-de-santa-cruz","status":"publish","type":"post","link":"https:\/\/www.europesays.com\/es\/180806\/","title":{"rendered":"Toledo albergar\u00e1 un nuevo museo regional de arte contempor\u00e1neo y dise\u00f1o en el espacio de Santa Fe del Museo de Santa Cruz"},"content":{"rendered":"<p class=\"voc-p\" style=\"\">Es una de las inc\u00f3gnitas del \u00e1mbito cultural castellanomanchego, qu\u00e9 pasar\u00e1 con el espacio del antiguo <strong>Convento de Santa Fe del Museo de Santa Cruz<\/strong> una vez que la colecci\u00f3n de Roberto Polo abandone estas instalaciones tras seis a\u00f1os de exposici\u00f3n permanente.<\/p>\n<p class=\"voc-p\" style=\"\">La respuesta  &#8230; ha llegado hoy, aunque velada, por parte del presidente de Castilla-La Mancha, Emiliano Garc\u00eda-Page. Ese espacio en Toledo albergar\u00e1 el <strong>Museo de Arte Contempor\u00e1neo y Dise\u00f1o<\/strong>, y en Cuenca, donde Roberto Polo expon\u00eda parte de su colecci\u00f3n en la antigua Iglesia de Santa Cruz, abrir\u00e1 el <strong>Museo de Bellas Artes<\/strong>.<\/p>\n<p class=\"voc-p\" style=\"\">\u00abMi agradecimiento a Roberto Polo y a las personas que han ido haciendo posible\u00bb que su colecci\u00f3n se haya expuesto en Castilla-La Mancha, ha dicho Page, para apuntar que en otra provincia, Ciudad Real, abrir\u00e1 sus puertas el <strong>Museo de la Cultura Popular y el Folclore<\/strong> con el fin de dar visibilidad \u00aba las miles de personas que act\u00faan en la vida cultural de la regi\u00f3n\u00bb ya que ser\u00e1 un centro que \u00abirradie esa cultura popular, un nuevo atractivo para Ciudad Real, pues m\u00e1s que un museo tiene que ser <strong>un centro que irradie m\u00e1s promoci\u00f3n cultural<\/strong>\u00bb.<\/p>\n<p>\nCentenario, libros y deporte\n<\/p>\n<p class=\"voc-p\" style=\"\">Page tambi\u00e9n se ha referido al <strong>VIII Centenario de la Catedral de Toledo<\/strong> como evento cultural del a\u00f1o 2026 al que la Junta ha destinado 1,4 millones de euros, y la participaci\u00f3n de Castilla-La Mancha en la <strong>Feria Iberoamericana del Libro<\/strong> en Guadalajara, M\u00e9xico, tambi\u00e9n el pr\u00f3ximo a\u00f1o, adem\u00e1s de anunciar l\u00edneas espec\u00edficas de ayudas para bandas de m\u00fasica y \u00abcolectivos que dedican su tiempo a hacer cultura\u00bb.<\/p>\n<p class=\"voc-p\" style=\"\">De otro lado, en el \u00e1mbito deportivo, el presidente ha avanzado en el Debate del Estado de la Regi\u00f3n que se va a recuperar el <strong>Programa \u00c1urea<\/strong>. \u00abQueremos establecer un marco de detenci\u00f3n del talento deportivo y tecnificaci\u00f3n deportiva, lo presentaremos en 2026\u00bb, ha asegurado.<\/p>\n<p>\nArt\u00edculo solo para suscriptores\n<\/p>\n<p>Reportar un error<\/p>\n","protected":false},"excerpt":{"rendered":"Es una de las inc\u00f3gnitas del \u00e1mbito cultural castellanomanchego, qu\u00e9 pasar\u00e1 con el espacio del antiguo Convento de&hellip;\n","protected":false},"author":2,"featured_media":180807,"comment_status":"","ping_status":"","sticky":false,"template":"","format":"standard","meta":{"footnotes":""},"categories":[173],"tags":[51373,229,233,231,230,28653,7383,232,234,146,147,25,10558,24,470,524,16518,4065,23,1952],"class_list":{"0":"post-180806","1":"post","2":"type-post","3":"status-publish","4":"format-standard","5":"has-post-thumbnail","7":"category-arte-y-diseno","8":"tag-albergara","9":"tag-arte","10":"tag-arte-y-diseno","11":"tag-arts","12":"tag-arts-and-design","13":"tag-contemporaneo","14":"tag-cruz","15":"tag-design","16":"tag-diseno","17":"tag-entertainment","18":"tag-entretenimiento","19":"tag-es","20":"tag-espacio","21":"tag-espana","22":"tag-museo","23":"tag-nuevo","24":"tag-regional","25":"tag-santa","26":"tag-spain","27":"tag-toledo"},"share_on_mastodon":{"url":"","error":""},"_links":{"self":[{"href":"https:\/\/www.europesays.com\/es\/wp-json\/wp\/v2\/posts\/180806","targetHints":{"allow":["GET"]}}],"collection":[{"href":"https:\/\/www.europesays.com\/es\/wp-json\/wp\/v2\/posts"}],"about":[{"href":"https:\/\/www.europesays.com\/es\/wp-json\/wp\/v2\/types\/post"}],"author":[{"embeddable":true,"href":"https:\/\/www.europesays.com\/es\/wp-json\/wp\/v2\/users\/2"}],"replies":[{"embeddable":true,"href":"https:\/\/www.europesays.com\/es\/wp-json\/wp\/v2\/comments?post=180806"}],"version-history":[{"count":0,"href":"https:\/\/www.europesays.com\/es\/wp-json\/wp\/v2\/posts\/180806\/revisions"}],"wp:featuredmedia":[{"embeddable":true,"href":"https:\/\/www.europesays.com\/es\/wp-json\/wp\/v2\/media\/180807"}],"wp:attachment":[{"href":"https:\/\/www.europesays.com\/es\/wp-json\/wp\/v2\/media?parent=180806"}],"wp:term":[{"taxonomy":"category","embeddable":true,"href":"https:\/\/www.europesays.com\/es\/wp-json\/wp\/v2\/categories?post=180806"},{"taxonomy":"post_tag","embeddable":true,"href":"https:\/\/www.europesays.com\/es\/wp-json\/wp\/v2\/tags?post=180806"}],"curies":[{"name":"wp","href":"https:\/\/api.w.org\/{rel}","templated":true}]}}