{"id":180821,"date":"2025-10-16T14:56:07","date_gmt":"2025-10-16T14:56:07","guid":{"rendered":"https:\/\/www.europesays.com\/es\/180821\/"},"modified":"2025-10-16T14:56:07","modified_gmt":"2025-10-16T14:56:07","slug":"muere-a-los-58-anos-tomonobu-itagaki-padre-del-dead-or-alive-o-del-ninja-gaiden","status":"publish","type":"post","link":"https:\/\/www.europesays.com\/es\/180821\/","title":{"rendered":"Muere a los 58 a\u00f1os Tomonobu Itagaki, padre del &#8216;Dead or Alive&#8217; o del &#8216;Ninja Gaiden&#8217;"},"content":{"rendered":"<p style=\"\">El creador de videojuegos <strong>Tomonobu Itagaki<\/strong>, padre del &#8216;Dead or Alive&#8217; o el &#8216;Ninja Gaiden&#8217; ha muerto este jueves a los 58 a\u00f1os. \u00abEstamos profundamente entristecidos por el fallecimiento del primer l\u00edder del Equipo NINJA\u00bb, ha escrito el grupo en un mensaje en redes  &#8230; sociales.<\/p>\n<p class=\"voc-p\" style=\"\">Nacido en Tokio en 1967, <strong>comenz\u00f3 su carrera en Tecmo en 1992<\/strong>, donde trabaj\u00f3 en el videojuego Super Tecmo Bowl. Cuatro a\u00f1os despu\u00e9s lleg\u00f3 su primer juego &#8216;Dead or Alive&#8217;. Tras 16 a\u00f1os en Tecmo y varios ascensos en la empresa en esa \u00e9poca,<strong> en 2008 anunci\u00f3 que se marchaba <\/strong>de la compa\u00f1\u00eda, a la que demand\u00f3 por retener la bonificaci\u00f3n que le hab\u00edan prometido por trabajos anteriores.<\/p>\n<p class=\"voc-p\" style=\"\">As\u00ed, ese a\u00f1o <strong>fund\u00f3 Valhalla Game Studios.<\/strong> Finalmente, en 2021, volvi\u00f3 a la escena con<strong> Itagaki Games<\/strong>.<\/p>\n<p class=\"voc-p\" style=\"\">\u00abLa luz de mi vida finalmente se desvanece. El hecho de que este mensaje se haya publicado significa que finalmente ha llegado el momento. Ya no estoy en este mundo. (Le conf\u00edo esta \u00faltima publicaci\u00f3n a alguien importante para m\u00ed)\u00bb, <strong>reza el \u00faltimo post <\/strong>de su cuenta de Facebook.<\/p>\n<p class=\"voc-p\" style=\"\">En su despedida, el director, dise\u00f1ador y productor de videojuegos <strong>define su vida como <\/strong>\u00abuna serie de batallas\u00bb. \u00abSegu\u00ed ganando, me enorgullece decir que segu\u00ed mis creencias y luch\u00e9 hasta el final\u00bb.<\/p>\n<p class=\"voc-p\" style=\"\">Aunque asegura <strong>no arrepentirse de su vida<\/strong>, Itagaki pide perd\u00f3n a sus fans por \u00abno haber podido entregar un nuevo trabajo. Lo siento. As\u00ed son las cosas\u00bb. <\/p>\n<p class=\"voc-p\" style=\"\">\u00abContinuaremos con la filosof\u00eda y la creatividad que Itagaki-san inici\u00f3 y continuaremos creando juegos que muchos jugadores disfrutar\u00e1n. Nuestro m\u00e1s sentido p\u00e9same por su p\u00e9rdida\u00bb, ha zanjado en su comunicado el equipo NINJA.<\/p>\n","protected":false},"excerpt":{"rendered":"El creador de videojuegos Tomonobu Itagaki, padre del &#8216;Dead or Alive&#8217; o el &#8216;Ninja Gaiden&#8217; ha muerto este&hellip;\n","protected":false},"author":2,"featured_media":180822,"comment_status":"","ping_status":"","sticky":false,"template":"","format":"standard","meta":{"footnotes":""},"categories":[81],"tags":[51341,988,119,123,124,17017,25,24,11264,51340,8938,11263,39,117,121,122,23,118,120,51339],"class_list":{"0":"post-180821","1":"post","2":"type-post","3":"status-publish","4":"format-standard","5":"has-post-thumbnail","7":"category-ciencia-y-tecnologia","8":"tag-alive","9":"tag-anos","10":"tag-ciencia","11":"tag-ciencia-y-tecnologia","12":"tag-cienciaytecnologia","13":"tag-dead","14":"tag-es","15":"tag-espana","16":"tag-gaiden","17":"tag-itagaki","18":"tag-muere","19":"tag-ninja","20":"tag-padre","21":"tag-science","22":"tag-science-and-technology","23":"tag-scienceandtechnology","24":"tag-spain","25":"tag-technology","26":"tag-tecnologia","27":"tag-tomonobu"},"share_on_mastodon":{"url":"","error":""},"_links":{"self":[{"href":"https:\/\/www.europesays.com\/es\/wp-json\/wp\/v2\/posts\/180821","targetHints":{"allow":["GET"]}}],"collection":[{"href":"https:\/\/www.europesays.com\/es\/wp-json\/wp\/v2\/posts"}],"about":[{"href":"https:\/\/www.europesays.com\/es\/wp-json\/wp\/v2\/types\/post"}],"author":[{"embeddable":true,"href":"https:\/\/www.europesays.com\/es\/wp-json\/wp\/v2\/users\/2"}],"replies":[{"embeddable":true,"href":"https:\/\/www.europesays.com\/es\/wp-json\/wp\/v2\/comments?post=180821"}],"version-history":[{"count":0,"href":"https:\/\/www.europesays.com\/es\/wp-json\/wp\/v2\/posts\/180821\/revisions"}],"wp:featuredmedia":[{"embeddable":true,"href":"https:\/\/www.europesays.com\/es\/wp-json\/wp\/v2\/media\/180822"}],"wp:attachment":[{"href":"https:\/\/www.europesays.com\/es\/wp-json\/wp\/v2\/media?parent=180821"}],"wp:term":[{"taxonomy":"category","embeddable":true,"href":"https:\/\/www.europesays.com\/es\/wp-json\/wp\/v2\/categories?post=180821"},{"taxonomy":"post_tag","embeddable":true,"href":"https:\/\/www.europesays.com\/es\/wp-json\/wp\/v2\/tags?post=180821"}],"curies":[{"name":"wp","href":"https:\/\/api.w.org\/{rel}","templated":true}]}}