{"id":180860,"date":"2025-10-16T15:18:14","date_gmt":"2025-10-16T15:18:14","guid":{"rendered":"https:\/\/www.europesays.com\/es\/180860\/"},"modified":"2025-10-16T15:18:14","modified_gmt":"2025-10-16T15:18:14","slug":"arturito-pomar-el-nino-prodigio-del-ajedrez-que-fue-victima-de-sus-tiempos-cultura","status":"publish","type":"post","link":"https:\/\/www.europesays.com\/es\/180860\/","title":{"rendered":"Arturito Pomar, el ni\u00f1o prodigio del ajedrez que fue v\u00edctima de sus tiempos | Cultura"},"content":{"rendered":"<p class=\"\">Un adolescente jugando al ajedrez con un vaso de leche al lado del tablero, frente su contrincante, el adulto Francisco Jos\u00e9 P\u00e9rez, en el Torneo de Madrid de 1943. Ese era <a href=\"https:\/\/elpais.com\/noticias\/arturo-pomar-salamanca\/\" target=\"_blank\" rel=\"noreferrer nofollow noopener\" title=\"https:\/\/elpais.com\/noticias\/arturo-pomar-salamanca\/\">Arturito Pomar<\/a>, el ni\u00f1o prodigio que fue elegido por Francisco Franco como embajador de la cultura espa\u00f1ola en los a\u00f1os cuarenta y no pudo llegar tan lejos como su talento promet\u00eda. El documental El peque\u00f1o pe\u00f3n, dirigido por Joan Gamero, rescata su historia a trav\u00e9s de las voces de sus hijos, seguidores de su carrera y maestros de ajedrez. <\/p>\n<p>M\u00e1s informaci\u00f3n<\/p>\n<p class=\"\">\u201cYo sab\u00eda que era muy famoso, un ajedrecista brutal, genial, pero no conoc\u00eda el trasfondo\u201d, explica Gamero, quien comenz\u00f3 el proyecto tras escuchar las historias que su amiga Sol Pomar, hija del ajedrecista, le contaba mientras jugaban una partida. La pel\u00edcula no solo retrata la carrera de Arturo Pomar, sino tambi\u00e9n su vivencia familiar como padre de siete hijos y la enfermedad que sufri\u00f3 como consecuencia de la sobreexposici\u00f3n medi\u00e1tica y deportiva. Gamero lo consigue a trav\u00e9s del testimonio de los familiares y el m\u00e9dico que trat\u00f3 al ajedrecista: \u201cLa gente sale del cine triste, emocionada de ver a una persona que lo pas\u00f3 mal en su vida y podr\u00eda haber sido un campe\u00f3n del mundo\u201d.<\/p>\n<p class=\"\">El largometraje, que mezcla un gran volumen de material de archivo, testimonios y jugadas recreadas, ser\u00e1 proyectado en Palma de Mallorca, en la sala Augusta, desde este jueves hasta el s\u00e1bado. A finales de a\u00f1o ser\u00e1 emitido por <a href=\"https:\/\/www.xal.cat\/\" target=\"_self\" rel=\"nofollow noopener\" title=\"https:\/\/www.xal.cat\/\">Xarxa Audiovisual Local<\/a>, red que agrupa a 53 televisiones locales de Catalu\u00f1a, y a comienzos de 2026 por Televisi\u00f3n Espa\u00f1ola. <\/p>\n<p>El ni\u00f1o que fue icono de un r\u00e9gimen<\/p>\n<p class=\"\">Arturo Pomar naci\u00f3 en Mallorca, en 1931. Aprendi\u00f3 a jugar al ajedrez observando a su padre y a su abuelo, quienes le ense\u00f1aron a los cinco a\u00f1os el movimiento de las piezas. Cuando ya era habitual que ganara las partidas entre conocidos, lo llevaron al Club de Ajedrez de Mallorca y a los siete a\u00f1os compet\u00eda en torneos locales con su madre como representante. A los 12, compiti\u00f3 en el Torneo Internacional de Madrid de 1943, donde jug\u00f3 m\u00e1s de 10 horas frente al alem\u00e1n Alfred Brinckmann, con quien hizo tablas.<\/p>\n<p class=\"\">El talento del ni\u00f1o \u2014que era reservado y observador seg\u00fan quienes lo conocieron\u2014 asombr\u00f3 al mundo. En poco tiempo, <a href=\"https:\/\/elpais.com\/noticias\/francisco-franco\/\" target=\"_blank\" rel=\"noreferrer nofollow noopener\" title=\"https:\/\/elpais.com\/noticias\/francisco-franco\/\">el gobierno franquista<\/a> lo convirti\u00f3 en s\u00edmbolo nacional en plena posguerra, lo que se demuestra con la cantidad de videos y material de archivo producidos por el No-Do (el noticiero de la dictadura), que forma parte del documental. \u201cLo paseaban como un mono de feria\u201d, lamenta Gamero.<\/p>\n<p><img decoding=\"auto\" class=\"_re lazyload a_m-h\" height=\"164\"  width=\"414\"  src=\"https:\/\/www.europesays.com\/es\/wp-content\/uploads\/2025\/10\/YW7BCSVGDBVKI5U5D6KPALOQJA.jpg\" loading=\"lazy\"\/>Arturo Pomar junto a Francisco Franco en 1943.Agencia Efe<\/p>\n<p class=\"\">A los 13 a\u00f1os, en el Torneo Internacional de Gij\u00f3n, Pomar alcanz\u00f3 la fama internacional tras empatar con Alexander Alekhine, el campe\u00f3n mundial en ese momento. Jeroni Bergas, bi\u00f3grafo de Pomar, menciona en el documental que es un r\u00e9cord que se mantiene hasta hoy: el ajedrecista m\u00e1s joven en hacer tablas con un campe\u00f3n vigente. <\/p>\n<p class=\"\">En 1946 creci\u00f3 a\u00fan m\u00e1s su fama con la participaci\u00f3n en el campeonato de Londres y la primera victoria, en el Campeonato de Espa\u00f1a en Santander. Las im\u00e1genes de archivo en el documental lo muestran levantando la copa y firmando aut\u00f3grafos. Tras la retah\u00edla de \u00e9xitos fue convocado al Palacio de El Pardo para visitar a Franco. Uno de los hijos de Pomar defiende en el documental que a su padre, un adolescente en ese entonces, no le interesaba ni sab\u00eda de pol\u00edtica y que simplemente fue adonde lo invitaron, por lo que no se le puede considerar un s\u00edmbolo del franquismo. <\/p>\n<p class=\"\">A pesar de tanta foto e invitaci\u00f3n, no hubo un plan estructurado para Pomar: no ten\u00eda entrenador ni equipo y se formaba leyendo libros para aficionados. Cuando dej\u00f3 de ser un ni\u00f1o, el r\u00e9gimen perdi\u00f3 inter\u00e9s en \u00e9l. Ya adulto, sin apoyo ni recursos, completamente solo, se present\u00f3 al Interzonal de Estocolmo de 1962, donde qued\u00f3 n\u00famero 11 y no se clasific\u00f3 para la final. En esa ocasi\u00f3n se enfrent\u00f3 a <a href=\"https:\/\/elpais.com\/deportes\/2016\/06\/01\/actualidad\/1464759878_625299.html\" target=\"_blank\" rel=\"nofollow noopener\" title=\"https:\/\/elpais.com\/deportes\/2016\/06\/01\/actualidad\/1464759878_625299.html\">Bobby Fischer<\/a>, uno de los mejores jugadores de la historia, con quien empat\u00f3 tras una partida de unas ocho horas. El documental recupera lo que presuntamente le dijo el estadounidense a su rival: \u201cPobre cartero espa\u00f1ol, con el enorme talento que tienes y despu\u00e9s de este torneo volver\u00e1s a pegar sellos\u201d. Ten\u00eda raz\u00f3n. Con una carrera no profesional y una mala administraci\u00f3n econ\u00f3mica de lo que hab\u00eda ganado, Pomar hizo las oposiciones en Correos para mantener a su numerosa familia. <\/p>\n<p class=\"\">A pesar de sus logros \u201412 olimpiadas de ajedrez, siete campeonatos de Espa\u00f1a y el t\u00edtulo de Gran Maestro en 1962\u2014, su carrera se quebr\u00f3. En el mismo torneo de Estocolmo comenzaron los primeros s\u00edntomas de su enfermedad mental. La tensi\u00f3n emocional, el agotamiento y la falta de sue\u00f1o le trajeron a los 31 a\u00f1os un cuadro de psicosis, como relata su m\u00e9dico en el documental, lo que no impidi\u00f3 que siguiera ganando torneos nacionales y compitiendo en internacionales en los a\u00f1os siguientes. Pero hacia 1967 comenzaron a agudizarse sus problemas de salud. Incluso estuvo ingresado en el frenop\u00e1tico, pero sigui\u00f3 jugando, lo que seg\u00fan los entrevistados en el documental fue tremendamente meritorio y una se\u00f1al de su gran talento. En 1994 fue diagnosticado con p\u00e1rkinson y sus bajas fueron cada vez m\u00e1s largas para luego coger la invalidez. Muri\u00f3 en 2016, en un hospital en Barcelona, a los 84 a\u00f1os. <\/p>\n<p class=\"\">\u201cLleg\u00f3 a disputar m\u00e1s de 10.000 partidas en todas las modalidades\u201d, se\u00f1ala por tel\u00e9fono <a href=\"https:\/\/elpais.com\/cultura\/2021-01-19\/paco-cerda-gana-el-premio-libro-del-ano-2020-de-calamo-con-el-peon.html\" target=\"_blank\" rel=\"noreferrer nofollow noopener\" title=\"https:\/\/elpais.com\/cultura\/2021-01-19\/paco-cerda-gana-el-premio-libro-del-ano-2020-de-calamo-con-el-peon.html\">Paco Cerd\u00e0, autor del libro El pe\u00f3n<\/a>, sobre la vida de Pomar. \u201cCuando se lleva el cuerpo y la mente a extremos deportivos, hay fronteras que son peligrosas\u201d, agrega el tambi\u00e9n colaborador de EL PA\u00cdS. Y critica la explotaci\u00f3n que sufri\u00f3 el ajedrecista.<\/p>\n<p><img decoding=\"auto\" class=\"_re lazyload a_m-h\" height=\"233\"  width=\"414\"  src=\"https:\/\/www.europesays.com\/es\/wp-content\/uploads\/2025\/10\/N2BIOPMM6RH67C4CXRFUC47FUA.jpeg\" loading=\"lazy\"\/>Los hijos de Arturo Pomar en una imagen del documental &#8216;El peque\u00f1o pe\u00f3n&#8217;.<\/p>\n<p class=\"\">\u201cNaci\u00f3 en el momento equivocado, en el pa\u00eds equivocado\u201d, dice Leontxo Garc\u00eda. Para el periodista especializado en ajedrez y colaborador de EL PA\u00cdS, la historia de Pomar sigue siendo una lecci\u00f3n vigente. \u201cDeja muy claro c\u00f3mo se maltrataba a los j\u00f3venes talentos durante la \u00e9poca de Franco. Pomar fue literalmente utilizado como ni\u00f1o prodigio y despu\u00e9s abandonado de una manera muy poco inteligente por parte del Gobierno de Espa\u00f1a\u201d.<\/p>\n<p class=\"\">Las cr\u00edticas no solo van hacia el r\u00e9gimen, sino tambi\u00e9n a sus padres por no haber puesto freno a la explotaci\u00f3n que sufri\u00f3 ni administrar bien las pagas que hab\u00eda recibido. Pero Garc\u00eda matiza: \u201cPodr\u00edamos decir que su familia tambi\u00e9n lo explot\u00f3, pero ser\u00eda injusto culparla. Estamos hablando de la posguerra, cuando gran parte de Espa\u00f1a lo pasaba mal\u201d. Sus hijos tambi\u00e9n lamentan la suerte que vivi\u00f3 Pomar y, en la pel\u00edcula, confiesan que les hubiera gustado haber tenido unos padres m\u00e1s presentes ya que, debido a la enfermedad de Pomar, la madre lo acompa\u00f1aba a los viajes y ellos quedaban internados o a cargo de familiares.<\/p>\n<p class=\"\">Casi 70 a\u00f1os despu\u00e9s de que comenzara la carrera del \u201cpeque\u00f1o pe\u00f3n\u201d, y en un momento donde el ajedrez en internet difumina la magia de estar frente a frente, Paco Cerd\u00e0 reivindica la figura de Pomar con amargura: \u201cEn aquel momento hubiera podido ser perfectamente un candidato a la corona mundial del ajedrez, pero en la Espa\u00f1a de Franco su talento innato no fue suficiente\u201d. <\/p>\n","protected":false},"excerpt":{"rendered":"Un adolescente jugando al ajedrez con un vaso de leche al lado del tablero, frente su contrincante, el&hellip;\n","protected":false},"author":2,"featured_media":180861,"comment_status":"","ping_status":"","sticky":false,"template":"","format":"standard","meta":{"footnotes":""},"categories":[91],"tags":[51386,209,6084,146,147,25,24,17307,1470,448,2457,51385,23],"class_list":{"0":"post-180860","1":"post","2":"type-post","3":"status-publish","4":"format-standard","5":"has-post-thumbnail","7":"category-entretenimiento","8":"tag-bobby-fischer","9":"tag-cultura","10":"tag-documental","11":"tag-entertainment","12":"tag-entretenimiento","13":"tag-es","14":"tag-espana","15":"tag-francisco-franco","16":"tag-franquismo","17":"tag-historia","18":"tag-mallorca","19":"tag-noticias-de-ajedrez","20":"tag-spain"},"share_on_mastodon":{"url":"","error":""},"_links":{"self":[{"href":"https:\/\/www.europesays.com\/es\/wp-json\/wp\/v2\/posts\/180860","targetHints":{"allow":["GET"]}}],"collection":[{"href":"https:\/\/www.europesays.com\/es\/wp-json\/wp\/v2\/posts"}],"about":[{"href":"https:\/\/www.europesays.com\/es\/wp-json\/wp\/v2\/types\/post"}],"author":[{"embeddable":true,"href":"https:\/\/www.europesays.com\/es\/wp-json\/wp\/v2\/users\/2"}],"replies":[{"embeddable":true,"href":"https:\/\/www.europesays.com\/es\/wp-json\/wp\/v2\/comments?post=180860"}],"version-history":[{"count":0,"href":"https:\/\/www.europesays.com\/es\/wp-json\/wp\/v2\/posts\/180860\/revisions"}],"wp:featuredmedia":[{"embeddable":true,"href":"https:\/\/www.europesays.com\/es\/wp-json\/wp\/v2\/media\/180861"}],"wp:attachment":[{"href":"https:\/\/www.europesays.com\/es\/wp-json\/wp\/v2\/media?parent=180860"}],"wp:term":[{"taxonomy":"category","embeddable":true,"href":"https:\/\/www.europesays.com\/es\/wp-json\/wp\/v2\/categories?post=180860"},{"taxonomy":"post_tag","embeddable":true,"href":"https:\/\/www.europesays.com\/es\/wp-json\/wp\/v2\/tags?post=180860"}],"curies":[{"name":"wp","href":"https:\/\/api.w.org\/{rel}","templated":true}]}}