{"id":18091,"date":"2025-08-01T08:20:07","date_gmt":"2025-08-01T08:20:07","guid":{"rendered":"https:\/\/www.europesays.com\/es\/18091\/"},"modified":"2025-08-01T08:20:07","modified_gmt":"2025-08-01T08:20:07","slug":"nerviosismo-en-bolsa-ante-el-nuevo-plan-arancelario-de-trump-mercados-financieros","status":"publish","type":"post","link":"https:\/\/www.europesays.com\/es\/18091\/","title":{"rendered":"Nerviosismo en Bolsa ante el nuevo plan arancelario de Trump | Mercados Financieros"},"content":{"rendered":"<p>\u00bfQu\u00e9 hace el Ibex 35?<\/p>\n<p class=\"\">El Ibex 35 baja un 0,5% en la apertura despu\u00e9s de que el presidente Donald Trump aprobara el jueves un<a href=\"https:\/\/elpais.com\/internacional\/2025-07-31\/trump-mantiene-hasta-la-medianoche-el-suspense-sobre-la-ultima-salva-de-aranceles.html\" target=\"_self\" rel=\"nofollow noopener\" title=\"https:\/\/elpais.com\/internacional\/2025-07-31\/trump-mantiene-hasta-la-medianoche-el-suspense-sobre-la-ultima-salva-de-aranceles.html\"> nuevo plan arancelario<\/a>, que entrar\u00e1 en vigor el 7 de agosto, y que impone nuevos aranceles a un total de 70 socios comerciales. <\/p>\n<p>\u00bfQu\u00e9 valores son los que m\u00e1s suben o bajan?<\/p>\n<p class=\"\">Los que m\u00e1s suben:<\/p>\n<p class=\"\">Merlin: +2,2%<\/p>\n<p class=\"\">IAG: +1,8%, despu\u00e9s de presentar<a href=\"https:\/\/cincodias.elpais.com\/companias\/2025-08-01\/iag-dispara-su-beneficio-un-438-con-1301-millones-hasta-junio-gracias-al-tiron-turistico.html\" target=\"_self\" rel=\"nofollow noopener\" title=\"https:\/\/cincodias.elpais.com\/companias\/2025-08-01\/iag-dispara-su-beneficio-un-438-con-1301-millones-hasta-junio-gracias-al-tiron-turistico.html\"> resultados del primer semestre<\/a> por encima de lo previsto. <\/p>\n<p class=\"\">Solaria: +1,12%<\/p>\n<p class=\"\">Los que m\u00e1s bajan:<\/p>\n<p class=\"\">Arcelor Mittal: -2,6%<\/p>\n<p class=\"\">Grifols: -1,8%<\/p>\n<p>\u00bfQu\u00e9 hacen el resto de Bolsas?<\/p>\n<p class=\"\">Los \u00edndices europeos y asi\u00e1ticos registran ca\u00eddas. El Dax alem\u00e1n retrocede un 1,3%, el Cac franc\u00e9s se deja un 1,2% y el Euro Stoxx pierde un 1,1%. En Asia, el Nikkei de Tokio baja un 0,57%, el \u00edndice de Shanghai se deja un 0,37%, mientras el Kospi coreano es el m\u00e1s penalizado en la regi\u00f3n por las tensiones comerciales, con una ca\u00edda de casi el 4%.<\/p>\n<p>Claves de la jornada<\/p>\n<ul>\n<li>El presidente de Estados Unidos, Donald Trump, anunci\u00f3 este jueves la imposici\u00f3n de <a href=\"https:\/\/elpais.com\/internacional\/2025-08-01\/la-economia-mundial-se-adentra-en-la-era-de-los-aranceles-de-trump.html\" rel=\"nofollow noopener\" title=\"https:\/\/elpais.com\/internacional\/2025-08-01\/la-economia-mundial-se-adentra-en-la-era-de-los-aranceles-de-trump.html\" target=\"_blank\">nuevos aranceles a decenas de socios comerciales<\/a> que incluyen un m\u00ednimo global del 10% y grav\u00e1menes a partir del 15% para aquellos pa\u00edses que tengan super\u00e1vit comercial con el pa\u00eds norteamericano. Adem\u00e1s, se aplicar\u00e1 tasas espec\u00edficas que oscilan entre el m\u00ednimo de 10% y el 41% a una lista de 70 pa\u00edses. Los aranceles entrar\u00e1n en vigor el 7 de agosto.<\/li>\n<li>Adem\u00e1s de los aranceles, los inversores est\u00e1n atentos al dato de empleo en Estados Unidos que se conocer\u00e1n al mediod\u00eda, hora espa\u00f1ola. Cualquier sorpresa al alza podr\u00eda descartar la posibilidad de un recorte el pr\u00f3ximo mes. Las previsiones apuntan a un aumento de 110.000 puestos de trabajo en julio (en junio se crearon 147.000), mientras que la tasa de desempleo podr\u00e1 subir del 4,1% al 4,2%. <\/li>\n<li>Trump aumenta la presi\u00f3n sobre las farmac\u00e9uticas y ha enviado cartas a 17 empresas en Estados Unidos para que bajen precios, bajo amenazas de represalias. <\/li>\n<li>Los valores m\u00e1s penalizados son los m\u00e1s expuestos al plan de aranceles de la Casa Blanca y a posibles cambios comerciales, como las sider\u00fargicas y las farmac\u00e9uticas.<\/li>\n<li>El mes de julio se sald\u00f3 con una subida del 3% para el Ibex 35, y se sit\u00faa entre los mejores del mundo en lo que va de a\u00f1o, <a href=\"https:\/\/cincodias.elpais.com\/mercados-financieros\/2025-07-31\/la-bolsa-y-el-ibex-35.html\" rel=\"nofollow noopener\" title=\"https:\/\/cincodias.elpais.com\/mercados-financieros\/2025-07-31\/la-bolsa-y-el-ibex-35.html\" target=\"_blank\">con un alza superior al 24%<\/a>.<\/li>\n<li>IAG, due\u00f1a de Iberia y British Airways, <a href=\"https:\/\/cincodias.elpais.com\/companias\/2025-08-01\/iag-dispara-su-beneficio-un-438-con-1301-millones-hasta-junio-gracias-al-tiron-turistico.html\" rel=\"nofollow noopener\" title=\"https:\/\/cincodias.elpais.com\/companias\/2025-08-01\/iag-dispara-su-beneficio-un-438-con-1301-millones-hasta-junio-gracias-al-tiron-turistico.html\" target=\"_blank\">ha anunciado este jueves un beneficio<\/a> de 1.301 millones de euros en el primer semestre de 2025, un 43,8% m\u00e1s, gracias al tir\u00f3n del turismo. <\/li>\n<li>Apple<a href=\"https:\/\/elpais.com\/economia\/2025-07-31\/apple-bate-previsiones-con-una-subida-de-ingresos-del-10-con-un-crecimiento-de-dobles-digitos-en-el-iphone-el-mac-y-los-servicios.html\" rel=\"nofollow noopener\" title=\"https:\/\/elpais.com\/economia\/2025-07-31\/apple-bate-previsiones-con-una-subida-de-ingresos-del-10-con-un-crecimiento-de-dobles-digitos-en-el-iphone-el-mac-y-los-servicios.html\" target=\"_blank\"> bati\u00f3 ayer previsiones<\/a> con un 10% m\u00e1s de ingresos por las ventas de iPhone.<\/li>\n<li>Amazon cae en el mercado fuera de horario tras publicar un r<a href=\"https:\/\/cincodias.elpais.com\/companias\/2025-07-31\/amazon-gana-un-47-mas-en-el-primer-semestre.html\" rel=\"nofollow noopener\" title=\"https:\/\/cincodias.elpais.com\/companias\/2025-07-31\/amazon-gana-un-47-mas-en-el-primer-semestre.html\" target=\"_blank\">esultado peor de lo esperado.<\/a><\/li>\n<\/ul>\n<p>\u00bfQu\u00e9 dicen los analistas?<\/p>\n<p class=\"\">\u201cEl \u00faltimo anuncio arancelario ofrece cierta claridad, pero es superficial, ya que tras ella se esconde una nube de incertidumbre\u201d, afirm\u00f3 Thomas Rupf, director de inversiones para Asia de VP Bank, en declaraciones a Reuters. \u201cA pesar de que algunos pa\u00edses han conseguido mejores condiciones, el impacto general es negativo. Estamos entrando en una era de mayores barreras comerciales, lo que tendr\u00e1 un impacto y perjudicar\u00e1 el crecimiento\u201d.<\/p>\n<p class=\"\">La respuesta del mercado al nuevo marco arancelario ha sido hasta este momento \u201cmoderada\u201d, afirma Tony Sycamore, analista de IG. \u201cCreo que parte de ello se debe a que los recientes acuerdos comerciales con la UE, Jap\u00f3n y Corea del Sur han ayudado a amortiguar el impacto\u201d, a\u00f1ade. \u201cEl mercado probablemente ha adoptado la postura de que estos niveles de aranceles comerciales pueden renegociarse y reducirse gradualmente con el tiempo\u201d.<\/p>\n<p class=\"\">Sobre la fortaleza reciente del d\u00f3lar frente al euro, Mike Houlahan, director de Electus Financial considera que \u201ca corto plazo, se puede argumentar a favor de una mayor fortaleza del d\u00f3lar\u201d, dado que \u201cla mayor parte de las noticias sobre aranceles ya se han difundido\u201d. El gran movimiento de la semana, considera, ha sido la revalorizaci\u00f3n de la moneda estadounidense. \u201cEl resultado neto ser\u00eda que el acuerdo comercial entre la UE y EE UU representa un nuevo obst\u00e1culo para el euro\u201d.<\/p>\n<p>\u00bfCu\u00e1l es la evoluci\u00f3n de la deuda, las divisas y las materias primas?<\/p>\n<p class=\"\">El d\u00f3lar se estabiliza en un m\u00e1ximo de dos meses contra el euro, cada moneda europea se cambia a 1,1435 d\u00f3lares. El barril de petr\u00f3leo Brent apenas var\u00eda, se sit\u00faa en torno a 71,6 d\u00f3lares. En deuda, el bono espa\u00f1ol a 10 a\u00f1os cotiza con una rentabilidad del 3,311%.<\/p>\n<p class=\"\"><a href=\"https:\/\/cincodias.elpais.com\/mercados\/bolsa\/\" title=\"https:\/\/cincodias.elpais.com\/mercados\/bolsa\/\" rel=\"nofollow noopener\" target=\"_blank\">Bolsas<\/a> &#8211; <a href=\"https:\/\/cincodias.elpais.com\/mercados\/divisas\/\" title=\"https:\/\/cincodias.elpais.com\/mercados\/divisas\/\" rel=\"nofollow noopener\" target=\"_blank\">Divisas<\/a> &#8211; <a href=\"https:\/\/cincodias.elpais.com\/mercados\/prima-de-riesgo\/\" title=\"https:\/\/cincodias.elpais.com\/mercados\/prima-de-riesgo\/\" rel=\"nofollow noopener\" target=\"_blank\">Deuda<\/a> &#8211; <a href=\"https:\/\/cincodias.elpais.com\/mercados\/tipos-de-interes\/\" title=\"https:\/\/cincodias.elpais.com\/mercados\/tipos-de-interes\/\" rel=\"nofollow noopener\" target=\"_blank\">Tipos de inter\u00e9s<\/a> &#8211; <a href=\"https:\/\/cincodias.elpais.com\/mercados\/materias-primas\/\" title=\"https:\/\/cincodias.elpais.com\/mercados\/materias-primas\/\" rel=\"nofollow noopener\" target=\"_blank\">Materias primas<\/a><\/p>\n","protected":false},"excerpt":{"rendered":"\u00bfQu\u00e9 hace el Ibex 35? El Ibex 35 baja un 0,5% en la apertura despu\u00e9s de que el&hellip;\n","protected":false},"author":2,"featured_media":18092,"comment_status":"","ping_status":"","sticky":false,"template":"","format":"standard","meta":{"footnotes":""},"categories":[80],"tags":[2300,3513,3512,82,3508,3507,3504,95,94,25,24,3503,2731,3506,3501,3502,3511,1841,3505,3510,3509,23],"class_list":{"0":"post-18091","1":"post","2":"type-post","3":"status-publish","4":"format-standard","5":"has-post-thumbnail","7":"category-economia","8":"tag-bolsa","9":"tag-bolsa-madrid","10":"tag-brent","11":"tag-business","12":"tag-cac-40","13":"tag-dax-xetra","14":"tag-dow-jones","15":"tag-economia","16":"tag-economy","17":"tag-es","18":"tag-espana","19":"tag-eurostoxx-50","20":"tag-finanzas","21":"tag-ftse","22":"tag-ibex-35","23":"tag-indices-bursatiles","24":"tag-materias-primas","25":"tag-mercados-financieros","26":"tag-nasdaq","27":"tag-nikkei","28":"tag-sp-500","29":"tag-spain"},"share_on_mastodon":{"url":"","error":""},"_links":{"self":[{"href":"https:\/\/www.europesays.com\/es\/wp-json\/wp\/v2\/posts\/18091","targetHints":{"allow":["GET"]}}],"collection":[{"href":"https:\/\/www.europesays.com\/es\/wp-json\/wp\/v2\/posts"}],"about":[{"href":"https:\/\/www.europesays.com\/es\/wp-json\/wp\/v2\/types\/post"}],"author":[{"embeddable":true,"href":"https:\/\/www.europesays.com\/es\/wp-json\/wp\/v2\/users\/2"}],"replies":[{"embeddable":true,"href":"https:\/\/www.europesays.com\/es\/wp-json\/wp\/v2\/comments?post=18091"}],"version-history":[{"count":0,"href":"https:\/\/www.europesays.com\/es\/wp-json\/wp\/v2\/posts\/18091\/revisions"}],"wp:featuredmedia":[{"embeddable":true,"href":"https:\/\/www.europesays.com\/es\/wp-json\/wp\/v2\/media\/18092"}],"wp:attachment":[{"href":"https:\/\/www.europesays.com\/es\/wp-json\/wp\/v2\/media?parent=18091"}],"wp:term":[{"taxonomy":"category","embeddable":true,"href":"https:\/\/www.europesays.com\/es\/wp-json\/wp\/v2\/categories?post=18091"},{"taxonomy":"post_tag","embeddable":true,"href":"https:\/\/www.europesays.com\/es\/wp-json\/wp\/v2\/tags?post=18091"}],"curies":[{"name":"wp","href":"https:\/\/api.w.org\/{rel}","templated":true}]}}