{"id":180945,"date":"2025-10-16T16:10:08","date_gmt":"2025-10-16T16:10:08","guid":{"rendered":"https:\/\/www.europesays.com\/es\/180945\/"},"modified":"2025-10-16T16:10:08","modified_gmt":"2025-10-16T16:10:08","slug":"el-horneo-eon-saldra-a-pelear-e-intentar-ganar-a-la-rocosa-defensa-del-atletico-valladolid","status":"publish","type":"post","link":"https:\/\/www.europesays.com\/es\/180945\/","title":{"rendered":"El Horneo E\u00f3n saldr\u00e1 a \u00abpelear e intentar ganar\u00bb a la rocosa defensa del Atl\u00e9tico Valladolid"},"content":{"rendered":"<p class=\"ft-text ft-helper-closenews ft-helper-align-justify\">El<strong> Horneo E\u00d3N <\/strong><a class=\"ft-link ft-link--decoration\" href=\"https:\/\/www.informacion.es\/alicante\/\" rel=\"nofollow noopener\" target=\"_blank\"><strong>Alicante<\/strong><\/a><strong> <\/strong>recibe este s\u00e1bado 18 de octubre al <strong>Recoletas Atl\u00e9tico Valladolid<\/strong> en el Pabell\u00f3n Pitiu Rochel. Para el lateral <strong>Darko Dimitrievski<\/strong>, que jug\u00f3 dos temporadas en el conjunto vallisoletano, se trata de \u201cun equipo muy bueno que tiene <strong>una plantilla muy larga y con una defensa muy buena\u201d<\/strong>.<\/p>\n<p class=\"ft-text ft-helper-align-justify\">En cuanto a la clave para conseguir los dos puntos, el jugador del E\u00f3n lo tiene muy claro: \u201cTenemos que pensar en nosotros mismos porque nos vamos a enfrentar a un equipo muy duro de la mitad de tabla para arriba. <strong>Vamos a darlo todo porque estamos entrenando duro y vamos a por los dos puntos<\/strong>\u00ab.<\/p>\n<p class=\"ft-text ft-helper-align-justify\">\u201cSus defensores llevan varios a\u00f1os juntos, se conocen muy bien y la porter\u00eda les acompa\u00f1a\u00bb, ha a\u00f1adido Dimitrievski sobre las fortalezas del rival de este fin de semana. \u00abAdem\u00e1s, juegan muy bien a balonmano y <strong>va a ser un partido dif\u00edcil y duro<\/strong>\u00ab, reconoce para despu\u00e9s apuntar que el equipo alicantino va a \u00abpelear y a intentar ganar\u201d.<\/p>\n<p>Mala racha<\/p>\n<p class=\"ft-text ft-helper-align-justify\">El equipo alicantino <strong>vuelve a casa<\/strong> tras dos salidas consecutivas que se saldaron con <a class=\"ft-link ft-link--decoration\" href=\"https:\/\/www.informacion.es\/deportes\/2025\/10\/11\/duro-golpe-horneo-pista-cuenca-122529095.html\" target=\"_blank\" rel=\"nofollow noopener\">derrota<\/a>. Con tan solo dos puntos en el casillero, necesita una victoria que cambie la din\u00e1mica de este dif\u00edcil desembarco en Asobal.<\/p>\n<p class=\"ft-text ft-helper-align-justify\">Ante los \u00faltimos <a class=\"ft-link ft-link--decoration\" href=\"https:\/\/www.sport.es\/es\/motor\/moto-gp\/calendario\/\" target=\"_blank\" rel=\"nofollow noopener\">resultados<\/a> del Horneo E\u00f3n, el lateral reconoce que <strong>est\u00e1n \u00aben una racha mala\u00bb<\/strong>. Pero tambi\u00e9n tiene claro que reencausar\u00e1n la din\u00e1mica conforme la plantilla acabe de adaptarse: \u00abEl equipo entrena bien y prepara bien los partidos, lo \u00fanico es que al final no salen los resultados. <strong>Somos muchos jugadores nuevos y necesitamos m\u00e1s tiempo juntos<\/strong> y creo que van a venir mejores d\u00edas, pero tenemos que coger nuestra confianza y llevar el partido de la mejor manera posible\u00bb.<\/p>\n<p>Reencuentro en Asobal<\/p>\n<p class=\"ft-text ft-helper-align-justify\">Con la visita del Recoletas Atl\u00e9tico Valladolid, Dimitrievski se enfrentar\u00e1 a su exequipo, con el que <strong>jug\u00f3 dos temporadas en la primera categor\u00eda<\/strong> (22-23, 23-24). \u201cEs un partido especial porque fue mi casa durante dos a\u00f1os. Conozco al equipo, su sistema y s\u00e9 que es un equipo bien trabajado, con mucha t\u00e1ctica\u201d.<\/p>\n<p data-close=\"closedContent\" class=\"subscribeHideForDisplay\">Suscr\u00edbete para seguir leyendo<\/p>\n","protected":false},"excerpt":{"rendered":"El Horneo E\u00d3N Alicante recibe este s\u00e1bado 18 de octubre al Recoletas Atl\u00e9tico Valladolid en el Pabell\u00f3n Pitiu&hellip;\n","protected":false},"author":2,"featured_media":180946,"comment_status":"","ping_status":"","sticky":false,"template":"","format":"standard","meta":{"footnotes":""},"categories":[278],"tags":[376,168,7013,21109,7523,25,24,10957,2000,375,7012,2293,14145,23,167,1607],"class_list":["post-180945","post","type-post","status-publish","format-standard","has-post-thumbnail","category-balonmano","tag-balonmano","tag-deportes","tag-eon","tag-eon-horneo","tag-eon-horneo-alicante","tag-es","tag-espana","tag-fin-de-semana","tag-ganar","tag-handball","tag-horneo","tag-pelear","tag-saldra","tag-spain","tag-sports","tag-valladolid"],"share_on_mastodon":{"url":"","error":""},"_links":{"self":[{"href":"https:\/\/www.europesays.com\/es\/wp-json\/wp\/v2\/posts\/180945","targetHints":{"allow":["GET"]}}],"collection":[{"href":"https:\/\/www.europesays.com\/es\/wp-json\/wp\/v2\/posts"}],"about":[{"href":"https:\/\/www.europesays.com\/es\/wp-json\/wp\/v2\/types\/post"}],"author":[{"embeddable":true,"href":"https:\/\/www.europesays.com\/es\/wp-json\/wp\/v2\/users\/2"}],"replies":[{"embeddable":true,"href":"https:\/\/www.europesays.com\/es\/wp-json\/wp\/v2\/comments?post=180945"}],"version-history":[{"count":0,"href":"https:\/\/www.europesays.com\/es\/wp-json\/wp\/v2\/posts\/180945\/revisions"}],"wp:featuredmedia":[{"embeddable":true,"href":"https:\/\/www.europesays.com\/es\/wp-json\/wp\/v2\/media\/180946"}],"wp:attachment":[{"href":"https:\/\/www.europesays.com\/es\/wp-json\/wp\/v2\/media?parent=180945"}],"wp:term":[{"taxonomy":"category","embeddable":true,"href":"https:\/\/www.europesays.com\/es\/wp-json\/wp\/v2\/categories?post=180945"},{"taxonomy":"post_tag","embeddable":true,"href":"https:\/\/www.europesays.com\/es\/wp-json\/wp\/v2\/tags?post=180945"}],"curies":[{"name":"wp","href":"https:\/\/api.w.org\/{rel}","templated":true}]}}