{"id":180947,"date":"2025-10-16T16:11:13","date_gmt":"2025-10-16T16:11:13","guid":{"rendered":"https:\/\/www.europesays.com\/es\/180947\/"},"modified":"2025-10-16T16:11:13","modified_gmt":"2025-10-16T16:11:13","slug":"marco-perez-debutara-como-matador-en-venezuela-y-sera-en-la-feria-de-san-sebastian","status":"publish","type":"post","link":"https:\/\/www.europesays.com\/es\/180947\/","title":{"rendered":"Marco P\u00e9rez debutar\u00e1 como matador en Venezuela y ser\u00e1 en la Feria de San Sebasti\u00e1n"},"content":{"rendered":"<p>            <a href=\"https:\/\/www.lascosasdeltoro.com\/wp-content\/uploads\/2025\/10\/Marco-Perez-debutara-como-matador-en-Venezuela-y-sera-en-la-Feria-de-San-Sebastian.jpg\" data-caption=\"\" rel=\"nofollow noopener\" target=\"_blank\"><img loading=\"lazy\" decoding=\"async\" width=\"696\" height=\"542\" class=\"entry-thumb td-modal-image\" src=\"https:\/\/www.europesays.com\/es\/wp-content\/uploads\/2025\/10\/Marco-Perez-debutara-como-matador-en-Venezuela-y-sera-en-la-Feria-de-San-Sebastian-696x542.jpg\"   alt=\"\" title=\"Marco P\u00e9rez debutar\u00e1 como matador en Venezuela y ser\u00e1 en la Feria de San Sebasti\u00e1n\"\/><\/a><\/p>\n<p>La Feria Internacional de San Sebasti\u00e1n 2026, en San Crist\u00f3bal contar\u00e1 con la presencia de una de las j\u00f3venes promesas m\u00e1s fulgurantes del toreo: Marco P\u00e9rez, quien debutar\u00e1 como matador de toros en suelo venezolano, marcando un hito en su incipiente pero ya brillante carrera.<\/p>\n<p>El joven salmantino, que ha causado sensaci\u00f3n en los ruedos europeos, ya dej\u00f3 huella en Venezuela como novillero durante la pasada Feria del Sol en M\u00e9rida, donde sus actuaciones fueron calificadas como resonantes triunfos por la cr\u00edtica especializada. Su temple, valor y sentido del arte conquistaron al exigente p\u00fablico meride\u00f1o, que ahora espera con ansias verlo en su nueva faceta como matador.<\/p>\n<p>Marco P\u00e9rez no es un torero com\u00fan. Desde muy temprana edad, su nombre comenz\u00f3 a circular en los recovecos taurinos como una figura destinada a marcar \u00e9poca. Nacido en Salamanca, tierra de hondas ra\u00edces taurinas, Marco creci\u00f3 entre capotes y tentaderos, mostrando desde ni\u00f1o una sensibilidad especial para entender el toreo como arte, no s\u00f3lo como t\u00e9cnica.<\/p>\n<p>Quienes le conocen destacan su car\u00e1cter introspectivo, su obsesi\u00f3n por la perfecci\u00f3n y su respeto por la liturgia taurina;\u00a0 su toreo es vertical, puro, con una est\u00e9tica que conmueve y una quietud que desaf\u00eda el peligro.<\/p>\n<p>A pesar de su juventud, Marco ha demostrado una madurez emocional que sorprende. No busca el aplauso f\u00e1cil ni la espectacularidad vac\u00eda; su ambici\u00f3n es m\u00e1s profunda: emocionar, trascender, dejar huella. Su paso por M\u00e9rida fue prueba de ello, donde logr\u00f3 conectar con el alma del p\u00fablico, arrancando ovaciones que no se compran con gestos, sino con verdad.<\/p>\n<p>Este debut en San Crist\u00f3bal no s\u00f3lo representa un paso crucial en su trayectoria, sino tambi\u00e9n una apuesta firme de la empresa taurina encargada del evento, por las figuras emergentes que aporten frescura y emoci\u00f3n a la fiesta brava. La afici\u00f3n tachirense, ser\u00e1 testigo de una tarde que promete emociones intensas y, posiblemente, el nacimiento de una nueva figura del toreo en Am\u00e9rica. Carlos Alexis Rivera CNP 10746 Fotos: Archivo<\/p>\n<p><a href=\"#\"><img decoding=\"async\" src=\"https:\/\/www.lascosasdeltoro.com\/wp-content\/uploads\/2016\/10\/rec728.jpg\"\/><\/a>        <\/p>\n","protected":false},"excerpt":{"rendered":"La Feria Internacional de San Sebasti\u00e1n 2026, en San Crist\u00f3bal contar\u00e1 con la presencia de una de las&hellip;\n","protected":false},"author":2,"featured_media":180948,"comment_status":"","ping_status":"","sticky":false,"template":"","format":"standard","meta":{"footnotes":""},"categories":[277],"tags":[373,168,25,24,23,167,374],"class_list":{"0":"post-180947","1":"post","2":"type-post","3":"status-publish","4":"format-standard","5":"has-post-thumbnail","7":"category-toreo","8":"tag-bullfighting","9":"tag-deportes","10":"tag-es","11":"tag-espana","12":"tag-spain","13":"tag-sports","14":"tag-toreo"},"share_on_mastodon":{"url":"","error":""},"_links":{"self":[{"href":"https:\/\/www.europesays.com\/es\/wp-json\/wp\/v2\/posts\/180947","targetHints":{"allow":["GET"]}}],"collection":[{"href":"https:\/\/www.europesays.com\/es\/wp-json\/wp\/v2\/posts"}],"about":[{"href":"https:\/\/www.europesays.com\/es\/wp-json\/wp\/v2\/types\/post"}],"author":[{"embeddable":true,"href":"https:\/\/www.europesays.com\/es\/wp-json\/wp\/v2\/users\/2"}],"replies":[{"embeddable":true,"href":"https:\/\/www.europesays.com\/es\/wp-json\/wp\/v2\/comments?post=180947"}],"version-history":[{"count":0,"href":"https:\/\/www.europesays.com\/es\/wp-json\/wp\/v2\/posts\/180947\/revisions"}],"wp:featuredmedia":[{"embeddable":true,"href":"https:\/\/www.europesays.com\/es\/wp-json\/wp\/v2\/media\/180948"}],"wp:attachment":[{"href":"https:\/\/www.europesays.com\/es\/wp-json\/wp\/v2\/media?parent=180947"}],"wp:term":[{"taxonomy":"category","embeddable":true,"href":"https:\/\/www.europesays.com\/es\/wp-json\/wp\/v2\/categories?post=180947"},{"taxonomy":"post_tag","embeddable":true,"href":"https:\/\/www.europesays.com\/es\/wp-json\/wp\/v2\/tags?post=180947"}],"curies":[{"name":"wp","href":"https:\/\/api.w.org\/{rel}","templated":true}]}}