{"id":180999,"date":"2025-10-16T16:42:09","date_gmt":"2025-10-16T16:42:09","guid":{"rendered":"https:\/\/www.europesays.com\/es\/180999\/"},"modified":"2025-10-16T16:42:09","modified_gmt":"2025-10-16T16:42:09","slug":"claudia-artiles-se-prepara-para-cirugia-estetica-en-miami","status":"publish","type":"post","link":"https:\/\/www.europesays.com\/es\/180999\/","title":{"rendered":"Claudia Artiles se prepara para cirug\u00eda est\u00e9tica en Miami"},"content":{"rendered":"<p>La influencer cubana <strong>Claudia Artiles <\/strong>lo tiene claro: pronto pasar\u00e1 por el quir\u00f3fano para conseguir el cuerpo que desea. Entre risas y mucha naturalidad, la creadora comparti\u00f3 con sus seguidores un video en el que habl\u00f3 sin filtros sobre su figura y las cr\u00edticas que recibe en redes sociales. Frente al espejo, vestida con un top rojo y un mono deportivo que aprovech\u00f3 para promocionar, la cubana mostr\u00f3 su caracter\u00edstico sentido del humor.<\/p>\n<p><strong>\u201cMi amor, d\u00e9jame decirte que este cuerpo de yuca se va a operar muy pronto\u201d, dijo divertida mientras ense\u00f1aba su figura<\/strong>. Luego a\u00f1adi\u00f3 con total confianza: <strong>\u201cMir\u00e1ndome bien, no tengo la cuerpa tan mal. La gente vive critic\u00e1ndome el cuerpo. He engordado, y cuando engordo me pongo buena, porque esas nalgas son m\u00edas. El cirujano me va a ayudar un poquito, pero es m\u00edo, y la barriguita pronto, pronto se va\u201d.<\/strong><\/p>\n<p>El clip, grabado desde Miami, se llen\u00f3 de comentarios en cuesti\u00f3n de minutos. Muchas seguidoras la llenaron de halagos: \u201cYo t\u00fa ni me opero, tienes tu cuerpo muy bonito\u201d, escribi\u00f3 una. Otra coment\u00f3: \u201cMami, todas pasamos por eso, para eso somos madres, eres bella\u201d. Aun as\u00ed, tambi\u00e9n hubo opiniones m\u00e1s cr\u00edticas, aunque Claudia no perdi\u00f3 la sonrisa ni el buen humor.<\/p>\n<p>Adem\u00e1s de hablar de su pr\u00f3xima operaci\u00f3n, la cubana aprovech\u00f3 para mostrar el mono moldeador que llevaba puesto, destacando que \u201crecoge y amolda muy bien\u201d.<\/p>\n<p><strong>Este nuevo video llega poco despu\u00e9s de que Claudia celebrara el \u00e9xito de su cirug\u00eda l\u00e1ser ocular, con la que recuper\u00f3 una visi\u00f3n perfecta.<\/strong> En otro clip cont\u00f3 feliz que se siente \u201cs\u00faper bien\u201d y que el procedimiento fue indoloro. \u201cVeo clarito, me siento s\u00faper bien y ya no tengo que usar espejuelos, gracias a Dios\u201d, dijo emocionada.<\/p>\n<p>La influencer explic\u00f3 que sigue las indicaciones m\u00e9dicas al pie de la letra, aplic\u00e1ndose las gotas oculares y evitando hacer esfuerzos. Tambi\u00e9n revel\u00f3 que el efecto del procedimiento puede durar hasta quince a\u00f1os, algo que sorprendi\u00f3 a muchos de sus seguidores.<\/p>\n<p>Con una nueva visi\u00f3n y planes de cirug\u00eda est\u00e9tica en camino, Claudia Artiles vive uno de sus mejores momentos. <strong>Su pareja, el tambi\u00e9n influencer Ultrack, se someti\u00f3 hace poco a un implante capilar en Miami, y juntos comparten sus cambios con humor y complicidad.<\/strong> \u201cA eso voy\u201d, le escribi\u00f3 ella a una seguidora que la anim\u00f3 a disfrutar la vida.<\/p>\n<p>Preguntas Frecuentes sobre Claudia Artiles y sus Procedimientos Est\u00e9ticos\u00bfPor qu\u00e9 Claudia Artiles ha decidido someterse a una cirug\u00eda est\u00e9tica?<\/p>\n<p itemprop=\"text\">Claudia Artiles ha decidido someterse a una cirug\u00eda est\u00e9tica para conseguir el cuerpo que desea y mejorar su figura. <strong>La influencer cubana mencion\u00f3 que planea realizarse una lipo para quitarse la \u00abbarriguita\u00bb.<\/strong> Adem\u00e1s, considera que estos cambios no afectar\u00e1n su salud futura y que es un paso m\u00e1s en su camino hacia sentirse mejor consigo misma.<\/p>\n<p>\u00bfC\u00f3mo ha sido la experiencia de Claudia Artiles con su cirug\u00eda ocular l\u00e1ser?<\/p>\n<p itemprop=\"text\">Claudia Artiles comparti\u00f3 que su experiencia con la cirug\u00eda ocular l\u00e1ser fue positiva y sin complicaciones. <strong>El procedimiento le permiti\u00f3 recuperar una visi\u00f3n perfecta y lo describe como indoloro.<\/strong> Seg\u00fan ella, el efecto del l\u00e1ser podr\u00eda durar hasta quince a\u00f1os, y ha seguido al pie de la letra las indicaciones m\u00e9dicas para asegurar una recuperaci\u00f3n adecuada.<\/p>\n<p>\u00bfQu\u00e9 tipo de cr\u00edticas ha recibido Claudia Artiles por sus decisiones est\u00e9ticas?<\/p>\n<p itemprop=\"text\">Claudia Artiles ha recibido cr\u00edticas por sus decisiones est\u00e9ticas, siendo acusada de usar \u00abrelleno\u00bb y de priorizar su imagen por encima de otros aspectos de su vida. Sin embargo, <strong>ella ha respondido con confianza y humor, defendiendo su belleza natural y su derecho a realizar cambios que la hagan sentir mejor consigo misma.<\/strong> La influencer tambi\u00e9n ha sido respaldada por muchos de sus seguidores, quienes valoran su autenticidad.<\/p>\n<p>\u00bfQu\u00e9 planes tiene Claudia Artiles para su futuro est\u00e9tico y familiar?<\/p>\n<p itemprop=\"text\">Claudia Artiles tiene planes de someterse a una cirug\u00eda est\u00e9tica antes de considerar un posible embarazo en el futuro. <strong>Ha expresado que desea mejorar su figura antes de ampliar su familia.<\/strong> Junto a su pareja, Ultrack, han discutido abiertamente la posibilidad de tener hijos, aunque no est\u00e1n apresurados en este aspecto.<\/p>\n","protected":false},"excerpt":{"rendered":"La influencer cubana Claudia Artiles lo tiene claro: pronto pasar\u00e1 por el quir\u00f3fano para conseguir el cuerpo que&hellip;\n","protected":false},"author":2,"featured_media":181000,"comment_status":"","ping_status":"","sticky":false,"template":"","format":"standard","meta":{"footnotes":""},"categories":[174],"tags":[255,16222,51411,146,147,25,24,629,256,51413,2661,20561,1922,23,51412,1018],"class_list":{"0":"post-180999","1":"post","2":"type-post","3":"status-publish","4":"format-standard","5":"has-post-thumbnail","7":"category-famosos","8":"tag-celebrities","9":"tag-cirugia-estetica","10":"tag-claudia-artiles","11":"tag-entertainment","12":"tag-entretenimiento","13":"tag-es","14":"tag-espana","15":"tag-estados-unidos","16":"tag-famosos","17":"tag-famosos-cubanos","18":"tag-internacionales","19":"tag-noticias-de-miami","20":"tag-redes-sociales","21":"tag-spain","22":"tag-ultrack","23":"tag-videos"},"share_on_mastodon":{"url":"","error":""},"_links":{"self":[{"href":"https:\/\/www.europesays.com\/es\/wp-json\/wp\/v2\/posts\/180999","targetHints":{"allow":["GET"]}}],"collection":[{"href":"https:\/\/www.europesays.com\/es\/wp-json\/wp\/v2\/posts"}],"about":[{"href":"https:\/\/www.europesays.com\/es\/wp-json\/wp\/v2\/types\/post"}],"author":[{"embeddable":true,"href":"https:\/\/www.europesays.com\/es\/wp-json\/wp\/v2\/users\/2"}],"replies":[{"embeddable":true,"href":"https:\/\/www.europesays.com\/es\/wp-json\/wp\/v2\/comments?post=180999"}],"version-history":[{"count":0,"href":"https:\/\/www.europesays.com\/es\/wp-json\/wp\/v2\/posts\/180999\/revisions"}],"wp:featuredmedia":[{"embeddable":true,"href":"https:\/\/www.europesays.com\/es\/wp-json\/wp\/v2\/media\/181000"}],"wp:attachment":[{"href":"https:\/\/www.europesays.com\/es\/wp-json\/wp\/v2\/media?parent=180999"}],"wp:term":[{"taxonomy":"category","embeddable":true,"href":"https:\/\/www.europesays.com\/es\/wp-json\/wp\/v2\/categories?post=180999"},{"taxonomy":"post_tag","embeddable":true,"href":"https:\/\/www.europesays.com\/es\/wp-json\/wp\/v2\/tags?post=180999"}],"curies":[{"name":"wp","href":"https:\/\/api.w.org\/{rel}","templated":true}]}}