{"id":181001,"date":"2025-10-16T16:43:10","date_gmt":"2025-10-16T16:43:10","guid":{"rendered":"https:\/\/www.europesays.com\/es\/181001\/"},"modified":"2025-10-16T16:43:10","modified_gmt":"2025-10-16T16:43:10","slug":"la-universidad-de-barcelona-incluye-persianes-amb-art-de-els-poblets-en-su-programa-de-estudios-de-bellas-artes","status":"publish","type":"post","link":"https:\/\/www.europesays.com\/es\/181001\/","title":{"rendered":"La Universidad de Barcelona incluye \u00abPersianes amb Art\u00bb de Els Poblets en su programa de estudios de Bellas Artes"},"content":{"rendered":"<ul>\n<li class=\"p1\">La instituci\u00f3n universitaria considera que el evento organizado por el ayuntamiento y la Fundaci\u00f3 Bale\u00e0ria constituye \u00abun ejemplo de arte de participaci\u00f3n ciudadana, cooperaci\u00f3n, revitalizaci\u00f3n cultural, igualdad, identidad, memoria y cultura de paz\u00bb<\/li>\n<\/ul>\n<p><a href=\"https:\/\/www.europesays.com\/es\/wp-content\/uploads\/2025\/10\/persianes-amb-art-els-poblets-2025-12-1.jpg\"><img loading=\"lazy\" decoding=\"async\" class=\"wp-image-1421795\" src=\"https:\/\/www.europesays.com\/es\/wp-content\/uploads\/2025\/10\/persianes-amb-art-els-poblets-2025-12-1.jpg\" alt=\"La Universidad de Barcelona incluye \u00abPersianes amb Art\u00bb de Els Poblets en su programa de estudios de Bellas Artes\" width=\"1080\" height=\"721\"  \/><\/a><\/p>\n<p class=\"wp-caption-text\">Imagen de la \u00faltima edici\u00f3n de \u00abPersianes amb art\u00bb, celebrada el pasado 4 de octubre. \ud83d\udcf7 Tino Calvo.<\/p>\n<p class=\"p1\">El car\u00e1cter rompedor de Persianes amb Art trasciende fronteras. Y de paso alcanza ya el \u00e1mbito acad\u00e9mico. En un hito casi sin precedentes en el \u00e1mbito cultural de la Marina Alta, la intervenci\u00f3n art\u00edstica que <a href=\"https:\/\/lamarina.eldiario.es\/2025\/10\/06\/artistas-mediterraneos-despliegan-todo-su-arte-en-las-persianas-de-els-poblets\/\" target=\"_blank\" rel=\"noopener nofollow\"><strong>Els Poblets lleva ya realizando tres a\u00f1os<\/strong><\/a> ser\u00e1 objeto de estudio en la <strong>Universidad de Barcelona<\/strong>. En concreto del alumnado del grado en <strong>Bellas Artes<\/strong> de esa facultad y para el de Pedagog\u00eda de la Facultad de Educacion.<\/p>\n<p class=\"p1\">Ha sido el Grup d\u2019Innovaci\u00f3 Docent M.I.M.A (Mem\u00f2ria i Mat\u00e8ria Artistica) de la citada universidad, cuya finalidad es \u00abconsolidar una ense\u00f1anza de calidad en la educaci\u00f3n art\u00edstica superior\u00bb, el que ha tomado esta decisi\u00f3n. Su director, Rafael Romero, considera que esta apuesta del Ayuntamiento de Els Poblets, la Fundaci\u00f3 Bale\u00e0ria y ArtambB constituye \u00abun valioso objeto de conocimiento\u00bb. Y que por lo tanto \u00abser\u00e1 compartido en las diferentes asignaturas y programas de nuestro alumnado como material reflexivo, ejemplificador y <strong>motivador del arte de participaci\u00f3n ciudadana, cooperaci\u00f3n, revitalizaci\u00f3n cultural<\/strong>, igualdad, identidad, memoria y cultura de paz\u00bb. Casi nada.<\/p>\n<p><strong>Las calles, un museo. Y una fiesta<\/strong><br \/>\n<a href=\"https:\/\/www.europesays.com\/es\/wp-content\/uploads\/2025\/10\/persianes-amb-art-els-poblets-2025-28-2.jpg\"><img loading=\"lazy\" decoding=\"async\" class=\"wp-image-1421797\" src=\"https:\/\/www.europesays.com\/es\/wp-content\/uploads\/2025\/10\/persianes-amb-art-els-poblets-2025-28-2.jpg\" alt=\"La Universidad de Barcelona incluye \u00abPersianes amb Art\u00bb de Els Poblets en su programa de estudios de Bellas Artes\" width=\"1080\" height=\"721\"  \/><\/a><\/p>\n<p class=\"wp-caption-text\">Las calles, una fiesta. \ud83d\udcf7 Tino Calvo.<\/p>\n<p class=\"p1\">Efectivamente, uno de los grandes logros de Persianes amb Art ha sido forjar un espacio de encuentro hasta ahora in\u00e9dito entre los artistas que han plasmado sus creaciones en las tradicionales persianas de las calles de Els Poblets y los vecinos de todas esas casas, que no solo han puesto sus fachadas a disposici\u00f3n de la iniciativa sino que se han implicado en hacerla posible. La han hecho suya. Se han arremangado. Tal confluencia ha convertido las calles de ese municipio en un museo al aire libre y, a la vez, una fiesta. Y a todo eso se refiere la Universidad de Barcelona.<\/p>\n","protected":false},"excerpt":{"rendered":"La instituci\u00f3n universitaria considera que el evento organizado por el ayuntamiento y la Fundaci\u00f3 Bale\u00e0ria constituye \u00abun ejemplo&hellip;\n","protected":false},"author":2,"featured_media":181002,"comment_status":"","ping_status":"","sticky":false,"template":"","format":"standard","meta":{"footnotes":""},"categories":[173],"tags":[517,4071,42598,8937,229,233,231,230,5025,7092,42583,42582,42589,42585,20412,1013,177,42595,209,30922,232,42578,1819,42600,42599,1639,234,13193,146,147,2958,25,24,2793,3931,5270,42591,42596,1667,27050,42590,2441,42593,42594,4911,42579,42588,7080,10,14470,12657,133,42597,1925,42584,42580,42581,4069,2052,952,42592,8485,4286,4113,23,1651,42587,42586,19079,4664,1529,1018,35649],"class_list":{"0":"post-181001","1":"post","2":"type-post","3":"status-publish","4":"format-standard","5":"has-post-thumbnail","7":"category-arte-y-diseno","8":"tag-actualidad","9":"tag-agenda","10":"tag-agenda-cultural","11":"tag-altea","12":"tag-arte","13":"tag-arte-y-diseno","14":"tag-arts","15":"tag-arts-and-design","16":"tag-audios","17":"tag-benidorm","18":"tag-benisa","19":"tag-benissa","20":"tag-callossa-den-sarria","21":"tag-calp","22":"tag-calpe","23":"tag-cartelera","24":"tag-cine","25":"tag-costa-blanca","26":"tag-cultura","27":"tag-denia","28":"tag-design","29":"tag-diari","30":"tag-diario","31":"tag-diario-denia","32":"tag-diario-marina-alta","33":"tag-digital","34":"tag-diseno","35":"tag-el-tiempo","36":"tag-entertainment","37":"tag-entretenimiento","38":"tag-entrevistas","39":"tag-es","40":"tag-espana","41":"tag-espectaculos","42":"tag-festival","43":"tag-festivales","44":"tag-finestrat","45":"tag-informacio","46":"tag-informacion","47":"tag-javea","48":"tag-lalfas-del-pi","49":"tag-la-nucia","50":"tag-la-vila","51":"tag-la-vila-joiosa","52":"tag-marina","53":"tag-marina-alta","54":"tag-moraira","55":"tag-noticia","56":"tag-noticias","57":"tag-noticies","58":"tag-ondara","59":"tag-online","60":"tag-opinio","61":"tag-opinion","62":"tag-pedreguer","63":"tag-pego","64":"tag-pego-y-les-valls","65":"tag-periodico","66":"tag-poesia","67":"tag-politica","68":"tag-polop","69":"tag-programacion","70":"tag-reportajes","71":"tag-servicios","72":"tag-spain","73":"tag-teatro","74":"tag-teulada","75":"tag-teulada-y-moraira","76":"tag-turisme","77":"tag-turismo","78":"tag-ultima-hora","79":"tag-videos","80":"tag-xabia"},"share_on_mastodon":{"url":"","error":""},"_links":{"self":[{"href":"https:\/\/www.europesays.com\/es\/wp-json\/wp\/v2\/posts\/181001","targetHints":{"allow":["GET"]}}],"collection":[{"href":"https:\/\/www.europesays.com\/es\/wp-json\/wp\/v2\/posts"}],"about":[{"href":"https:\/\/www.europesays.com\/es\/wp-json\/wp\/v2\/types\/post"}],"author":[{"embeddable":true,"href":"https:\/\/www.europesays.com\/es\/wp-json\/wp\/v2\/users\/2"}],"replies":[{"embeddable":true,"href":"https:\/\/www.europesays.com\/es\/wp-json\/wp\/v2\/comments?post=181001"}],"version-history":[{"count":0,"href":"https:\/\/www.europesays.com\/es\/wp-json\/wp\/v2\/posts\/181001\/revisions"}],"wp:featuredmedia":[{"embeddable":true,"href":"https:\/\/www.europesays.com\/es\/wp-json\/wp\/v2\/media\/181002"}],"wp:attachment":[{"href":"https:\/\/www.europesays.com\/es\/wp-json\/wp\/v2\/media?parent=181001"}],"wp:term":[{"taxonomy":"category","embeddable":true,"href":"https:\/\/www.europesays.com\/es\/wp-json\/wp\/v2\/categories?post=181001"},{"taxonomy":"post_tag","embeddable":true,"href":"https:\/\/www.europesays.com\/es\/wp-json\/wp\/v2\/tags?post=181001"}],"curies":[{"name":"wp","href":"https:\/\/api.w.org\/{rel}","templated":true}]}}