{"id":181018,"date":"2025-10-16T16:54:10","date_gmt":"2025-10-16T16:54:10","guid":{"rendered":"https:\/\/www.europesays.com\/es\/181018\/"},"modified":"2025-10-16T16:54:10","modified_gmt":"2025-10-16T16:54:10","slug":"se-esta-castigando-a-los-mas-vulnerables","status":"publish","type":"post","link":"https:\/\/www.europesays.com\/es\/181018\/","title":{"rendered":"\u00abSe est\u00e1 castigando a los m\u00e1s vulnerables\u00bb"},"content":{"rendered":"<p class=\"voc-p\" style=\"\">La nueva propuesta de cotizaciones, que afectar\u00eda a los m\u00e1s de tres millones de trabajadores por cuenta propia que hay en Espa\u00f1a, supondr\u00eda una subida de <strong>200 euros al a\u00f1o para quienes no lleguen a los 3.000 euros<\/strong>; unos 450 euros para quienes ganan unos 30.000 euros y entre 1.000 y 2.500 euros al a\u00f1o para los que ingresen m\u00e1s de 38.000.<\/p>\n<p class=\"voc-p\" style=\"\">El anuncio ha provocado una gran indignaci\u00f3n entre las asociaciones de aut\u00f3nomos, que han tildado la medida de \u00absablazo\u00bb. En este sentido, la ministra de Seguridad Social, <strong>Elma Sainz<\/strong>, ha defendido este jueves que las cotizaciones \u00abno son impuestos, sino que van directamente al bolsillo de cada aut\u00f3nomo\u00bb y ha pedido \u00abtranquilidad y sosiego\u00bb ante las negociaciones.<\/p>\n<p class=\"voc-p\" style=\"\">No obstante, en los \u00faltimos d\u00edas muchos trabajadores por cuenta propia han denunciado la propuesta del Gobierno. Uno de ellos ha sido <strong>Juan Carlos Ruano<\/strong>, ingeniero industrial y empresario, que trabaja como aut\u00f3nomo desde hace cinco a\u00f1os y ha calificado la propuesta <strong>de <\/strong><strong>\u00abun sinsentido y un desprop\u00f3sito\u00bb<\/strong> en <strong>&#8216;Espejo p\u00fablico&#8217;<\/strong>.<\/p>\n<p>\nUn aut\u00f3nomo critica la posible subida de las cotizaciones\n<\/p>\n<p class=\"voc-p\" style=\"\">Juan Carlos ha explicado en el programa matinal de Antena 3 que, con la nueva subida, \u00abla parte proporcional que se paga de cuota de aut\u00f3nomos para los que menos facturan supone <strong>casi un 40% de su facturaci\u00f3n<\/strong>\u00bb. \u00abNo s\u00e9 d\u00f3nde est\u00e1 la justicia ah\u00ed\u00bb, ha denunciado.<\/p>\n<p class=\"voc-p\" style=\"\">En su caso, la subida rondar\u00eda los <strong>50-60 euros<\/strong>. Una cantidad que \u00abno te marca una diferencia brutal\u00bb, ha admitido, \u00abpero s\u00ed es un roto para los aut\u00f3nomos m\u00e1s vulnerables\u00bb. \u00abSeg\u00fan va subiendo la base de cotizaci\u00f3n, en t\u00e9rminos relativos la cuota de aut\u00f3nomos supone menos, entonces<strong> est\u00e1 castigando m\u00e1s duramente a los m\u00e1s vulnerables<\/strong>\u00bb, ha criticado.<\/p>\n<p><img decoding=\"async\" loading=\"lazy\" src=\"https:\/\/www.europesays.com\/es\/wp-content\/uploads\/2025\/10\/autonomos-espejo-publico-k7hC--760x427@diario_abc.PNG\" class=\"voc-img\" width=\"760\" height=\"427\" alt=\"'Espejo p\u00fablico'\" data-voc-vtm-id=\"in-text-traffic\"\/><\/p>\n<p>&#8216;Espejo p\u00fablico&#8217;<\/p>\n<p>ANTENA 3<\/p>\n<p class=\"voc-p\" style=\"\">La posible subida de las cuotas de los trabajadores por cuenta propia les resta competitividad respecto al resto de empresas, ha reclamado Juan Carlos: \u00ab\u00bfC\u00f3mo puede competir un aut\u00f3nomo, con toda su ilusi\u00f3n y su riesgo, con <strong>Zara <\/strong>si tienes una tienda de ropa? \u00bfO con un <strong>Mercadona <\/strong>si tienes una fruter\u00eda? No puedes\u00bb.<\/p>\n<p>\nJuan Carlos denuncia la falta de representaci\u00f3n de los aut\u00f3nomos: \u00abEstamos silenciados\u00bb\n<\/p>\n<p class=\"voc-p\" style=\"\">Susanna Griso se hizo eco de la \u00faltima previsi\u00f3n del FMI para Espa\u00f1a, que ha <a href=\"https:\/\/www.abc.es\/economia\/fmi-mejora-prevision-crecimiento-espana-2025-2026-20251014150932-nt.html\" title=\"www.abc.es\" data-voc-vtm-id=\"in-text-traffic\" data-mrf-link=\"www.abc.es\" rel=\"nofollow noopener\" target=\"_blank\">disparado el crecimiento econ\u00f3mico al 2,9%<\/a>. Unos datos sobre los que ha presumido el Gobierno. En este sentido, el aut\u00f3nomo ha criticado la desconexi\u00f3n que existe entre el Ejecutivo central y la realidad econ\u00f3mica de la sociedad: \u00abNo s\u00e9 en qu\u00e9 mundo aislado vive esta gente, pero <strong>no es la realidad de la gente de a pie<\/strong>\u00bb.<\/p>\n<p class=\"voc-p\" style=\"\">Y es que, tal y como ha manifestado, la vida es peor que hace cinco a\u00f1os: \u00abYo lo noto cuando voy a hacer la compra, cuando salgo a tomar algo&#8230; <strong>Llenar el carro cuesta el doble<\/strong>\u00bb, ha denunciado Juan Carlos.<\/p>\n<p class=\"voc-title\">\u00abA los aut\u00f3nomos se nos maltrata porque no decidimos elecciones. Estamos silenciaditos\u00bb<\/p>\n<p class=\"voc-article-position__name\">Juan Carlos Ruano<\/p>\n<p class=\"voc-article-position__employ\">Empresario y aut\u00f3nomo<\/p>\n<p class=\"voc-p\" style=\"\">El aut\u00f3nomo ha comparado su situaci\u00f3n con la de los <strong>funcionarios<\/strong>, que precisamente han amenazado con ir a huelga en diciembre para exigir una subida salarial. \u00abMe gustar\u00eda vivir tan bien como ellos, con esa seguridad y esa facilidad a la hora de ir a por una hipoteca&#8230; Hay claramente <strong>ciudadanos de primera y de segunda<\/strong>\u00bb, ha dicho.<\/p>\n<p class=\"voc-p\" style=\"\">En este sentido, Juan Carlos ha denunciado la realidad que, seg\u00fan \u00e9l, viven los trabajadores por cuenta propia en Espa\u00f1a: \u00abA los aut\u00f3nomos <strong>se nos maltrata <\/strong>porque no decidimos elecciones\u00bb. \u00abEs la cruda realidad, pero estamos ah\u00ed <strong>silenciaditos<\/strong>. Es mejor tener contentos a 9-10 millones de pensionistas que a 3 millones de autonomos y bajando\u00bb.<\/p>\n<p class=\"voc-p\" style=\"\">Adem\u00e1s, el empresario ha criticado que las \u00faltimas subidas de cuotas de aut\u00f3nomos se hayan pactado con asociaciones que, en su opini\u00f3n, \u00abno representan a nadie\u00bb. \u00ab<strong>Yo no me siento representado por la ATA -Asociaci\u00f3n de Trabajadores Aut\u00f3nomos- ni por nadie<\/strong>\u00bb, ha asegurado, sino por \u00abla gente de a pie, que est\u00e1 asfixiada\u00bb.<\/p>\n<p class=\"voc-p\" style=\"\">\u00abTenemos un esfuerzo fiscal de los m\u00e1s altos del mundo. Lo que no podemos tener es<strong> un sistema fiscal de pa\u00eds rico y sueldos de pa\u00eds pobre<\/strong>\u00bb, ha denunciado el empresario espa\u00f1ol.<\/p>\n","protected":false},"excerpt":{"rendered":"La nueva propuesta de cotizaciones, que afectar\u00eda a los m\u00e1s de tres millones de trabajadores por cuenta propia&hellip;\n","protected":false},"author":2,"featured_media":181019,"comment_status":"","ping_status":"","sticky":false,"template":"","format":"standard","meta":{"footnotes":""},"categories":[8],"tags":[1575,45946,17,18,35793,25,24,1557,13,14,11,19,20,22071,9,10,15,16,20469,23,12083,7725,12,21,22,16365],"class_list":{"0":"post-181018","1":"post","2":"type-post","3":"status-publish","4":"format-standard","5":"has-post-thumbnail","7":"category-espana","8":"tag-ante","9":"tag-autonomo","10":"tag-breaking-news","11":"tag-breakingnews","12":"tag-cotizacion","13":"tag-es","14":"tag-espana","15":"tag-euros","16":"tag-featured-news","17":"tag-featurednews","18":"tag-headlines","19":"tag-latest-news","20":"tag-latestnews","21":"tag-limite","22":"tag-news","23":"tag-noticias","24":"tag-noticias-destacadas","25":"tag-noticiasdestacadas","26":"tag-roto","27":"tag-spain","28":"tag-subida","29":"tag-tajante","30":"tag-titulares","31":"tag-ultimas-noticias","32":"tag-ultimasnoticias","33":"tag-vas"},"share_on_mastodon":{"url":"","error":""},"_links":{"self":[{"href":"https:\/\/www.europesays.com\/es\/wp-json\/wp\/v2\/posts\/181018","targetHints":{"allow":["GET"]}}],"collection":[{"href":"https:\/\/www.europesays.com\/es\/wp-json\/wp\/v2\/posts"}],"about":[{"href":"https:\/\/www.europesays.com\/es\/wp-json\/wp\/v2\/types\/post"}],"author":[{"embeddable":true,"href":"https:\/\/www.europesays.com\/es\/wp-json\/wp\/v2\/users\/2"}],"replies":[{"embeddable":true,"href":"https:\/\/www.europesays.com\/es\/wp-json\/wp\/v2\/comments?post=181018"}],"version-history":[{"count":0,"href":"https:\/\/www.europesays.com\/es\/wp-json\/wp\/v2\/posts\/181018\/revisions"}],"wp:featuredmedia":[{"embeddable":true,"href":"https:\/\/www.europesays.com\/es\/wp-json\/wp\/v2\/media\/181019"}],"wp:attachment":[{"href":"https:\/\/www.europesays.com\/es\/wp-json\/wp\/v2\/media?parent=181018"}],"wp:term":[{"taxonomy":"category","embeddable":true,"href":"https:\/\/www.europesays.com\/es\/wp-json\/wp\/v2\/categories?post=181018"},{"taxonomy":"post_tag","embeddable":true,"href":"https:\/\/www.europesays.com\/es\/wp-json\/wp\/v2\/tags?post=181018"}],"curies":[{"name":"wp","href":"https:\/\/api.w.org\/{rel}","templated":true}]}}