{"id":181022,"date":"2025-10-16T16:56:08","date_gmt":"2025-10-16T16:56:08","guid":{"rendered":"https:\/\/www.europesays.com\/es\/181022\/"},"modified":"2025-10-16T16:56:08","modified_gmt":"2025-10-16T16:56:08","slug":"oriol-castellarnau-hace-autocritica-no-se-nos-pueden-escapar-partidos-que-vamos-ganando-de-cinco-goles","status":"publish","type":"post","link":"https:\/\/www.europesays.com\/es\/181022\/","title":{"rendered":"Oriol Castellarnau hace autocr\u00edtica: \u201cNo se nos pueden escapar partidos que vamos ganando de cinco goles\u201d"},"content":{"rendered":"<p class=\"prip\"><strong>El Balonmano Soria<\/strong> afronta una complicada salida este s\u00e1bado a partir de las 19:30h. <strong>en la pista de Cajasol Sevilla.<\/strong> Tras competir hasta el \u00faltimo minuto el pasado fin de semana ante OAR Coru\u00f1a, los amarillos buscan una victoria que reafirme las buenas sensaciones y que les permita escapar de la zona baja de la clasificaci\u00f3n.<\/p>\n<p>En ese sentido, el entrenador,<strong> Oriol Castellarnau<\/strong>, ha hecho autocr\u00edtica, haciendo hincapi\u00e9 en que \u201c<strong>no se nos pueden escapar partidos que vamos ganando de cinco-seis goles, ya que en esta categor\u00eda es muy dif\u00edcil coger ventajas\u201d.<\/strong> A pesar de ello, el t\u00e9cnico catal\u00e1n se ha mostrado satisfecho con su equipo, poniendo en valor las cosas positivas de este arranque de competici\u00f3n y trabajando para intentar mejorar la rotaci\u00f3n: <strong>\u201cLos que entran del banquillo tienen que estar seguros de ellos mismos\u201d.<\/strong><\/p>\n<p>Con todo ello, el joven preparador ha reconocido que<strong> es fundamental \u201cempezar a sumar, aunque es cierto que hay margen\u201d.<\/strong> Destacando que esta categor\u00eda es muy igualada, ha se\u00f1alado que, si son capaces de ganar dos partidos seguidos, \u201csubiremos varios puestos en la tabla\u201d.<\/p>\n<p>Ambici\u00f3n de cara al fin de semana<\/p>\n<p>A la hora de analizar el choque de este s\u00e1bado, Castellarnau ha dejado claro que Cajasol Sevilla es un rival potente al igual que lo fueron Benidorm o Coru\u00f1a: \u201cHemos competido con todos ellos y soy muy positivo porque llegamos muy bien\u201d. Sobre los andaluces, <strong>ha resaltado su juego r\u00e1pido, la calidad individual de jugadores como Montoro o el lanzamiento exterior que tienen.<\/strong><\/p>\n<p>Para plantarles cara y aspirar a los dos puntos, el BM Soria <strong>tendr\u00e1 disponible a toda su plantilla<\/strong> despu\u00e9s de recuperar en las \u00faltimas semanas a los jugadores tocados.<\/p>\n<p>Por \u00faltimo, antes de terminar su intervenci\u00f3n, el entrenador ha valorado el <a href=\"https:\/\/sorianoticias.com\/noticia\/2025-10-14-el-bm-soria-se-estrenara-en-la-copa-del-rey-ante-anaitasuna-125747\" target=\"_blank\" rel=\"noopener  noreferrer nofollow\" title=\"Ir a: https:\/\/sorianoticias.com\/noticia\/2025-10-14-el-bm-soria-se-estrenara-en-la-copa-del-rey-ante-anaitasuna-125747\"><strong>enfrentamiento copero que les medir\u00e1 a<\/strong> <strong>Anaitasuna<\/strong>:<\/a> \u201cNos conocemos muy bien de pretemporada. <strong>Es un muy buen equipo que est\u00e1 dirigido por el mejor entrenador de Plata\u201d.<\/strong><\/p>\n<p>Un vestuario, convencido de lo que hace<\/p>\n<p>Una de las voces autorizadas del equipo ha salido a rueda de prensa para analizar la situaci\u00f3n del conjunto soriano. Tras superar sus problemas f\u00edsicos de principio de temporada, <strong>Rub\u00e9n Etayo<\/strong> ya es uno mas de una plantilla que tiene claro que tiene que controlar las ventajas: <strong>\u201cNo podemos tener esos momentos de desconexi\u00f3n.<\/strong> A pesar de ellos, creo que estamos en el buen camino y que los puntos no van a tardar en llegar\u201d.<\/p>\n<p>Mandando un mensaje de tranquilidad y de responsabilidad, basado en el nivel competitivo que est\u00e1 mostrando el combinado amarillo, ha incidido en que<strong> es necesario \u201cempezar a sumar\u201d<\/strong> en una categor\u00eda en la que todav\u00eda est\u00e1n todas las escuadras en muy pocos puntos.<\/p>\n<p>Sobre su estado f\u00edsico, se ha mostrado contento por poder volver a ayudar en pista: <strong>\u201cSiempre cuesta coger el ritmo y todav\u00eda tengo molestias, pero estoy aguantando bien\u201d.<\/strong><\/p>\n","protected":false},"excerpt":{"rendered":"El Balonmano Soria afronta una complicada salida este s\u00e1bado a partir de las 19:30h. en la pista de&hellip;\n","protected":false},"author":2,"featured_media":181023,"comment_status":"","ping_status":"","sticky":false,"template":"","format":"standard","meta":{"footnotes":""},"categories":[278],"tags":[376,168,25,24,375,246,23,167],"class_list":{"0":"post-181022","1":"post","2":"type-post","3":"status-publish","4":"format-standard","5":"has-post-thumbnail","7":"category-balonmano","8":"tag-balonmano","9":"tag-deportes","10":"tag-es","11":"tag-espana","12":"tag-handball","13":"tag-soria","14":"tag-spain","15":"tag-sports"},"share_on_mastodon":{"url":"","error":""},"_links":{"self":[{"href":"https:\/\/www.europesays.com\/es\/wp-json\/wp\/v2\/posts\/181022","targetHints":{"allow":["GET"]}}],"collection":[{"href":"https:\/\/www.europesays.com\/es\/wp-json\/wp\/v2\/posts"}],"about":[{"href":"https:\/\/www.europesays.com\/es\/wp-json\/wp\/v2\/types\/post"}],"author":[{"embeddable":true,"href":"https:\/\/www.europesays.com\/es\/wp-json\/wp\/v2\/users\/2"}],"replies":[{"embeddable":true,"href":"https:\/\/www.europesays.com\/es\/wp-json\/wp\/v2\/comments?post=181022"}],"version-history":[{"count":0,"href":"https:\/\/www.europesays.com\/es\/wp-json\/wp\/v2\/posts\/181022\/revisions"}],"wp:featuredmedia":[{"embeddable":true,"href":"https:\/\/www.europesays.com\/es\/wp-json\/wp\/v2\/media\/181023"}],"wp:attachment":[{"href":"https:\/\/www.europesays.com\/es\/wp-json\/wp\/v2\/media?parent=181022"}],"wp:term":[{"taxonomy":"category","embeddable":true,"href":"https:\/\/www.europesays.com\/es\/wp-json\/wp\/v2\/categories?post=181022"},{"taxonomy":"post_tag","embeddable":true,"href":"https:\/\/www.europesays.com\/es\/wp-json\/wp\/v2\/tags?post=181022"}],"curies":[{"name":"wp","href":"https:\/\/api.w.org\/{rel}","templated":true}]}}