{"id":181050,"date":"2025-10-16T17:13:11","date_gmt":"2025-10-16T17:13:11","guid":{"rendered":"https:\/\/www.europesays.com\/es\/181050\/"},"modified":"2025-10-16T17:13:11","modified_gmt":"2025-10-16T17:13:11","slug":"kim-kardashian-detalla-su-matrimonio-toxico-con-kanye-west-y-afirma-que-el-regalaria-sus-lamborghinis-durante-un-episodio","status":"publish","type":"post","link":"https:\/\/www.europesays.com\/es\/181050\/","title":{"rendered":"Kim Kardashian detalla su matrimonio \u00abt\u00f3xico\u00bb con Kanye West y afirma que \u00e9l regalar\u00eda sus Lamborghinis durante un \u00abepisodio\u00bb"},"content":{"rendered":"<p><img alt=\"En la entrevista, la estrella\" class=\"global-image\" decoding=\"async\" fetchpriority=\"high\" height=\"2746\" loading=\"eager\" src=\"https:\/\/www.europesays.com\/es\/wp-content\/uploads\/2025\/10\/5W74AIJELZD75KRABRNXFYETSU.jpg\" width=\"4406\"\/>En la entrevista, la estrella televisiva revel\u00f3 que Kanye West lleg\u00f3 a regalar sus Lamborghinis durante un episodio de inestabilidad emocional. EFE\/EPA\/JASON SZENES\/Archivo<\/p>\n<p class=\"paragraph\">En el episodio del <b>15 de octubre<\/b> del podcast Call Her Daddy con Alex Cooper, <b>Kim Kardashian<\/b> abri\u00f3 un espacio para hablar con franqueza sobre su relaci\u00f3n con <b>Kanye West<\/b>. Durante esta conversaci\u00f3n, la empresaria de 44 a\u00f1os describi\u00f3 su matrimonio como \u201ct\u00f3xico\u201d y relat\u00f3 episodios de incertidumbre emocional y financiera que terminaron por consumirla. <\/p>\n<p class=\"paragraph\">Aunque su relaci\u00f3n estuvo marcada por \u00e9xitos p\u00fablicos y una extensa vida en com\u00fan, Kardashian admiti\u00f3 que mantener el v\u00ednculo fue cada vez m\u00e1s dif\u00edcil ante la inestabilidad constante. \u201cNo sab\u00eda qu\u00e9 me iba a pasar al despertar\u201d, coment\u00f3 para ejemplificar el ambiente de tensi\u00f3n que viv\u00eda en casa. <\/p>\n<p class=\"paragraph\">Kardashian reconoci\u00f3 que una de sus principales debilidades es \u201crecordar lo bueno\u201d de sus relaciones pasadas. Agreg\u00f3 que, a pesar de su naturaleza perdonadora, tras el divorcio no ha tenido m\u00e1s relaciones tan <b>t\u00f3xicas<\/b> como aquella.<\/p>\n<p class=\"paragraph\">Ella tambi\u00e9n apunt\u00f3 a razones emocionales profundas para justificar por qu\u00e9 permaneci\u00f3 tanto tiempo: al presentarse el primer colapso mental de West, su instinto fue ofrecer apoyo. \u201cQuieres brindarle mucho apoyo y ayudarlo a resolverlo\u201d, coment\u00f3. Sin embargo, con el tiempo constat\u00f3 que <b>West no estaba dispuesto a hacer cambios<\/b> que ella consideraba esenciales. <\/p>\n<p><img alt=\"La figura de reality asegur\u00f3\" class=\"global-image\" decoding=\"async\" fetchpriority=\"low\" height=\"1080\" loading=\"lazy\" src=\"https:\/\/www.europesays.com\/es\/wp-content\/uploads\/2025\/10\/YPHAYJQF2NB57DY6RXSSCTX45Q.jpg\" width=\"1920\"\/>La figura de reality asegur\u00f3 que su exesposo no estaba dispuesto a realizar cambios saludables para mejorar su relaci\u00f3n matrimonial (Cr\u00e9ditos: HBO Max)<\/p>\n<p class=\"paragraph\">Otro factor que marc\u00f3 su decisi\u00f3n fue su rol como madre de sus cuatro hijos: North, Saint, Chicago y Psalm. Kardashian afirm\u00f3 que en un punto, su <b>salud mental empez\u00f3 a verse afectada<\/b> y eso limit\u00f3 su capacidad para criar y estar presente para ellos. Por eso decidi\u00f3 retirarse primero por su propio bienestar y luego pensar en la estabilidad familiar. <\/p>\n<p class=\"paragraph\">Uno de los momentos m\u00e1s impactantes relatados fue cuando ella aseguraba que su esposo regalaba los autos de lujo que compart\u00edan, durante episodios de conducta impredecible. \u201cLlegaba a casa y ten\u00edamos como cinco Lamborghinis, y si \u00e9l sal\u00eda en un episodio, ya no estaban\u201d, cont\u00f3 Kardashian, quien afirm\u00f3 que pensaba: \u201c\u00bfD\u00f3nde est\u00e1n todos nuestros coches? \u00bfMi coche nuevo?\u201d. <\/p>\n<p class=\"paragraph\">Kanye West hizo p\u00fablico su diagn\u00f3stico de <b>trastorno bipolar<\/b> en 2018, tras una hospitalizaci\u00f3n por una emergencia psiqui\u00e1trica ocurrida en noviembre de 2016 y la cancelaci\u00f3n de su gira Saint Pablo. <\/p>\n<p><img alt=\"Kardashian confirm\u00f3 que la co-parentalidad\" class=\"global-image\" decoding=\"async\" fetchpriority=\"low\" height=\"2435\" loading=\"lazy\" src=\"https:\/\/www.europesays.com\/es\/wp-content\/uploads\/2025\/10\/LBG7SS2YYBFPDPQH6FQKGZWI64.jpg\" width=\"1920\"\/>Kardashian confirm\u00f3 que la co-parentalidad con West ha sido complicada, afirmando que sus hijos viven con ella la mayor parte del tiempo<\/p>\n<p class=\"paragraph\">Durante los a\u00f1os siguientes, diversas fuentes han se\u00f1alado que el rapero experiment\u00f3 episodios man\u00edacos y depresivos atribuibles a su condici\u00f3n. <\/p>\n<p class=\"paragraph\">Kardashian relat\u00f3 en la entrevista que cuando West cruzaba esos episodios, hablaba en p\u00fablico sobre su madre (Kris Jenner) y sus hermanas, lo que generaba fricciones personales. Para ella, ese tipo de ataques increment\u00f3 la tensi\u00f3n y constituy\u00f3 un punto de ruptura en la relaci\u00f3n. <\/p>\n<p class=\"paragraph\">Tras su divorcio, Kim asumi\u00f3 la custodia principal y afirm\u00f3 que <b>sus hijos viven con ella a tiempo completo<\/b>, pero asegur\u00f3 que no ha impedido el contacto con West. Explic\u00f3 que siempre que \u00e9l lo solicita, ella facilita encuentros e incluso viajes internacionales para que \u00e9l pueda verlos. <\/p>\n<p class=\"paragraph\">Sin embargo, a\u00f1adi\u00f3 que \u201chan pasado meses\u201d sin que \u00e9l se comunique con los ni\u00f1os. Kardashian sostuvo que no quiere que su casa sea un campo de batalla medi\u00e1tico, por lo que toma decisiones de protecci\u00f3n cuando lo considera necesario. Tambi\u00e9n desminti\u00f3 acusaciones de que ella mantiene a West alejado de sus hijos: \u201cNunca lo he hecho\u201d, dijo. <\/p>\n<p class=\"paragraph\">En esta nueva etapa, Kardashian afirm\u00f3 que <b>no ha tenido citas tan dram\u00e1ticas ni relaciones igualmente t\u00f3xicas<\/b> luego de su separaci\u00f3n. Coment\u00f3 que con la edad ha aprendido a no tolerar comportamientos destructivos: \u201cNo tiene tiempo\u201d, expres\u00f3 sobre su poca paciencia ante ciertas conductas. <\/p>\n<p><img alt=\"La magnate promociona el estreno\" class=\"global-image\" decoding=\"async\" fetchpriority=\"low\" height=\"1200\" loading=\"lazy\" src=\"https:\/\/www.europesays.com\/es\/wp-content\/uploads\/2025\/10\/VO2TS3VDAZHLFMTXH74AE3BMPM.jpg\" width=\"1920\"\/>La magnate promociona el estreno de la s\u00e9ptima temporada de The Kardashians y su nueva serie All\u2019s Fair mientras reconstruye su vida personal tras el divorcio (Foto Instagram)<\/p>\n<p class=\"paragraph\">Adem\u00e1s, revel\u00f3 que su hija mayor, North, le ha sugerido que encuentre de nuevo el amor: \u201cNecesitas tener novio ya\u2026 Te est\u00e1s haciendo demasiado mayor\u201d. A esto ella respondi\u00f3 con sorpresa, pero admiti\u00f3 que lo escucha. <\/p>\n<p class=\"paragraph\">En el \u00e1mbito profesional, Kim tiene varios proyectos pr\u00f3ximos: el 23 de octubre se estrena la temporada 7 de The Kardashians en Hulu, y el 4 de noviembre debuta la nueva serie de drama legal All\u2019s Fair, en la que estar\u00e1 involucrada junto a nombres como Naomi Watts y Glenn Close. <\/p>\n<p class=\"paragraph\">Tambi\u00e9n, en un avance de la temporada, se revelan momentos oscuros como una llamada de investigadores y una impactante declaraci\u00f3n: alguien intent\u00f3 asesinarla. <\/p>\n<p class=\"paragraph\">Aunque la entrevista est\u00e1 cargada de revelaciones duras, Kardashian dej\u00f3 claro que <b>no considera su matrimonio un fracaso<\/b>. Dijo que m\u00e1s de una d\u00e9cada junto a West y la existencia de sus cuatro hijos son testimonios v\u00e1lidos de que aquello fue significativo. <\/p>\n","protected":false},"excerpt":{"rendered":"En la entrevista, la estrella televisiva revel\u00f3 que Kanye West lleg\u00f3 a regalar sus Lamborghinis durante un episodio&hellip;\n","protected":false},"author":2,"featured_media":181051,"comment_status":"","ping_status":"","sticky":false,"template":"","format":"standard","meta":{"footnotes":""},"categories":[91],"tags":[505,146,147,25,24,23],"class_list":{"0":"post-181050","1":"post","2":"type-post","3":"status-publish","4":"format-standard","5":"has-post-thumbnail","7":"category-entretenimiento","8":"tag-artistas","9":"tag-entertainment","10":"tag-entretenimiento","11":"tag-es","12":"tag-espana","13":"tag-spain"},"share_on_mastodon":{"url":"","error":""},"_links":{"self":[{"href":"https:\/\/www.europesays.com\/es\/wp-json\/wp\/v2\/posts\/181050","targetHints":{"allow":["GET"]}}],"collection":[{"href":"https:\/\/www.europesays.com\/es\/wp-json\/wp\/v2\/posts"}],"about":[{"href":"https:\/\/www.europesays.com\/es\/wp-json\/wp\/v2\/types\/post"}],"author":[{"embeddable":true,"href":"https:\/\/www.europesays.com\/es\/wp-json\/wp\/v2\/users\/2"}],"replies":[{"embeddable":true,"href":"https:\/\/www.europesays.com\/es\/wp-json\/wp\/v2\/comments?post=181050"}],"version-history":[{"count":0,"href":"https:\/\/www.europesays.com\/es\/wp-json\/wp\/v2\/posts\/181050\/revisions"}],"wp:featuredmedia":[{"embeddable":true,"href":"https:\/\/www.europesays.com\/es\/wp-json\/wp\/v2\/media\/181051"}],"wp:attachment":[{"href":"https:\/\/www.europesays.com\/es\/wp-json\/wp\/v2\/media?parent=181050"}],"wp:term":[{"taxonomy":"category","embeddable":true,"href":"https:\/\/www.europesays.com\/es\/wp-json\/wp\/v2\/categories?post=181050"},{"taxonomy":"post_tag","embeddable":true,"href":"https:\/\/www.europesays.com\/es\/wp-json\/wp\/v2\/tags?post=181050"}],"curies":[{"name":"wp","href":"https:\/\/api.w.org\/{rel}","templated":true}]}}