{"id":181062,"date":"2025-10-16T17:20:12","date_gmt":"2025-10-16T17:20:12","guid":{"rendered":"https:\/\/www.europesays.com\/es\/181062\/"},"modified":"2025-10-16T17:20:12","modified_gmt":"2025-10-16T17:20:12","slug":"el-rebi-cuenca-firma-a-pedro-matos-para-reforzar-su-defensa","status":"publish","type":"post","link":"https:\/\/www.europesays.com\/es\/181062\/","title":{"rendered":"El REBI Cuenca firma a Pedro Matos para reforzar su defensa"},"content":{"rendered":"<p>        <a href=\"https:\/\/eldeporteconquense.com\/wp-content\/uploads\/2025\/10\/ded.png\" data-caption=\"Montaje: EDC\" data-wpel-link=\"internal\" rel=\"nofollow noopener\" target=\"_blank\"><img loading=\"lazy\" decoding=\"async\" width=\"640\" height=\"427\" class=\"entry-thumb td-modal-image\" src=\"https:\/\/www.europesays.com\/es\/wp-content\/uploads\/2025\/10\/ded-640x427.png\"   alt=\"\" title=\"Pedro Matos\"\/><\/a>Montaje: EDC<br \/>\n        <a href=\"https:\/\/www.dipucuenca.es\/albergue-de-animales\" target=\"_blank\" data-wpel-link=\"external\" rel=\"external noopener noreferrer nofollow\"><img decoding=\"async\" src=\"https:\/\/www.europesays.com\/es\/wp-content\/uploads\/2025\/09\/banner_1000x100_DIP_ADOPTA.gif\"\/><\/a><\/p>\n<p>El REBI Cuenca, asolado por las bajas y en busca de reforzar su plantilla, ha encontrado a Pedro Matos para poder fortalecer su 6:0.<\/p>\n<p>Un jugador de 22 a\u00f1os, 1,92 metros de altura y 90 kilos. Procede del Club C\u00f3rdoba de Balonmano, equipo desde el que lleg\u00f3 este pasado verano Sergio Ant\u00fanez y que milita en Primera Nacional. <\/p>\n<p><a href=\"https:\/\/www.forocuenca.com\/\" target=\"_blank\" data-wpel-link=\"external\" rel=\"external noopener noreferrer nofollow\"><img decoding=\"async\" src=\"https:\/\/eldeporteconquense.com\/wp-content\/uploads\/2021\/12\/650x130_EDC_INGLES_INVIERNO2021.gif\"\/><\/a><\/p>\n<p>Matos es especialista defensivo, de nacionalidad hispano-dominicano y tambi\u00e9n puede ayudar en la zona de pivote en ataque, aunque no es especialista en ello, s\u00ed puede ayudar en primeras y segundas oleadas.<\/p>\n<p>Ha firmado de aqu\u00ed hasta final de temporada con los conquenses y ya entrena con el primer equipo, por lo que podr\u00e1 jugar el s\u00e1bado en casa del Abanca Ademar Le\u00f3n.<\/p>\n<p>Comentarios<a href=\"http:\/\/sidrerialafigal.es\/\" target=\"_blank\" data-wpel-link=\"external\" rel=\"external noopener noreferrer nofollow\"><img decoding=\"async\" src=\"https:\/\/www.europesays.com\/es\/wp-content\/uploads\/2025\/09\/BANNER_CINTILLO_LAFIGAL_FABADA.gif\"\/><\/a><\/p>\n","protected":false},"excerpt":{"rendered":"Montaje: EDC El REBI Cuenca, asolado por las bajas y en busca de reforzar su plantilla, ha encontrado&hellip;\n","protected":false},"author":2,"featured_media":181063,"comment_status":"","ping_status":"","sticky":false,"template":"","format":"standard","meta":{"footnotes":""},"categories":[278],"tags":[376,168,25,24,375,23,167],"class_list":{"0":"post-181062","1":"post","2":"type-post","3":"status-publish","4":"format-standard","5":"has-post-thumbnail","7":"category-balonmano","8":"tag-balonmano","9":"tag-deportes","10":"tag-es","11":"tag-espana","12":"tag-handball","13":"tag-spain","14":"tag-sports"},"share_on_mastodon":{"url":"","error":""},"_links":{"self":[{"href":"https:\/\/www.europesays.com\/es\/wp-json\/wp\/v2\/posts\/181062","targetHints":{"allow":["GET"]}}],"collection":[{"href":"https:\/\/www.europesays.com\/es\/wp-json\/wp\/v2\/posts"}],"about":[{"href":"https:\/\/www.europesays.com\/es\/wp-json\/wp\/v2\/types\/post"}],"author":[{"embeddable":true,"href":"https:\/\/www.europesays.com\/es\/wp-json\/wp\/v2\/users\/2"}],"replies":[{"embeddable":true,"href":"https:\/\/www.europesays.com\/es\/wp-json\/wp\/v2\/comments?post=181062"}],"version-history":[{"count":0,"href":"https:\/\/www.europesays.com\/es\/wp-json\/wp\/v2\/posts\/181062\/revisions"}],"wp:featuredmedia":[{"embeddable":true,"href":"https:\/\/www.europesays.com\/es\/wp-json\/wp\/v2\/media\/181063"}],"wp:attachment":[{"href":"https:\/\/www.europesays.com\/es\/wp-json\/wp\/v2\/media?parent=181062"}],"wp:term":[{"taxonomy":"category","embeddable":true,"href":"https:\/\/www.europesays.com\/es\/wp-json\/wp\/v2\/categories?post=181062"},{"taxonomy":"post_tag","embeddable":true,"href":"https:\/\/www.europesays.com\/es\/wp-json\/wp\/v2\/tags?post=181062"}],"curies":[{"name":"wp","href":"https:\/\/api.w.org\/{rel}","templated":true}]}}