{"id":181066,"date":"2025-10-16T17:25:08","date_gmt":"2025-10-16T17:25:08","guid":{"rendered":"https:\/\/www.europesays.com\/es\/181066\/"},"modified":"2025-10-16T17:25:08","modified_gmt":"2025-10-16T17:25:08","slug":"carlos-alcaraz-cuenta-lo-que-le-suele-pasar-cuando-va-a-un-restaurante-y-pide-la-cuenta","status":"publish","type":"post","link":"https:\/\/www.europesays.com\/es\/181066\/","title":{"rendered":"Carlos Alcaraz cuenta lo que le suele pasar cuando va a un restaurante y pide la cuenta"},"content":{"rendered":"<p>En el verano de 2025\u00a0la XIX Encuesta Adecco Qu\u00e9 quieres ser de mayor,\u00a0realizada\u00a0a m\u00e1s de 1.900 menores de entre 4 y 16 a\u00f1os entre el 1 de mayo y el 1 de julio de 2025, dice que la cantante Aitana y <a href=\"https:\/\/www.huffingtonpost.es\/virales\/el-primer-gesto-tuvo-carlos-alcaraz-ganar-tokio-cobra-todavia-mas-sentido-ultima-foto.html\" rel=\"nofollow noopener\" target=\"_blank\">el tenista Carlos Alcaraz<\/a> <b>son\u00a0los jefes so\u00f1ados por las ni\u00f1as y ni\u00f1os murcianos.\u00a0<\/b><\/p>\n<p>En esta misma encuesta se desprende que el tenista murciano,\u00a0<a href=\"https:\/\/www.huffingtonpost.es\/virales\/oskar-matute-lleva-set-partido-reaccion-palabras-garamendi-alcaraz.html\" rel=\"nofollow noopener\" target=\"_blank\">actual n\u00famero uno del ranking ATP,<\/a> bicampe\u00f3n del Campeonato de Wimbledon y vigente campe\u00f3n de Roland Garros y el Abierto de Estados Unidos, es la segunda opci\u00f3n\u00a0m\u00e1s elegida como jefe so\u00f1ado por los ni\u00f1os espa\u00f1oles, <b>con un 11,8%, s\u00f3lo superado por Lamine Yamal.\u00a0<\/b><\/p>\n<p>Este nivel de aceptaci\u00f3n hace de Alcaraz uno de los reclamos publicitarios m\u00e1s solicitados por las marcas. En la \u00faltima campa\u00f1a de El Pozo, el tenista ha resuelto algunas de las dudas mundanas que tienen sus seguidores sobre su d\u00eda a d\u00eda.\u00a0<\/p>\n<p>\u00ab\u00bfCu\u00e1ndo vas a un restaurante tienes que pagar o te vas sin pagar?\u00bb, le han preguntado en una mesa donde hab\u00eda productos de la marca murciana que lo patrocina.\u00a0<\/p>\n<p>\u00abNo, yo pago. <b>Hay algunos que me invitan, pero lo normal y lo l\u00f3gico es pagar<\/b>. Buena curiosidad\u00bb, ha espetado el exitoso deportista espa\u00f1ol, ganador de seis torneos de Grand Slam a sus 22 a\u00f1os.\u00a0<\/p>\n<p>Pol\u00e9mica por Garamendi<\/p>\n<p>El nombre de Carlos Alcaraz fue noticia hace unos d\u00edas sin que \u00e9l hiciese nada despu\u00e9s de que Antonio Garamendi, presidente de la patronal CEOE, hablase de \u00e9l para criticar la reducci\u00f3n de la jornada laboral de 40 horas semanales a 37,5 como quer\u00eda el ministerio de Trabajo de Yolanda D\u00edaz, m\u00e1xima dirigente de Sumar.\u00a0<\/p>\n<p>\u00ab\u00bfT\u00fa crees que Carlitos [Alcaraz] trabaja 37 horas y media a la semana? No. Es la cultura del esfuerzo, de sufrir, de saber que pierdes, que ganas&#8230;\u00bb, dijo el presidente de la patronal sobre el tenista.\u00a0<\/p>\n","protected":false},"excerpt":{"rendered":"En el verano de 2025\u00a0la XIX Encuesta Adecco Qu\u00e9 quieres ser de mayor,\u00a0realizada\u00a0a m\u00e1s de 1.900 menores de&hellip;\n","protected":false},"author":2,"featured_media":181067,"comment_status":"","ping_status":"","sticky":false,"template":"","format":"standard","meta":{"footnotes":""},"categories":[274],"tags":[545,168,25,24,6799,23,167,327,326],"class_list":{"0":"post-181066","1":"post","2":"type-post","3":"status-publish","4":"format-standard","5":"has-post-thumbnail","7":"category-tenis","8":"tag-carlos-alcaraz","9":"tag-deportes","10":"tag-es","11":"tag-espana","12":"tag-hosteleria","13":"tag-spain","14":"tag-sports","15":"tag-tenis","16":"tag-tennis"},"share_on_mastodon":{"url":"","error":""},"_links":{"self":[{"href":"https:\/\/www.europesays.com\/es\/wp-json\/wp\/v2\/posts\/181066","targetHints":{"allow":["GET"]}}],"collection":[{"href":"https:\/\/www.europesays.com\/es\/wp-json\/wp\/v2\/posts"}],"about":[{"href":"https:\/\/www.europesays.com\/es\/wp-json\/wp\/v2\/types\/post"}],"author":[{"embeddable":true,"href":"https:\/\/www.europesays.com\/es\/wp-json\/wp\/v2\/users\/2"}],"replies":[{"embeddable":true,"href":"https:\/\/www.europesays.com\/es\/wp-json\/wp\/v2\/comments?post=181066"}],"version-history":[{"count":0,"href":"https:\/\/www.europesays.com\/es\/wp-json\/wp\/v2\/posts\/181066\/revisions"}],"wp:featuredmedia":[{"embeddable":true,"href":"https:\/\/www.europesays.com\/es\/wp-json\/wp\/v2\/media\/181067"}],"wp:attachment":[{"href":"https:\/\/www.europesays.com\/es\/wp-json\/wp\/v2\/media?parent=181066"}],"wp:term":[{"taxonomy":"category","embeddable":true,"href":"https:\/\/www.europesays.com\/es\/wp-json\/wp\/v2\/categories?post=181066"},{"taxonomy":"post_tag","embeddable":true,"href":"https:\/\/www.europesays.com\/es\/wp-json\/wp\/v2\/tags?post=181066"}],"curies":[{"name":"wp","href":"https:\/\/api.w.org\/{rel}","templated":true}]}}